{"id":2921,"date":"2026-08-10T19:58:36","date_gmt":"2026-08-10T18:58:36","guid":{"rendered":"https:\/\/nublo.tv\/?p=2921"},"modified":"2026-08-10T19:58:36","modified_gmt":"2026-08-10T18:58:36","slug":"la-ud-las-palmas-inicia-ante-su-aficion-la-semana-del-regreso-de-laliga","status":"publish","type":"post","link":"https:\/\/nublo.tv\/index.php\/2026\/08\/10\/la-ud-las-palmas-inicia-ante-su-aficion-la-semana-del-regreso-de-laliga\/","title":{"rendered":"La UD Las Palmas inicia ante su afici\u00f3n la semana del regreso de LALIGA"},"content":{"rendered":"<p><img decoding=\"async\" style=\"width: 100%\" src=\"https:\/\/statics-maker.llt-services.com\/lpa\/images\/2026\/08\/10\/large\/90353e18-af0e-45d5-9e06-cb1ba06224e8-766.jpeg\" \/><\/p>\r\n<div>\u00a0<\/div>\r\n\r\n\r\n<p class=\"wp-block-paragraph\">La UD Las Palmas complet\u00f3 este lunes su primera sesi\u00f3n de entrenamiento de la semana en el Estadio Gran Canaria, donde el equipo amarillo se ejercit\u00f3 a puertas abiertas ante el calor y el apoyo de su afici\u00f3n.<\/p>\r\n\r\n\r\n\r\n<p class=\"wp-block-paragraph\">Los seguidores amarillos se dieron cita en Tribuna para acompa\u00f1ar al conjunto dirigido por Rub\u00e9n de la Barrera en el inicio de una semana muy especial, marcada por el regreso de la competici\u00f3n oficial. La UD Las Palmas afrontar\u00e1 este fin de semana su primer partido de LALIGA de la temporada, ante el Albacete Balompi\u00e9.<\/p>\r\n\r\n\r\n\r\n<p class=\"wp-block-paragraph\">Durante la sesi\u00f3n, el cuerpo t\u00e9cnico program\u00f3 diferentes ejercicios destinados a continuar con la preparaci\u00f3n del equipo de cara al estreno liguero.<\/p>\r\n\r\n\r\n\r\n<p class=\"wp-block-paragraph\">Al t\u00e9rmino del entrenamiento, los jugadores se acercaron a la grada para agradecer el apoyo de los aficionados, que pusieron la primera nota de ambiente de LALIGA en el Estadio Gran Canaria.<\/p>\r\n\r\n\r\n\r\n<p class=\"wp-block-paragraph\"><\/p>\r\n\r\n\r\n\r\n<figure class=\"wp-block-image size-large\"><img loading=\"lazy\" decoding=\"async\" width=\"1024\" height=\"682\" src=\"https:\/\/nublo.tv\/wp-content\/uploads\/2026\/08\/image-12-1024x682.png\" alt=\"\" class=\"wp-image-2951\" srcset=\"https:\/\/nublo.tv\/wp-content\/uploads\/2026\/08\/image-12-1024x682.png 1024w, https:\/\/nublo.tv\/wp-content\/uploads\/2026\/08\/image-12-300x200.png 300w, https:\/\/nublo.tv\/wp-content\/uploads\/2026\/08\/image-12-768x512.png 768w, https:\/\/nublo.tv\/wp-content\/uploads\/2026\/08\/image-12-1536x1024.png 1536w, https:\/\/nublo.tv\/wp-content\/uploads\/2026\/08\/image-12.png 1700w\" sizes=\"auto, (max-width: 1024px) 100vw, 1024px\" \/><\/figure>\r\n\r\n\r\n\r\n<figure class=\"wp-block-image size-large\"><img loading=\"lazy\" decoding=\"async\" width=\"1024\" height=\"682\" src=\"https:\/\/nublo.tv\/wp-content\/uploads\/2026\/08\/image-13-1024x682.png\" alt=\"\" class=\"wp-image-2952\" srcset=\"https:\/\/nublo.tv\/wp-content\/uploads\/2026\/08\/image-13-1024x682.png 1024w, https:\/\/nublo.tv\/wp-content\/uploads\/2026\/08\/image-13-300x200.png 300w, https:\/\/nublo.tv\/wp-content\/uploads\/2026\/08\/image-13-768x511.png 768w, https:\/\/nublo.tv\/wp-content\/uploads\/2026\/08\/image-13-1536x1023.png 1536w, https:\/\/nublo.tv\/wp-content\/uploads\/2026\/08\/image-13.png 1700w\" sizes=\"auto, (max-width: 1024px) 100vw, 1024px\" \/><\/figure>\r\n\r\n\r\n\r\n<figure class=\"wp-block-image size-large\"><img loading=\"lazy\" decoding=\"async\" width=\"683\" height=\"1024\" src=\"https:\/\/nublo.tv\/wp-content\/uploads\/2026\/08\/image-14-683x1024.png\" alt=\"\" class=\"wp-image-2953\" srcset=\"https:\/\/nublo.tv\/wp-content\/uploads\/2026\/08\/image-14-683x1024.png 683w, https:\/\/nublo.tv\/wp-content\/uploads\/2026\/08\/image-14-200x300.png 200w, https:\/\/nublo.tv\/wp-content\/uploads\/2026\/08\/image-14-768x1151.png 768w, https:\/\/nublo.tv\/wp-content\/uploads\/2026\/08\/image-14-1025x1536.png 1025w, https:\/\/nublo.tv\/wp-content\/uploads\/2026\/08\/image-14.png 1334w\" sizes=\"auto, (max-width: 683px) 100vw, 683px\" \/><\/figure>\r\n\r\n\r\n\r\n<figure class=\"wp-block-image size-large\"><img loading=\"lazy\" decoding=\"async\" width=\"682\" height=\"1024\" src=\"https:\/\/nublo.tv\/wp-content\/uploads\/2026\/08\/image-15-682x1024.png\" alt=\"\" class=\"wp-image-2954\" srcset=\"https:\/\/nublo.tv\/wp-content\/uploads\/2026\/08\/image-15-682x1024.png 682w, https:\/\/nublo.tv\/wp-content\/uploads\/2026\/08\/image-15-200x300.png 200w, https:\/\/nublo.tv\/wp-content\/uploads\/2026\/08\/image-15-768x1152.png 768w, https:\/\/nublo.tv\/wp-content\/uploads\/2026\/08\/image-15-1024x1536.png 1024w, https:\/\/nublo.tv\/wp-content\/uploads\/2026\/08\/image-15.png 1333w\" sizes=\"auto, (max-width: 682px) 100vw, 682px\" \/><\/figure>\r\n\r\n\r\n\r\n<figure class=\"wp-block-image size-large\"><img loading=\"lazy\" decoding=\"async\" width=\"682\" height=\"1024\" src=\"https:\/\/nublo.tv\/wp-content\/uploads\/2026\/08\/image-16-682x1024.png\" alt=\"\" class=\"wp-image-2955\" srcset=\"https:\/\/nublo.tv\/wp-content\/uploads\/2026\/08\/image-16-682x1024.png 682w, https:\/\/nublo.tv\/wp-content\/uploads\/2026\/08\/image-16-200x300.png 200w, https:\/\/nublo.tv\/wp-content\/uploads\/2026\/08\/image-16-768x1152.png 768w, https:\/\/nublo.tv\/wp-content\/uploads\/2026\/08\/image-16-1024x1536.png 1024w, https:\/\/nublo.tv\/wp-content\/uploads\/2026\/08\/image-16.png 1333w\" sizes=\"auto, (max-width: 682px) 100vw, 682px\" \/><\/figure>\r\n\r\n\r\n\r\n<figure class=\"wp-block-image size-large\"><img loading=\"lazy\" decoding=\"async\" width=\"682\" height=\"1024\" src=\"https:\/\/nublo.tv\/wp-content\/uploads\/2026\/08\/image-17-682x1024.png\" alt=\"\" class=\"wp-image-2957\" srcset=\"https:\/\/nublo.tv\/wp-content\/uploads\/2026\/08\/image-17-682x1024.png 682w, https:\/\/nublo.tv\/wp-content\/uploads\/2026\/08\/image-17-200x300.png 200w, https:\/\/nublo.tv\/wp-content\/uploads\/2026\/08\/image-17-768x1152.png 768w, https:\/\/nublo.tv\/wp-content\/uploads\/2026\/08\/image-17-1024x1536.png 1024w, https:\/\/nublo.tv\/wp-content\/uploads\/2026\/08\/image-17.png 1333w\" sizes=\"auto, (max-width: 682px) 100vw, 682px\" \/><\/figure>\r\n","protected":false},"excerpt":{"rendered":"<p>Saber m\u00e1s acerca de La UD Las Palmas inicia ante su afici\u00f3n la semana del regreso de LALIGA &#8211; UD Las Palmas<\/p>\n","protected":false},"author":1,"featured_media":2922,"comment_status":"open","ping_status":"open","sticky":false,"template":"","format":"standard","meta":{"wpai_generated_summary":"","wpai_meta_description":"","footnotes":""},"categories":[122],"tags":[],"class_list":["post-2921","post","type-post","status-publish","format-standard","has-post-thumbnail","hentry","category-deportes"],"_links":{"self":[{"href":"https:\/\/nublo.tv\/index.php\/wp-json\/wp\/v2\/posts\/2921","targetHints":{"allow":["GET"]}}],"collection":[{"href":"https:\/\/nublo.tv\/index.php\/wp-json\/wp\/v2\/posts"}],"about":[{"href":"https:\/\/nublo.tv\/index.php\/wp-json\/wp\/v2\/types\/post"}],"author":[{"embeddable":true,"href":"https:\/\/nublo.tv\/index.php\/wp-json\/wp\/v2\/users\/1"}],"replies":[{"embeddable":true,"href":"https:\/\/nublo.tv\/index.php\/wp-json\/wp\/v2\/comments?post=2921"}],"version-history":[{"count":3,"href":"https:\/\/nublo.tv\/index.php\/wp-json\/wp\/v2\/posts\/2921\/revisions"}],"predecessor-version":[{"id":3034,"href":"https:\/\/nublo.tv\/index.php\/wp-json\/wp\/v2\/posts\/2921\/revisions\/3034"}],"wp:featuredmedia":[{"embeddable":true,"href":"https:\/\/nublo.tv\/index.php\/wp-json\/wp\/v2\/media\/2922"}],"wp:attachment":[{"href":"https:\/\/nublo.tv\/index.php\/wp-json\/wp\/v2\/media?parent=2921"}],"wp:term":[{"taxonomy":"category","embeddable":true,"href":"https:\/\/nublo.tv\/index.php\/wp-json\/wp\/v2\/categories?post=2921"},{"taxonomy":"post_tag","embeddable":true,"href":"https:\/\/nublo.tv\/index.php\/wp-json\/wp\/v2\/tags?post=2921"}],"curies":[{"name":"wp","href":"https:\/\/api.w.org\/{rel}","templated":true}]}}