{"id":2923,"date":"2026-08-10T19:18:50","date_gmt":"2026-08-10T18:18:50","guid":{"rendered":"https:\/\/nublo.tv\/?p=2923"},"modified":"2026-08-10T19:18:50","modified_gmt":"2026-08-10T18:18:50","slug":"la-fiflp-hace-publico-el-calendario-de-la-regional-preferente-para-la-temporada-2026-2027","status":"publish","type":"post","link":"https:\/\/nublo.tv\/index.php\/2026\/08\/10\/la-fiflp-hace-publico-el-calendario-de-la-regional-preferente-para-la-temporada-2026-2027\/","title":{"rendered":"La FIFLP hace p\u00fablico el calendario de la Regional Preferente para la temporada 2026\/2027"},"content":{"rendered":"<div><img decoding=\"async\" src=\"https:\/\/files.fiflp.com\/pnfg\/img\/web_responsive_2\/ESP\/logotipo.jpg\" style=\"width: 100%\" \/><\/p>\n<div>La competici\u00f3n regular arrancar\u00e1 el fin de semana del 30 de agosto de 2026 y concluir\u00e1 el 23 de mayo de 2027, definiendo los ascensos directos, el playoff y los cinco descensos de categor\u00eda &#8211; Federaci\u00f3n de F\u00fatbol de Las Palmas<\/div>\n<\/div>\n","protected":false},"excerpt":{"rendered":"<p>La competici\u00f3n regular arrancar\u00e1 el fin de semana del 30 de agosto de 2026 y concluir\u00e1 el 23 de mayo de 2027, definiendo los ascensos directos, el playoff y los&hellip;<\/p>\n","protected":false},"author":1,"featured_media":2924,"comment_status":"open","ping_status":"open","sticky":false,"template":"","format":"standard","meta":{"wpai_generated_summary":"","wpai_meta_description":"","footnotes":""},"categories":[122],"tags":[],"class_list":["post-2923","post","type-post","status-publish","format-standard","has-post-thumbnail","hentry","category-deportes"],"_links":{"self":[{"href":"https:\/\/nublo.tv\/index.php\/wp-json\/wp\/v2\/posts\/2923","targetHints":{"allow":["GET"]}}],"collection":[{"href":"https:\/\/nublo.tv\/index.php\/wp-json\/wp\/v2\/posts"}],"about":[{"href":"https:\/\/nublo.tv\/index.php\/wp-json\/wp\/v2\/types\/post"}],"author":[{"embeddable":true,"href":"https:\/\/nublo.tv\/index.php\/wp-json\/wp\/v2\/users\/1"}],"replies":[{"embeddable":true,"href":"https:\/\/nublo.tv\/index.php\/wp-json\/wp\/v2\/comments?post=2923"}],"version-history":[{"count":2,"href":"https:\/\/nublo.tv\/index.php\/wp-json\/wp\/v2\/posts\/2923\/revisions"}],"predecessor-version":[{"id":3016,"href":"https:\/\/nublo.tv\/index.php\/wp-json\/wp\/v2\/posts\/2923\/revisions\/3016"}],"wp:featuredmedia":[{"embeddable":true,"href":"https:\/\/nublo.tv\/index.php\/wp-json\/wp\/v2\/media\/2924"}],"wp:attachment":[{"href":"https:\/\/nublo.tv\/index.php\/wp-json\/wp\/v2\/media?parent=2923"}],"wp:term":[{"taxonomy":"category","embeddable":true,"href":"https:\/\/nublo.tv\/index.php\/wp-json\/wp\/v2\/categories?post=2923"},{"taxonomy":"post_tag","embeddable":true,"href":"https:\/\/nublo.tv\/index.php\/wp-json\/wp\/v2\/tags?post=2923"}],"curies":[{"name":"wp","href":"https:\/\/api.w.org\/{rel}","templated":true}]}}