{"id":2928,"date":"2026-08-10T19:18:35","date_gmt":"2026-08-10T18:18:35","guid":{"rendered":"https:\/\/nublo.tv\/?p=2928"},"modified":"2026-08-27T12:35:27","modified_gmt":"2026-08-27T11:35:27","slug":"curso-de-iniciacion-en-oficios-artesanos-2026-trajes-tradicionales","status":"publish","type":"post","link":"https:\/\/nublo.tv\/index.php\/2026\/08\/10\/curso-de-iniciacion-en-oficios-artesanos-2026-trajes-tradicionales\/","title":{"rendered":"CURSO DE INICIACI\u00d3N EN OFICIOS ARTESANOS 2026: Trajes Tradicionales"},"content":{"rendered":"\n<div data-elementor-type=\"wp-post\" data-elementor-id=\"19942\" class=\"elementor elementor-19942\" data-elementor-post-type=\"post\">\n<div class=\"elementor-element elementor-element-33efcb65 e-flex e-con-boxed e-con e-parent\" data-id=\"33efcb65\" data-element_type=\"container\" data-e-type=\"container\">\n<div class=\"e-con-inner\">\n<div class=\"elementor-element elementor-element-6363974c elementor-widget elementor-widget-text-editor\" data-id=\"6363974c\" data-element_type=\"widget\" data-e-type=\"widget\" data-widget_type=\"text-editor.default\">\n<div class=\"elementor-widget-container\">\n<h1 style=\"text-align: center\"><span style=\"color: #ff0000\">\u00a1\u00a1\u00a1PLAZAS AGOTADAS!!!<\/span><\/h1>\n<p class=\"wp-block-paragraph\">\u00a0<\/p>\n<p class=\"has-text-align-center has-background has-large-font-size\" style=\"background: radial-gradient(#fff5cb 0%, #b6e3d4 50%, #33a7b5 100%);text-align: center\"><strong>\u00a0 \u00a0 \u00a0 \u00a0 \u00a0 \u00a0 \u00a0 \u00a0 \u00a0 \u00a0 \u00a0\u00abTRAJES TRADICIONALES \u00bb\u00a0 \u00a0 \u00a0 \u00a0 \u00a0 \u00a0 \u00a0 \u00a0 \u00a0 \u00a0 \u00a0 \u00a0 \u00a0 \u00a0\u00a0<\/strong><\/p>\n<p class=\"wp-block-paragraph\">\u00a0<\/p>\n<p style=\"text-align: center\"><span style=\"text-decoration: underline;color: #0000ff\"><em>**IMPORTANTE: Para poder realizar este curso es <strong>imprescindible<\/strong> tener conocimientos y dominio en costura**<\/em><\/span><\/p>\n<p>\u00a0<\/p>\n<p><strong>Fecha<\/strong>: <strong>Del 3 al 14 de agosto de 2026.\u00a0<\/strong><\/p>\n<p>\u00a0<\/p>\n<p class=\"wp-block-paragraph\"><strong>Grupos<\/strong>: 8 alumnos\/as por grupo<\/p>\n<p>\u00a0<\/p>\n<p class=\"wp-block-paragraph\"><strong>Horario<\/strong>:<\/p>\n<ul class=\"wp-block-list\">\n<li><strong>Grupo de ma\u00f1ana:<\/strong> De 10:30 a 13:30 h., de lunes a viernes. Total: 30 horas<\/li>\n<li><strong>Grupo de tarde:<\/strong> De 16:00 a 19:00 h., de lunes a viernes. Total: 30 horas<\/li>\n<\/ul>\n<p class=\"wp-block-paragraph\"><strong>Informaci\u00f3n<\/strong>: En los tel\u00e9fonos 928.382.360 \u2013 928.382.450 y en el correo electr\u00f3nico: fedac@fedac.org<\/p>\n<p class=\"wp-block-paragraph\"><strong>Plazo de inscripci\u00f3n<\/strong>: Desde el<strong> lunes, d\u00eda 13 al viernes, 17 de julio de 2026<\/strong> (ambos incluidos)<\/p>\n<p class=\"wp-block-paragraph\"><strong>Forma de inscripci\u00f3n:<\/strong> Preferiblemente a trav\u00e9s del tr\u00e1mite<span style=\"text-decoration: underline\"><em> Solicitud de inscripci\u00f3n en curso<\/em><\/span> en la <strong>sede electr\u00f3nica <\/strong>(haciendo clic <a href=\"https:\/\/fedac.sedelectronica.es\/info.0\">aqu\u00ed<\/a>) o de manera presencial en el Registro General de las oficinas de FEDAC, para lo que debe solicitar cita previa en los tel\u00e9fonos 928.382.450 y 928.382.360.<\/p>\n<p class=\"wp-block-paragraph\"><strong>Precio del curso:<\/strong> Ense\u00f1anza gratuita. El alumno\/a se encargar\u00e1 de traer todo lo necesario para el trabajo de costura. Adem\u00e1s har\u00e1 frente al coste de material (telas: 25,00 \u20ac que ser\u00e1 suministrado por la profesora)\u00a0<\/p>\n<p class=\"wp-block-paragraph\"><strong>Lugar de celebraci\u00f3n<\/strong>: Sala de exposiciones de FEDAC. Calle Domingo J. Navarro 7. 35002 Las Palmas de Gran Canaria<\/p>\n<p class=\"wp-block-paragraph\"><strong>Profesor:<\/strong> Artesana en Trajes Tradicionales, Josefa Bravo de Laguna Santana, con carn\u00e9 de artesana GC-444.<\/p>\n<p class=\"wp-block-paragraph\">\u00a0<\/p>\n<p class=\"has-text-align-center has-accent-color has-base-3-background-color has-text-color has-background has-medium-font-size wp-block-paragraph\">\u00a0<\/p>\n<p class=\"wp-block-paragraph\" id=\"block-015ecd7b-2835-431b-b963-74d05b4de473\">\u00a0<\/p>\n<p class=\"wp-block-paragraph\" id=\"block-6f7575f5-48c9-48aa-bc03-11c29dd9802a\">\u00a0<\/p>\n<p class=\"wp-block-paragraph\" id=\"block-b7309c6f-9c5b-49a0-9c92-af37ee742ff9\">\u00a0<\/p>\n<p class=\"wp-block-paragraph\" id=\"block-b3d6eafb-dbaa-4ab6-97d6-d5bcd0620da8\">\u00a0<\/p>\n<p class=\"wp-block-paragraph\" id=\"block-4396b129-6467-45a9-adc6-c919a15a5d8c\">\u00a0<\/p>\n<p class=\"wp-block-paragraph\" id=\"block-ff12e76f-2ab1-460d-9b25-3f8ad347e61f\">\u00a0<\/p>\n<p class=\"wp-block-paragraph\" id=\"block-fb3b9504-4395-4e9e-b4c4-c110e4354e72\">\u00a0<\/p>\n<p class=\"wp-block-paragraph\">\u00a0<\/p>\n<p class=\"wp-block-paragraph\" id=\"block-5c026980-c251-4a03-b542-d08cf0f752f7\">\u00a0<\/p>\n<p class=\"wp-block-paragraph\" id=\"block-45053a6f-ce73-4766-bb68-616b66d8c14d\">\u00a0<\/p>\n<p class=\"wp-block-paragraph\" id=\"block-6e9f6f47-3567-431d-870f-fab2f74260cc\">\u00a0<\/p>\n<p class=\"wp-block-paragraph\" id=\"block-fc76bb05-597d-4e7d-b849-f3ac76ad0519\">\u00a0<\/p>\n<p class=\"wp-block-paragraph\">\u00a0<\/p>\n<p class=\"wp-block-paragraph\">\u00a0<\/p>\n<p id=\"block-bca7e42d-88cd-4513-b2a9-b3a3b8089276\" class=\"has-text-align-center has-accent-color has-text-color has-medium-font-size wp-block-paragraph\">\u00a0<\/p>\n<p class=\"wp-block-paragraph\" id=\"block-eff8d09e-b210-47c1-94e7-131fa488247f\">\u00a0<\/p>\n<p class=\"wp-block-paragraph\" id=\"block-577fcb2d-8100-4ded-834d-d422a9ef5a06\">\u00a0<\/p>\n<p class=\"wp-block-paragraph\" id=\"block-df81bde5-fcaa-4193-8609-e91955e074c1\">\u00a0<\/p>\n<p class=\"wp-block-paragraph\" id=\"block-4ac0e29a-e478-4ad3-8d1d-4caaabd4fb2a\">\u00a0<\/p>\n<p class=\"wp-block-paragraph\" id=\"block-cbb4c02a-7d35-47ca-8a6c-82d320241746\">\u00a0<\/p>\n<p class=\"wp-block-paragraph\" id=\"block-e2dd46f1-b9ca-4188-aefc-12c5dba98264\">\u00a0<\/p>\n<p class=\"wp-block-paragraph\" id=\"block-379fedd0-5c68-4c4f-8429-4cb2ad353d1e\">\u00a0<\/p>\n<p class=\"wp-block-paragraph\" id=\"block-df81bde5-fcaa-4193-8609-e91955e074c1\">\u00a0<\/p>\n<p class=\"wp-block-paragraph\">\u00a0<\/p>\n<p class=\"wp-block-paragraph\">\u00a0<\/p>\n<p class=\"wp-block-paragraph\">\u00a0<\/p>\n<p class=\"wp-block-paragraph\">\u00a0<\/p>\n<p class=\"wp-block-paragraph\">\u00a0<\/p>\n<p class=\"wp-block-paragraph\">\u00a0<\/p>\n<p class=\"wp-block-paragraph\">\u00a0<\/p>\n<p class=\"wp-block-paragraph\">\u00a0<\/p>\n<p class=\"wp-block-paragraph\">\u00a0<\/p>\n<p class=\"wp-block-paragraph\">\u00a0<\/p>\n<p class=\"wp-block-paragraph\">\u00a0<\/p>\n<p class=\"wp-block-paragraph\">\u00a0<\/p>\n<p class=\"wp-block-paragraph\">\u00a0<\/p>\n<p class=\"wp-block-paragraph\">\u00a0<\/p>\n<p class=\"wp-block-paragraph\">\u00a0<\/p>\n<p class=\"has-text-align-center has-accent-color has-text-color has-medium-font-size wp-block-paragraph\">\u00a0<\/p>\n<p class=\"wp-block-paragraph\">\u00a0<\/p>\n<p class=\"wp-block-paragraph\">\u00a0<\/p>\n<p class=\"wp-block-paragraph\">\u00a0<\/p>\n<p class=\"wp-block-paragraph\">\u00a0<\/p>\n<p class=\"wp-block-paragraph\">\u00a0<\/p>\n<p class=\"wp-block-paragraph\">\u00a0<\/p>\n<p class=\"wp-block-paragraph\">\u00a0<\/p>\n<p class=\"wp-block-paragraph\">\u00a0<\/p>\n<p class=\"wp-block-paragraph\">\u00a0<\/p>\n<p class=\"wp-block-paragraph\">\u00a0<\/p>\n<p class=\"wp-block-paragraph\">\u00a0<\/p>\n<p class=\"wp-block-paragraph\">\u00a0<\/p>\n<p class=\"wp-block-paragraph\">\u00a0<\/p>\n<p class=\"wp-block-paragraph\">\u00a0<\/p>\n<\/p><\/div>\n<\/p><\/div>\n<\/p><\/div>\n<\/p><\/div>\n<\/p><\/div>\n","protected":false},"excerpt":{"rendered":"<p>\u00a1\u00a1\u00a1PLAZAS AGOTADAS!!! \u00a0 \u00a0 \u00a0 \u00a0 \u00a0 \u00a0 \u00a0 \u00a0 \u00a0 \u00a0 \u00a0 \u00a0\u00abTRAJES TRADICIONALES \u00bb\u00a0 \u00a0 \u00a0 \u00a0 \u00a0 \u00a0 \u00a0 \u00a0 \u00a0 \u00a0 \u00a0 \u00a0 \u00a0 \u00a0\u00a0 \u00a0&hellip;<\/p>\n","protected":false},"author":1,"featured_media":2948,"comment_status":"open","ping_status":"open","sticky":false,"template":"","format":"standard","meta":{"wpai_generated_summary":"","wpai_meta_description":"","footnotes":""},"categories":[148],"tags":[],"class_list":["post-2928","post","type-post","status-publish","format-standard","has-post-thumbnail","hentry","category-cabildo-de-gran-canaria"],"_links":{"self":[{"href":"https:\/\/nublo.tv\/index.php\/wp-json\/wp\/v2\/posts\/2928","targetHints":{"allow":["GET"]}}],"collection":[{"href":"https:\/\/nublo.tv\/index.php\/wp-json\/wp\/v2\/posts"}],"about":[{"href":"https:\/\/nublo.tv\/index.php\/wp-json\/wp\/v2\/types\/post"}],"author":[{"embeddable":true,"href":"https:\/\/nublo.tv\/index.php\/wp-json\/wp\/v2\/users\/1"}],"replies":[{"embeddable":true,"href":"https:\/\/nublo.tv\/index.php\/wp-json\/wp\/v2\/comments?post=2928"}],"version-history":[{"count":1,"href":"https:\/\/nublo.tv\/index.php\/wp-json\/wp\/v2\/posts\/2928\/revisions"}],"predecessor-version":[{"id":3011,"href":"https:\/\/nublo.tv\/index.php\/wp-json\/wp\/v2\/posts\/2928\/revisions\/3011"}],"wp:featuredmedia":[{"embeddable":true,"href":"https:\/\/nublo.tv\/index.php\/wp-json\/wp\/v2\/media\/2948"}],"wp:attachment":[{"href":"https:\/\/nublo.tv\/index.php\/wp-json\/wp\/v2\/media?parent=2928"}],"wp:term":[{"taxonomy":"category","embeddable":true,"href":"https:\/\/nublo.tv\/index.php\/wp-json\/wp\/v2\/categories?post=2928"},{"taxonomy":"post_tag","embeddable":true,"href":"https:\/\/nublo.tv\/index.php\/wp-json\/wp\/v2\/tags?post=2928"}],"curies":[{"name":"wp","href":"https:\/\/api.w.org\/{rel}","templated":true}]}}