{"id":2930,"date":"2026-08-10T19:18:41","date_gmt":"2026-08-10T18:18:41","guid":{"rendered":"https:\/\/nublo.tv\/?p=2930"},"modified":"2026-08-27T12:35:27","modified_gmt":"2026-08-27T11:35:27","slug":"listado-provisional-de-participantes-en-la-19a-feria-de-artesania-de-gran-canaria-verano-sur","status":"publish","type":"post","link":"https:\/\/nublo.tv\/index.php\/2026\/08\/10\/listado-provisional-de-participantes-en-la-19a-feria-de-artesania-de-gran-canaria-verano-sur\/","title":{"rendered":"Listado PROVISIONAL de PARTICIPANTES en la 19\u00aa FERIA DE ARTESAN\u00cdA DE GRAN CANARIA, VERANO SUR"},"content":{"rendered":"\t\t<div data-elementor-type=\"wp-post\" data-elementor-id=\"19916\" class=\"elementor elementor-19916\" data-elementor-post-type=\"post\">\r\n\t\t\t\t<div class=\"elementor-element elementor-element-5bcb90aa e-flex e-con-boxed e-con e-parent\" data-id=\"5bcb90aa\" data-element_type=\"container\" data-e-type=\"container\">\r\n\t\t\t\t\t<div class=\"e-con-inner\">\r\n\t\t\t\t<div class=\"elementor-element elementor-element-43a6bd58 elementor-widget elementor-widget-text-editor\" data-id=\"43a6bd58\" data-element_type=\"widget\" data-e-type=\"widget\" data-widget_type=\"text-editor.default\">\r\n\t\t\t\t<div class=\"elementor-widget-container\">\r\n\t\t\t\t\t\t\t\t\t<p>Mediante el informe t\u00e9cnico de fecha 30 de junio de 2026, se ha aprobado el LISTADO DEFINITIVO DE PARTICIPANTES EN LA 19\u00aa FERIA DE ARTESAN\u00cdA DE GRAN CANARIA, VERANO SUR.<\/p>\r\n<p>El plazo para que los\/as interesados\/as presenten la ACEPTACI\u00d3N es <span style=\"text-decoration: underline\"><em>desde el d\u00eda de hoy hasta <span style=\"color: #0000ff;text-decoration: underline\"><span style=\"color: #000000;text-decoration: underline\">el<\/span><\/span><strong><span style=\"color: #0000ff;text-decoration: underline\"> mi\u00e9rcoles 8 <\/span><\/strong><span style=\"color: #000000;text-decoration: underline\">de<\/span><strong><span style=\"color: #0000ff;text-decoration: underline\"> julio <\/span><\/strong><span style=\"color: #000000;text-decoration: underline\">de<\/span> 2026 (inclusive)<\/em><\/span>.\u00a0<\/p>\r\n<p><!-- \/wp:post-content --><!-- wp:paragraph --><\/p>\r\n<p><!-- \/wp:paragraph --><!-- wp:paragraph --><\/p>\r\n<p>Se les recuerda que la documentaci\u00f3n debe presentarse, preferiblemente, a trav\u00e9s de la Sede Electr\u00f3nica (<strong><a href=\"https:\/\/fedac.sedelectronica.es\/info.0\">PINCHAR AQU\u00cd<\/a><\/strong>). En el caso de optar por hacerlo presencialmente en las oficinas de FEDAC, deben solicitar CITA PREVIA.\u00a0<\/p>\r\n<div class=\"wp-block-buttons\">\r\n<p><!-- \/wp:paragraph --><\/p>\r\n<\/div>\r\n<p><!-- \/wp:buttons --><!-- wp:paragraph --><\/p>\r\n<p><!-- \/wp:paragraph --><\/p>\t\t\t\t\t\t\t\t<\/div>\r\n\t\t\t\t<\/div>\r\n\t\t\t\t\t<\/div>\r\n\t\t\t\t<\/div>\r\n\t\t<div class=\"elementor-element elementor-element-92940e0 e-flex e-con-boxed e-con e-parent\" data-id=\"92940e0\" data-element_type=\"container\" data-e-type=\"container\">\r\n\t\t\t\t\t<div class=\"e-con-inner\">\r\n\t\t\t\t<div class=\"elementor-element elementor-element-87623f6 elementor-align-justify elementor-widget elementor-widget-button\" data-id=\"87623f6\" data-element_type=\"widget\" data-e-type=\"widget\" data-widget_type=\"button.default\">\r\n\t\t\t\t<div class=\"elementor-widget-container\">\r\n\t\t\t\t\t\t\t\t\t<div class=\"elementor-button-wrapper\">\r\n\t\t\t\t\t<a class=\"elementor-button elementor-button-link elementor-size-sm\" href=\"https:\/\/fedacgc-my.sharepoint.com\/:b:\/g\/personal\/webfedac_fedac_org\/IQD0Uxxk1NAuTak3V9_8ZotPAZ1dNO2crXNkmnbMVPZYG0Q?e=foHc5n\">\r\n\t\t\t\t\t\t<span class=\"elementor-button-content-wrapper\">\r\n\t\t\t\t\t\t\t\t\t<span class=\"elementor-button-text\">LISTADO PROVISIONAL<\/span>\r\n\t\t\t\t\t<\/span>\r\n\t\t\t\t\t<\/a>\r\n\t\t\t\t<\/div>\r\n\t\t\t\t\t\t\t\t<\/div>\r\n\t\t\t\t<\/div>\r\n\t\t\t\t<div class=\"elementor-element elementor-element-4d65891 elementor-align-justify elementor-widget elementor-widget-button\" data-id=\"4d65891\" data-element_type=\"widget\" data-e-type=\"widget\" data-widget_type=\"button.default\">\r\n\t\t\t\t<div class=\"elementor-widget-container\">\r\n\t\t\t\t\t\t\t\t\t<div class=\"elementor-button-wrapper\">\r\n\t\t\t\t\t<a class=\"elementor-button elementor-button-link elementor-size-sm\" href=\"https:\/\/fedacgc-my.sharepoint.com\/:b:\/g\/personal\/webfedac_fedac_org\/IQCwTzzApMO_Tp63P4ZJdNycAexzUll73iu7aSI8CkrGKCc?e=hxPbz0\">\r\n\t\t\t\t\t\t<span class=\"elementor-button-content-wrapper\">\r\n\t\t\t\t\t\t\t\t\t<span class=\"elementor-button-text\">ACEPTACI\u00d3N <\/span>\r\n\t\t\t\t\t<\/span>\r\n\t\t\t\t\t<\/a>\r\n\t\t\t\t<\/div>\r\n\t\t\t\t\t\t\t\t<\/div>\r\n\t\t\t\t<\/div>\r\n\t\t\t\t\t<\/div>\r\n\t\t\t\t<\/div>\r\n\t\t\t\t<\/div>\r\n\t\t","protected":false},"excerpt":{"rendered":"<p>Mediante el informe t\u00e9cnico de fecha 30 de junio de 2026, se ha aprobado el LISTADO DEFINITIVO DE PARTICIPANTES EN LA 19\u00aa FERIA DE ARTESAN\u00cdA DE GRAN CANARIA, VERANO SUR.&hellip;<\/p>\n","protected":false},"author":1,"featured_media":2948,"comment_status":"open","ping_status":"open","sticky":false,"template":"","format":"standard","meta":{"wpai_generated_summary":"","wpai_meta_description":"","footnotes":""},"categories":[123],"tags":[],"class_list":["post-2930","post","type-post","status-publish","format-standard","has-post-thumbnail","hentry","category-municipales"],"_links":{"self":[{"href":"https:\/\/nublo.tv\/index.php\/wp-json\/wp\/v2\/posts\/2930","targetHints":{"allow":["GET"]}}],"collection":[{"href":"https:\/\/nublo.tv\/index.php\/wp-json\/wp\/v2\/posts"}],"about":[{"href":"https:\/\/nublo.tv\/index.php\/wp-json\/wp\/v2\/types\/post"}],"author":[{"embeddable":true,"href":"https:\/\/nublo.tv\/index.php\/wp-json\/wp\/v2\/users\/1"}],"replies":[{"embeddable":true,"href":"https:\/\/nublo.tv\/index.php\/wp-json\/wp\/v2\/comments?post=2930"}],"version-history":[{"count":1,"href":"https:\/\/nublo.tv\/index.php\/wp-json\/wp\/v2\/posts\/2930\/revisions"}],"predecessor-version":[{"id":3013,"href":"https:\/\/nublo.tv\/index.php\/wp-json\/wp\/v2\/posts\/2930\/revisions\/3013"}],"wp:featuredmedia":[{"embeddable":true,"href":"https:\/\/nublo.tv\/index.php\/wp-json\/wp\/v2\/media\/2948"}],"wp:attachment":[{"href":"https:\/\/nublo.tv\/index.php\/wp-json\/wp\/v2\/media?parent=2930"}],"wp:term":[{"taxonomy":"category","embeddable":true,"href":"https:\/\/nublo.tv\/index.php\/wp-json\/wp\/v2\/categories?post=2930"},{"taxonomy":"post_tag","embeddable":true,"href":"https:\/\/nublo.tv\/index.php\/wp-json\/wp\/v2\/tags?post=2930"}],"curies":[{"name":"wp","href":"https:\/\/api.w.org\/{rel}","templated":true}]}}