{"id":2931,"date":"2026-08-10T19:18:24","date_gmt":"2026-08-10T18:18:24","guid":{"rendered":"https:\/\/nublo.tv\/?p=2931"},"modified":"2026-08-27T12:35:27","modified_gmt":"2026-08-27T11:35:27","slug":"resolucion-definitiva-de-la-convocatoria-de-subvenciones-en-regimen-de-concurrencia-competitiva-destinada-a-ayuntamientos-y-entidades-sin-animo-de-lucro-2026","status":"publish","type":"post","link":"https:\/\/nublo.tv\/index.php\/2026\/08\/10\/resolucion-definitiva-de-la-convocatoria-de-subvenciones-en-regimen-de-concurrencia-competitiva-destinada-a-ayuntamientos-y-entidades-sin-animo-de-lucro-2026\/","title":{"rendered":"Resoluci\u00f3n definitiva de la CONVOCATORIA DE SUBVENCIONES EN R\u00c9GIMEN DE CONCURRENCIA COMPETITIVA DESTINADA A AYUNTAMIENTOS Y ENTIDADES SIN \u00c1NIMO DE LUCRO, 2026"},"content":{"rendered":"<p class=\"wp-block-paragraph\">Con fecha\u00a0<strong>29 de junio de 2026<\/strong>, la Sra. Presidenta de FEDAC ha\u00a0<strong>resuelto<\/strong>\u00a0la CONVOCATORIA DE SUBVENCIONES EN R\u00c9GIMEN DE CONCURRENCIA COMPETITIVA DESTINADA A AYUNTAMIENTOS Y ENTIDADES SIN \u00c1NIMO DE LUCRO, 2026<\/p>\n<div class=\"wp-block-buttons is-content-justification-center is-layout-flex wp-container-core-buttons-is-layout-fe48e5de wp-block-buttons-is-layout-flex\">\n<div class=\"wp-block-button has-custom-width wp-block-button__width-25\"><a class=\"wp-block-button__link has-background wp-element-button\" href=\"https:\/\/fedac.org\/wp-content\/uploads\/2026\/06\/3_Decreto-Subv.-Definitiva_2026.pdf\" style=\"border-radius:0px;background-color:#009384\"><strong>DECRETO DE RESOLUCI\u00d3N<\/strong><\/a><\/div>\n<\/div>\n<p class=\"wp-block-paragraph\">\n","protected":false},"excerpt":{"rendered":"<p>Con fecha\u00a029 de junio de 2026, la Sra. Presidenta de FEDAC ha\u00a0resuelto\u00a0la CONVOCATORIA DE SUBVENCIONES EN R\u00c9GIMEN DE CONCURRENCIA COMPETITIVA DESTINADA A AYUNTAMIENTOS Y ENTIDADES SIN \u00c1NIMO DE LUCRO, 2026&hellip;<\/p>\n","protected":false},"author":1,"featured_media":2948,"comment_status":"open","ping_status":"open","sticky":false,"template":"","format":"standard","meta":{"wpai_generated_summary":"","wpai_meta_description":"","footnotes":""},"categories":[148],"tags":[],"class_list":["post-2931","post","type-post","status-publish","format-standard","has-post-thumbnail","hentry","category-cabildo-de-gran-canaria"],"_links":{"self":[{"href":"https:\/\/nublo.tv\/index.php\/wp-json\/wp\/v2\/posts\/2931","targetHints":{"allow":["GET"]}}],"collection":[{"href":"https:\/\/nublo.tv\/index.php\/wp-json\/wp\/v2\/posts"}],"about":[{"href":"https:\/\/nublo.tv\/index.php\/wp-json\/wp\/v2\/types\/post"}],"author":[{"embeddable":true,"href":"https:\/\/nublo.tv\/index.php\/wp-json\/wp\/v2\/users\/1"}],"replies":[{"embeddable":true,"href":"https:\/\/nublo.tv\/index.php\/wp-json\/wp\/v2\/comments?post=2931"}],"version-history":[{"count":1,"href":"https:\/\/nublo.tv\/index.php\/wp-json\/wp\/v2\/posts\/2931\/revisions"}],"predecessor-version":[{"id":3007,"href":"https:\/\/nublo.tv\/index.php\/wp-json\/wp\/v2\/posts\/2931\/revisions\/3007"}],"wp:featuredmedia":[{"embeddable":true,"href":"https:\/\/nublo.tv\/index.php\/wp-json\/wp\/v2\/media\/2948"}],"wp:attachment":[{"href":"https:\/\/nublo.tv\/index.php\/wp-json\/wp\/v2\/media?parent=2931"}],"wp:term":[{"taxonomy":"category","embeddable":true,"href":"https:\/\/nublo.tv\/index.php\/wp-json\/wp\/v2\/categories?post=2931"},{"taxonomy":"post_tag","embeddable":true,"href":"https:\/\/nublo.tv\/index.php\/wp-json\/wp\/v2\/tags?post=2931"}],"curies":[{"name":"wp","href":"https:\/\/api.w.org\/{rel}","templated":true}]}}