{"id":2933,"date":"2026-08-10T19:18:47","date_gmt":"2026-08-10T18:18:47","guid":{"rendered":"https:\/\/nublo.tv\/?p=2933"},"modified":"2026-08-27T12:35:27","modified_gmt":"2026-08-27T11:35:27","slug":"19a-feria-de-artesania-de-gran-canaria-verano-sur","status":"publish","type":"post","link":"https:\/\/nublo.tv\/index.php\/2026\/08\/10\/19a-feria-de-artesania-de-gran-canaria-verano-sur\/","title":{"rendered":"19\u00aa FERIA DE ARTESAN\u00cdA DE GRAN CANARIA, VERANO SUR"},"content":{"rendered":"\t\t<div data-elementor-type=\"wp-post\" data-elementor-id=\"19848\" class=\"elementor elementor-19848\" data-elementor-post-type=\"post\">\r\n\t\t\t\t\t\t<section class=\"elementor-section elementor-top-section elementor-element elementor-element-1da1adbe elementor-section-boxed elementor-section-height-default elementor-section-height-default\" data-id=\"1da1adbe\" data-element_type=\"section\" data-e-type=\"section\">\r\n\t\t\t\t\t\t<div class=\"elementor-container elementor-column-gap-default\">\r\n\t\t\t\t\t<div class=\"elementor-column elementor-col-100 elementor-top-column elementor-element elementor-element-322b97d9\" data-id=\"322b97d9\" data-element_type=\"column\" data-e-type=\"column\">\r\n\t\t\t<div class=\"elementor-widget-wrap elementor-element-populated\">\r\n\t\t\t\t\t\t<div class=\"elementor-element elementor-element-45e25ddd elementor-widget elementor-widget-text-editor\" data-id=\"45e25ddd\" data-element_type=\"widget\" data-e-type=\"widget\" data-widget_type=\"text-editor.default\">\r\n\t\t\t\t<div class=\"elementor-widget-container\">\r\n\t\t\t\t\t\t\t\t\t<p>Mediante el <strong>Decreto<\/strong> n\u00famero <b>38<\/b>, de fecha <strong><span style=\"color: #000000\">4 de junio\u00a0de 2026<\/span><\/strong>, ha sido aprobada la <span style=\"color: #3366ff\"><strong>Convocatoria de la 19\u00aa FERIA DE ARTESAN\u00cdA DE GRAN CANARIA, VERANO SUR<\/strong><\/span>, que se celebrar\u00e1 entre el<strong> 7\u00a0<\/strong>y el <strong>16<\/strong> agosto de<strong> 2026<\/strong>, en las inmediaciones del Faro de Maspalomas, del municipio de San Bartolom\u00e9 de Tirajana.\u00a0<\/p>\r\n<p><!-- \/wp:post-content --><!-- wp:paragraph --><\/p>\r\n<p>Se abre el plazo de presentaci\u00f3n de solicitudes que va <span style=\"color: #3366ff\"><strong>desde el viernes 5 al viernes 12 de junio de 2026<\/strong><\/span>, ambos incluidos.<\/p>\r\n<p>Se les recuerda que el <strong><span style=\"color: #0000ff\">pago de la tasa<\/span><\/strong> <span style=\"text-decoration: underline\"><span style=\"color: #0000ff;text-decoration: underline\"><strong>S\u00d3LO<\/strong><\/span><\/span> <strong><span style=\"color: #0000ff\">se abonar\u00e1 una vez que el artesano sea seleccionado y publicadas las listas definitivas.<\/span><\/strong><\/p>\r\n<p><span style=\"color: var( --e-global-color-text );font-family: var( --e-global-typography-text-font-family ), Sans-serif;font-weight: var( --e-global-typography-text-font-weight )\">La presentaci\u00f3n de la documentaci\u00f3n debe ser, preferiblemente, a trav\u00e9s de la <\/span><strong style=\"color: var( --e-global-color-text );font-family: var( --e-global-typography-text-font-family ), Sans-serif\">Sede Electr\u00f3nica (<a href=\"https:\/\/fedac.sedelectronica.es\/info.0\">PINCHAR AQU\u00cd<\/a>)<\/strong><span style=\"color: var( --e-global-color-text );font-family: var( --e-global-typography-text-font-family ), Sans-serif;font-weight: var( --e-global-typography-text-font-weight )\">. En el caso de optar por hacerlo <\/span><strong style=\"color: var( --e-global-color-text );font-family: var( --e-global-typography-text-font-family ), Sans-serif\">presencialmente en las oficinas de la FEDAC<\/strong><span style=\"color: var( --e-global-color-text );font-family: var( --e-global-typography-text-font-family ), Sans-serif;font-weight: var( --e-global-typography-text-font-weight )\">, deben solicitar <\/span><strong style=\"color: var( --e-global-color-text );font-family: var( --e-global-typography-text-font-family ), Sans-serif\">CITA PREVIA<\/strong><span style=\"color: var( --e-global-color-text );font-family: var( --e-global-typography-text-font-family ), Sans-serif;font-weight: var( --e-global-typography-text-font-weight )\">.<\/span><\/p>\r\n<p><!-- \/wp:paragraph --><!-- wp:paragraph \/--><\/p>\t\t\t\t\t\t\t\t<\/div>\r\n\t\t\t\t<\/div>\r\n\t\t\t\t<div class=\"elementor-element elementor-element-3d9f270 elementor-align-center elementor-widget elementor-widget-button\" data-id=\"3d9f270\" data-element_type=\"widget\" data-e-type=\"widget\" id=\"link\" data-widget_type=\"button.default\">\r\n\t\t\t\t<div class=\"elementor-widget-container\">\r\n\t\t\t\t\t\t\t\t\t<div class=\"elementor-button-wrapper\">\r\n\t\t\t\t\t<a class=\"elementor-button elementor-button-link elementor-size-sm\" href=\"https:\/\/fedacgc-my.sharepoint.com\/:b:\/g\/personal\/webfedac_fedac_org\/IQCAJSAhggsXQ7Ir0wRvucN0AWFh-rs0KWUqT64PBt_e2Bs?e=l6cx3F\">\r\n\t\t\t\t\t\t<span class=\"elementor-button-content-wrapper\">\r\n\t\t\t\t\t\t<span class=\"elementor-button-icon\">\r\n\t\t\t\t<i aria-hidden=\"true\" class=\"fas fa-chevron-circle-right\"><\/i>\t\t\t<\/span>\r\n\t\t\t\t\t\t\t\t\t<span class=\"elementor-button-text\">CONVOCATORIA<\/span>\r\n\t\t\t\t\t<\/span>\r\n\t\t\t\t\t<\/a>\r\n\t\t\t\t<\/div>\r\n\t\t\t\t\t\t\t\t<\/div>\r\n\t\t\t\t<\/div>\r\n\t\t\t\t<div class=\"elementor-element elementor-element-2c10c08 elementor-align-center elementor-widget elementor-widget-button\" data-id=\"2c10c08\" data-element_type=\"widget\" data-e-type=\"widget\" data-widget_type=\"button.default\">\r\n\t\t\t\t<div class=\"elementor-widget-container\">\r\n\t\t\t\t\t\t\t\t\t<div class=\"elementor-button-wrapper\">\r\n\t\t\t\t\t<a class=\"elementor-button elementor-button-link elementor-size-sm\" href=\"https:\/\/fedacgc-my.sharepoint.com\/:b:\/g\/personal\/webfedac_fedac_org\/IQBb_WZZtlsHS5Aayofj5jFGAZQd3K-vx5gtUPaKbHLqmtI?e=QKadzl\">\r\n\t\t\t\t\t\t<span class=\"elementor-button-content-wrapper\">\r\n\t\t\t\t\t\t<span class=\"elementor-button-icon\">\r\n\t\t\t\t<i aria-hidden=\"true\" class=\"fas fa-chevron-circle-right\"><\/i>\t\t\t<\/span>\r\n\t\t\t\t\t\t\t\t\t<span class=\"elementor-button-text\">ANEXO I &#8211; Solicitud de participaci\u00f3n<\/span>\r\n\t\t\t\t\t<\/span>\r\n\t\t\t\t\t<\/a>\r\n\t\t\t\t<\/div>\r\n\t\t\t\t\t\t\t\t<\/div>\r\n\t\t\t\t<\/div>\r\n\t\t\t\t<div class=\"elementor-element elementor-element-ef66703 elementor-align-center elementor-widget elementor-widget-button\" data-id=\"ef66703\" data-element_type=\"widget\" data-e-type=\"widget\" data-widget_type=\"button.default\">\r\n\t\t\t\t<div class=\"elementor-widget-container\">\r\n\t\t\t\t\t\t\t\t\t<div class=\"elementor-button-wrapper\">\r\n\t\t\t\t\t<a class=\"elementor-button elementor-button-link elementor-size-sm\" href=\"https:\/\/fedacgc-my.sharepoint.com\/:b:\/g\/personal\/webfedac_fedac_org\/IQBHYBMnj0SKQ7GYLw28ea3DASLxRN9cu1WLxvIQcxaoQAE?e=xg3BMy\">\r\n\t\t\t\t\t\t<span class=\"elementor-button-content-wrapper\">\r\n\t\t\t\t\t\t<span class=\"elementor-button-icon\">\r\n\t\t\t\t<i aria-hidden=\"true\" class=\"fas fa-chevron-circle-right\"><\/i>\t\t\t<\/span>\r\n\t\t\t\t\t\t\t\t\t<span class=\"elementor-button-text\">ANEXO II &#8211; Declaraci\u00f3n responsable <\/span>\r\n\t\t\t\t\t<\/span>\r\n\t\t\t\t\t<\/a>\r\n\t\t\t\t<\/div>\r\n\t\t\t\t\t\t\t\t<\/div>\r\n\t\t\t\t<\/div>\r\n\t\t\t\t\t<\/div>\r\n\t\t<\/div>\r\n\t\t\t\t\t<\/div>\r\n\t\t<\/section>\r\n\t\t\t\t<\/div>\r\n\t\t","protected":false},"excerpt":{"rendered":"<p>Mediante el Decreto n\u00famero 38, de fecha 4 de junio\u00a0de 2026, ha sido aprobada la Convocatoria de la 19\u00aa FERIA DE ARTESAN\u00cdA DE GRAN CANARIA, VERANO SUR, que se celebrar\u00e1&hellip;<\/p>\n","protected":false},"author":1,"featured_media":2948,"comment_status":"open","ping_status":"open","sticky":false,"template":"","format":"standard","meta":{"wpai_generated_summary":"","wpai_meta_description":"","footnotes":""},"categories":[123],"tags":[],"class_list":["post-2933","post","type-post","status-publish","format-standard","has-post-thumbnail","hentry","category-municipales"],"_links":{"self":[{"href":"https:\/\/nublo.tv\/index.php\/wp-json\/wp\/v2\/posts\/2933","targetHints":{"allow":["GET"]}}],"collection":[{"href":"https:\/\/nublo.tv\/index.php\/wp-json\/wp\/v2\/posts"}],"about":[{"href":"https:\/\/nublo.tv\/index.php\/wp-json\/wp\/v2\/types\/post"}],"author":[{"embeddable":true,"href":"https:\/\/nublo.tv\/index.php\/wp-json\/wp\/v2\/users\/1"}],"replies":[{"embeddable":true,"href":"https:\/\/nublo.tv\/index.php\/wp-json\/wp\/v2\/comments?post=2933"}],"version-history":[{"count":1,"href":"https:\/\/nublo.tv\/index.php\/wp-json\/wp\/v2\/posts\/2933\/revisions"}],"predecessor-version":[{"id":3015,"href":"https:\/\/nublo.tv\/index.php\/wp-json\/wp\/v2\/posts\/2933\/revisions\/3015"}],"wp:featuredmedia":[{"embeddable":true,"href":"https:\/\/nublo.tv\/index.php\/wp-json\/wp\/v2\/media\/2948"}],"wp:attachment":[{"href":"https:\/\/nublo.tv\/index.php\/wp-json\/wp\/v2\/media?parent=2933"}],"wp:term":[{"taxonomy":"category","embeddable":true,"href":"https:\/\/nublo.tv\/index.php\/wp-json\/wp\/v2\/categories?post=2933"},{"taxonomy":"post_tag","embeddable":true,"href":"https:\/\/nublo.tv\/index.php\/wp-json\/wp\/v2\/tags?post=2933"}],"curies":[{"name":"wp","href":"https:\/\/api.w.org\/{rel}","templated":true}]}}