{"id":2935,"date":"2026-08-10T19:17:23","date_gmt":"2026-08-10T18:17:23","guid":{"rendered":"https:\/\/nublo.tv\/?p=2935"},"modified":"2026-08-29T08:57:49","modified_gmt":"2026-08-29T07:57:49","slug":"bando-alcaldia-27-2026","status":"publish","type":"post","link":"https:\/\/nublo.tv\/index.php\/2026\/08\/10\/bando-alcaldia-27-2026\/","title":{"rendered":"Bando Alcald\u00eda 27\/2026"},"content":{"rendered":"<div class=\"et_pb_section et_pb_section_0 et_section_regular\">\n<div class=\"et_pb_row et_pb_row_0\">\n<div class=\"et_pb_column et_pb_column_4_4 et_pb_column_0  et_pb_css_mix_blend_mode_passthrough et-last-child\">\n<div class=\"et_pb_module et_pb_image et_pb_image_0\">\n<p>\t\t\t\t<span class=\"et_pb_image_wrap \"><img loading=\"lazy\" decoding=\"async\" width=\"1200\" height=\"643\" src=\"https:\/\/tejeda.eu\/wp-content\/uploads\/2026\/08\/BandoAlcaldia_27-2026WEB.png\" alt=\"\" title=\"Bando Alcald\u00eda 27\/2026\" class=\"wp-image-32459\" \/><\/span>\n\t\t\t<\/div>\n<\/p><\/div>\n<\/p><\/div>\n<div class=\"et_pb_row et_pb_row_1\">\n<div class=\"et_pb_column et_pb_column_3_4 et_pb_column_1  et_pb_css_mix_blend_mode_passthrough\">\n<div class=\"et_pb_module et_pb_text et_pb_text_0  et_pb_text_align_justified et_pb_bg_layout_light\">\n<div class=\"et_pb_text_inner\">\n<p><strong>Francisco Juan Perera Hern\u00e1ndez<\/strong>,\u00a0<strong>Alcalde-Presidente<\/strong>\u00a0del\u00a0<strong>Ilustre Ayuntamiento de Tejeda<\/strong>, hace saber:<\/p>\n<p dir=\"ltr\">Que con motivo del desarrollo de la actividad especial de observaci\u00f3n del eclipse solar, organizada por el Museo Elder de la Ciencia y la Tecnolog\u00eda, permanecer\u00e1 cortado el tr\u00e1fico de veh\u00edculos, el d\u00eda 12 de agosto entre las 16:00 hasta las 22:00 horas, las calles:<\/p>\n<blockquote>\n<p dir=\"ltr\"><em>P\u00e1rroco Hern\u00e1ndez Guerra, Ezequiel S\u00e1nchez (altura de bajada de la Piscina Municipal), Leocadio Cabrera y Doctor Domingo Hern\u00e1ndez Guerra, hasta los aparcamiento municipales.<\/em><\/p>\n<\/blockquote>\n<p dir=\"ltr\">eu\u00bb>Ayuntamiento de Tejeda<\/a>.<\/p>\n","protected":false},"excerpt":{"rendered":"<p>Francisco Juan Perera Hern\u00e1ndez,\u00a0Alcalde-Presidente\u00a0del\u00a0Ilustre Ayuntamiento de Tejeda, hace saber: Que con motivo del desarrollo de la actividad especial de observaci\u00f3n del eclipse solar, organizada por el Museo Elder de la&hellip;<\/p>\n","protected":false},"author":1,"featured_media":2936,"comment_status":"open","ping_status":"open","sticky":false,"template":"","format":"standard","meta":{"wpai_generated_summary":"","wpai_meta_description":"","footnotes":""},"categories":[139],"tags":[],"class_list":["post-2935","post","type-post","status-publish","format-standard","has-post-thumbnail","hentry","category-ayuntamiento-de-tejeda"],"_links":{"self":[{"href":"https:\/\/nublo.tv\/index.php\/wp-json\/wp\/v2\/posts\/2935","targetHints":{"allow":["GET"]}}],"collection":[{"href":"https:\/\/nublo.tv\/index.php\/wp-json\/wp\/v2\/posts"}],"about":[{"href":"https:\/\/nublo.tv\/index.php\/wp-json\/wp\/v2\/types\/post"}],"author":[{"embeddable":true,"href":"https:\/\/nublo.tv\/index.php\/wp-json\/wp\/v2\/users\/1"}],"replies":[{"embeddable":true,"href":"https:\/\/nublo.tv\/index.php\/wp-json\/wp\/v2\/comments?post=2935"}],"version-history":[{"count":2,"href":"https:\/\/nublo.tv\/index.php\/wp-json\/wp\/v2\/posts\/2935\/revisions"}],"predecessor-version":[{"id":18114,"href":"https:\/\/nublo.tv\/index.php\/wp-json\/wp\/v2\/posts\/2935\/revisions\/18114"}],"wp:featuredmedia":[{"embeddable":true,"href":"https:\/\/nublo.tv\/index.php\/wp-json\/wp\/v2\/media\/2936"}],"wp:attachment":[{"href":"https:\/\/nublo.tv\/index.php\/wp-json\/wp\/v2\/media?parent=2935"}],"wp:term":[{"taxonomy":"category","embeddable":true,"href":"https:\/\/nublo.tv\/index.php\/wp-json\/wp\/v2\/categories?post=2935"},{"taxonomy":"post_tag","embeddable":true,"href":"https:\/\/nublo.tv\/index.php\/wp-json\/wp\/v2\/tags?post=2935"}],"curies":[{"name":"wp","href":"https:\/\/api.w.org\/{rel}","templated":true}]}}