{"id":2937,"date":"2026-08-10T19:17:19","date_gmt":"2026-08-10T18:17:19","guid":{"rendered":"https:\/\/nublo.tv\/?p=2937"},"modified":"2026-08-29T08:57:49","modified_gmt":"2026-08-29T07:57:49","slug":"bando-alcaldia-26-2026","status":"publish","type":"post","link":"https:\/\/nublo.tv\/index.php\/2026\/08\/10\/bando-alcaldia-26-2026\/","title":{"rendered":"Bando Alcald\u00eda 26\/2026"},"content":{"rendered":"<div class=\"et_pb_section et_pb_section_6 et_section_regular\">\n<div class=\"et_pb_row et_pb_row_9\">\n<div class=\"et_pb_column et_pb_column_4_4 et_pb_column_14  et_pb_css_mix_blend_mode_passthrough et-last-child\">\n<div class=\"et_pb_module et_pb_image et_pb_image_8\">\n<p>\t\t\t\t<span class=\"et_pb_image_wrap \"><img decoding=\"async\" loading=\"lazy\" width=\"1200\" height=\"643\" src=\"https:\/\/tejeda.eu\/wp-content\/uploads\/2026\/08\/BandoAlcaldia_26-2026WEB.png\" alt=\"\" title=\"Bando Alcald\u00eda 26\/2026\" class=\"wp-image-32463\" \/><\/span>\n\t\t\t<\/div>\n<\/p><\/div>\n<\/p><\/div>\n<div class=\"et_pb_row et_pb_row_10\">\n<div class=\"et_pb_column et_pb_column_3_4 et_pb_column_15  et_pb_css_mix_blend_mode_passthrough\">\n<div class=\"et_pb_module et_pb_text et_pb_text_6  et_pb_text_align_justified et_pb_bg_layout_light\">\n<div class=\"et_pb_text_inner\">\n<p><strong>Francisco Juan Perera Hern\u00e1ndez<\/strong>,\u00a0<strong>Alcalde-Presidente<\/strong>\u00a0del\u00a0<strong>Ilustre Ayuntamiento de Tejeda<\/strong>, hace saber:<\/p>\n<p dir=\"ltr\">Que con motivo de la celebraci\u00f3n del \u201cTejeda Joven Fest 2026\u201d, que se celebrar\u00e1 desde las 16:00 horas del viernes 31\/07\/2026 y hasta las 04:00 horas del 01\/08\/2026, y de conformidad con el Decreto n\u00ba 2026-0724, de fecha 22\/07\/2026, se hace p\u00fablico lo siguiente:<\/p>\n<p dir=\"ltr\">PRIMERO: Se autoriza la ampliaci\u00f3n excepcional del horario de cierre hasta las 03:00 horas del d\u00eda 01\/08\/2026 de los bares, restaurantes y chiringuitos y dem\u00e1s establecimientos sometidos al r\u00e9gimen de horarios previsto en el Reglamento de actividades clasificadas y espect\u00e1culos p\u00fablicos, con motivo de la celebraci\u00f3n del evento \u00abTejeda Joven Fest 2026\u00bb.<\/p>\n<p dir=\"ltr\">SEGUNDO: La presente autorizaci\u00f3n ser\u00e1 de aplicaci\u00f3n exclusivamente durante la celebraci\u00f3n del evento, en la noche del d\u00eda 31\/07\/2026 hasta las 03:00 horas del d\u00eda 01\/08\/2026.<\/p>\n<p dir=\"ltr\">TERCERO: La ampliaci\u00f3n horaria autorizada no exime a los titulares de los establecimientos del cumplimiento de las restantes obligaciones establecidas en la normativa vigente, especialmente en materia de seguridad ciudadana, protecci\u00f3n contra la contaminaci\u00f3n ac\u00fastica, protecci\u00f3n de menores, consumo de bebidas alcoh\u00f3licas, accesibilidad, prevenci\u00f3n de riesgos, limpieza, convivencia ciudadana y dem\u00e1s disposiciones que resulten de aplicaci\u00f3n.<\/p>\n<p dir=\"ltr\">CUARTO: Los locales cercanos y en las inmediaciones durante la celebraci\u00f3n de los actos no podr\u00e1n dispensar las bebidas en vasos de vidrio. Los puestos, quioscos o auto-bares de la zona de los actos previstos deber\u00e1n de dispensar la comida en envases desechables y la bebida no podr\u00e1 ser distribuida en vasos de vidrio.<\/p>\n<p dir=\"ltr\">QUINTO: La presente autorizaci\u00f3n se entiende sin perjuicio de las facultades de inspecci\u00f3n y control que corresponden a la Polic\u00eda Local, Guardia Civil y dem\u00e1s Administraciones competentes, pudiendo adoptarse las medidas que procedan en caso de incumplimiento de la normativa aplicable.<\/p>\n<p dir=\"ltr\">SEXTO: Dar traslado de la presente Resoluci\u00f3n a la Polic\u00eda Local, al Puesto de la Guardia Civil de Tejeda, al Cabildo de Gran Canaria, a los servicios municipales competentes y a las asociaciones o titulares de los establecimientos afectados para su conocimiento y efectos oportunos.<\/p>\n<p dir=\"ltr\">S\u00c9PTIMO: Ordenar la publicaci\u00f3n de la presente Resoluci\u00f3n en el tabl\u00f3n de anuncios, sede electr\u00f3nica y dem\u00e1s medios de difusi\u00f3n municipal, a fin de garantizar su p\u00fablico conocimiento.<\/p>\n<\/div><\/div>\n<\/p><\/div>\n<div class=\"et_pb_column et_pb_column_1_4 et_pb_column_16  et_pb_css_mix_blend_mode_passthrough et-last-child\">\n<div class=\"et_pb_module et_pb_image et_pb_image_9\">\n<p>\t\t\t\t<a href=\"https:\/\/tejeda.eu\/bandoalcaldia_26-2026-2\/\" target=\"_blank\"><span class=\"et_pb_image_wrap \"><img decoding=\"async\" loading=\"lazy\" width=\"1811\" height=\"2560\" src=\"https:\/\/tejeda.eu\/wp-content\/uploads\/2026\/08\/BandoAlcaldia_26-2026-scaled.jpg\" alt=\"\" title=\"Bando Alcald\u00eda 26\/2026\" class=\"wp-image-32464\" \/><\/span><\/a>\n\t\t\t<\/div>\n<div class=\"et_pb_button_module_wrapper et_pb_button_3_wrapper et_pb_button_alignment_center et_pb_module \">\n\t\t\t\t<a class=\"et_pb_button et_pb_button_3 et_pb_bg_layout_light\" href=\"https:\/\/tejeda.eu\/bandoalcaldia_26-2026-2\/\" target=\"_blank\">Descargar<\/a>\n\t\t\t<\/div>\n<\/p><\/div>\n<\/p><\/div>\n<\/p><\/div>\n<p>eu\u00bb>Ayuntamiento de Tejeda<\/a>.<\/p>\n","protected":false},"excerpt":{"rendered":"<p>Francisco Juan Perera Hern\u00e1ndez,\u00a0Alcalde-Presidente\u00a0del\u00a0Ilustre Ayuntamiento de Tejeda, hace saber: Que con motivo de la celebraci\u00f3n del \u201cTejeda Joven Fest 2026\u201d, que se celebrar\u00e1 desde las 16:00 horas del viernes 31\/07\/2026&hellip;<\/p>\n","protected":false},"author":1,"featured_media":2938,"comment_status":"open","ping_status":"open","sticky":false,"template":"","format":"standard","meta":{"wpai_generated_summary":"","wpai_meta_description":"","footnotes":""},"categories":[139],"tags":[],"class_list":["post-2937","post","type-post","status-publish","format-standard","has-post-thumbnail","hentry","category-ayuntamiento-de-tejeda"],"_links":{"self":[{"href":"https:\/\/nublo.tv\/index.php\/wp-json\/wp\/v2\/posts\/2937","targetHints":{"allow":["GET"]}}],"collection":[{"href":"https:\/\/nublo.tv\/index.php\/wp-json\/wp\/v2\/posts"}],"about":[{"href":"https:\/\/nublo.tv\/index.php\/wp-json\/wp\/v2\/types\/post"}],"author":[{"embeddable":true,"href":"https:\/\/nublo.tv\/index.php\/wp-json\/wp\/v2\/users\/1"}],"replies":[{"embeddable":true,"href":"https:\/\/nublo.tv\/index.php\/wp-json\/wp\/v2\/comments?post=2937"}],"version-history":[{"count":2,"href":"https:\/\/nublo.tv\/index.php\/wp-json\/wp\/v2\/posts\/2937\/revisions"}],"predecessor-version":[{"id":18113,"href":"https:\/\/nublo.tv\/index.php\/wp-json\/wp\/v2\/posts\/2937\/revisions\/18113"}],"wp:featuredmedia":[{"embeddable":true,"href":"https:\/\/nublo.tv\/index.php\/wp-json\/wp\/v2\/media\/2938"}],"wp:attachment":[{"href":"https:\/\/nublo.tv\/index.php\/wp-json\/wp\/v2\/media?parent=2937"}],"wp:term":[{"taxonomy":"category","embeddable":true,"href":"https:\/\/nublo.tv\/index.php\/wp-json\/wp\/v2\/categories?post=2937"},{"taxonomy":"post_tag","embeddable":true,"href":"https:\/\/nublo.tv\/index.php\/wp-json\/wp\/v2\/tags?post=2937"}],"curies":[{"name":"wp","href":"https:\/\/api.w.org\/{rel}","templated":true}]}}