{"id":296,"date":"2026-08-04T17:19:27","date_gmt":"2026-08-04T16:19:27","guid":{"rendered":"https:\/\/nublo.tv\/?p=296"},"modified":"2026-08-04T17:19:27","modified_gmt":"2026-08-04T16:19:27","slug":"la-asociacion-de-vecinos-de-lo-blanco-celebra-sus-50-anos-de-historia","status":"publish","type":"post","link":"https:\/\/nublo.tv\/index.php\/2026\/08\/04\/la-asociacion-de-vecinos-de-lo-blanco-celebra-sus-50-anos-de-historia\/","title":{"rendered":"La Asociaci\u00f3n de Vecinos de Lo Blanco celebra sus 50 a\u00f1os de historia"},"content":{"rendered":"<p><strong>El programa festivo acogi\u00f3 este lunes 3 de agosto una charla-coloquio sobre la historia del barrio, donde se entreg\u00f3 placas conmemorativas del 50 aniversario a los ponentes y a las personas que han presidido la Asociaci\u00f3n vecinal de San Antonio M\u00aa Claret durante estos a\u00f1os.<\/strong><\/p>\n<p>Lo Blanco celebra el 50 aniversario de la Asociaci\u00f3n de Vecinos San Antonio M\u00aa Claret \u00a0con un programa de actos que pone en valor la historia y la identidad de este barrio terorense. Entre las actividades conmemorativas destac\u00f3 este lunes 3 de agosto la charla-coloquio en la que participaron Gonzalo Ortega Ojeda, ling\u00fcista y catedr\u00e1tico de Lengua, Gustavo Alexis Trujillo, historiador, Inmaculada Rodr\u00edguez Naranjo, presidenta de la Asociaci\u00f3n de Vecinos; y Sergio Nuez Ramos, primer teniente de alcalde del Ayuntamiento de Teror.<\/p>\n<p><a href=\"https:\/\/teror.es\/wp-content\/uploads\/2026\/08\/04_charla-LoBlanco1-scaled.jpg\"><img loading=\"lazy\" decoding=\"async\" class=\"alignright size-vp_sm wp-image-98721\" src=\"https:\/\/teror.es\/wp-content\/uploads\/2026\/08\/04_charla-LoBlanco1-500x375.jpg\" alt=\"\" width=\"500\" height=\"375\"><\/a> <a href=\"https:\/\/teror.es\/wp-content\/uploads\/2026\/08\/04_charla-LoBlanco3-scaled.jpg\"><img loading=\"lazy\" decoding=\"async\" class=\"alignright size-vp_sm wp-image-98723\" src=\"https:\/\/teror.es\/wp-content\/uploads\/2026\/08\/04_charla-LoBlanco3-500x375.jpg\" alt=\"\" width=\"500\" height=\"375\"><\/a> <a href=\"https:\/\/teror.es\/wp-content\/uploads\/2026\/08\/04_charla-LoBlanco4.jpeg\"><img decoding=\"async\" loading=\"lazy\" class=\"alignright size-vp_sm wp-image-98724\" src=\"https:\/\/teror.es\/wp-content\/uploads\/2026\/08\/04_charla-LoBlanco4-500x402.jpeg\" alt=\"\" width=\"500\" height=\"402\"><\/a> <a href=\"https:\/\/teror.es\/wp-content\/uploads\/2026\/08\/04_charla-LoBlanco5.jpeg\"><img decoding=\"async\" loading=\"lazy\" class=\"alignright size-vp_sm wp-image-98725\" src=\"https:\/\/teror.es\/wp-content\/uploads\/2026\/08\/04_charla-LoBlanco5-500x342.jpeg\" alt=\"\" width=\"500\" height=\"342\"><\/a>Durante el encuentro se realiz\u00f3 un recorrido por los or\u00edgenes y la evoluci\u00f3n del barrio a lo largo de estas cinco d\u00e9cadas. Adem\u00e1s, se proyect\u00f3 un v\u00eddeo conmemorativo que repas\u00f3 los momentos m\u00e1s significativos de la historia de Lo Blanco a trav\u00e9s de fotograf\u00edas, testimonios y recuerdos de sus vecinos y vecinas.<\/p>\n<p>Uno de los momentos m\u00e1s destacados del acto fue la entrega de placas conmemorativas del 50 aniversario a los ponentes y a las personas que han presidido la Asociaci\u00f3n de Vecinos durante estos a\u00f1os: Aurelio de Rosario Hern\u00e1ndez, N\u00e9lida P\u00e9rez Toledo,\u00a0 \u00c1ngel Garc\u00eda Dom\u00ednguez, Josefa Mart\u00edn Guerra y la actual presidenta, Inmaculada Rodr\u00edguez Naranjo, en reconocimiento a su dedicaci\u00f3n y compromiso con el barrio.<\/p>\n<p>La jornada concluy\u00f3 con la actuaci\u00f3n del Grupo de \u2018Amigos de El \u00c1lamo\u2019, que puso el broche final a una emotiva celebraci\u00f3n marcada por el recuerdo, el reconocimiento y el orgullo de pertenencia a Lo Blanco.<\/p>\n<p class=\"placeholder\">\n                                [ Placeholder content for popup link ]<br \/>\n                                <a href=\"https:\/\/www.wpdownloadmanager.com\/\">WordPress Download Manager &#8211; Best Download Management Plugin<\/a>\n                            <\/p>\n","protected":false},"excerpt":{"rendered":"<p>El programa festivo acogi\u00f3 este lunes 3 de agosto una charla-coloquio sobre la historia del barrio, donde se entreg\u00f3 placas conmemorativas del 50 aniversario a los ponentes y a las&hellip;<\/p>\n","protected":false},"author":21,"featured_media":298,"comment_status":"open","ping_status":"open","sticky":false,"template":"","format":"standard","meta":{"wpai_generated_summary":"","wpai_meta_description":"","footnotes":""},"categories":[141],"tags":[],"class_list":["post-296","post","type-post","status-publish","format-standard","has-post-thumbnail","hentry","category-ayuntamiento-de-teror"],"_links":{"self":[{"href":"https:\/\/nublo.tv\/index.php\/wp-json\/wp\/v2\/posts\/296","targetHints":{"allow":["GET"]}}],"collection":[{"href":"https:\/\/nublo.tv\/index.php\/wp-json\/wp\/v2\/posts"}],"about":[{"href":"https:\/\/nublo.tv\/index.php\/wp-json\/wp\/v2\/types\/post"}],"author":[{"embeddable":true,"href":"https:\/\/nublo.tv\/index.php\/wp-json\/wp\/v2\/users\/21"}],"replies":[{"embeddable":true,"href":"https:\/\/nublo.tv\/index.php\/wp-json\/wp\/v2\/comments?post=296"}],"version-history":[{"count":1,"href":"https:\/\/nublo.tv\/index.php\/wp-json\/wp\/v2\/posts\/296\/revisions"}],"predecessor-version":[{"id":405,"href":"https:\/\/nublo.tv\/index.php\/wp-json\/wp\/v2\/posts\/296\/revisions\/405"}],"wp:featuredmedia":[{"embeddable":true,"href":"https:\/\/nublo.tv\/index.php\/wp-json\/wp\/v2\/media\/298"}],"wp:attachment":[{"href":"https:\/\/nublo.tv\/index.php\/wp-json\/wp\/v2\/media?parent=296"}],"wp:term":[{"taxonomy":"category","embeddable":true,"href":"https:\/\/nublo.tv\/index.php\/wp-json\/wp\/v2\/categories?post=296"},{"taxonomy":"post_tag","embeddable":true,"href":"https:\/\/nublo.tv\/index.php\/wp-json\/wp\/v2\/tags?post=296"}],"curies":[{"name":"wp","href":"https:\/\/api.w.org\/{rel}","templated":true}]}}