{"id":3,"date":"2026-08-04T17:19:27","date_gmt":"2026-08-04T16:19:27","guid":{"rendered":"https:\/\/nublo.tv\/?p=3"},"modified":"2026-08-04T17:19:27","modified_gmt":"2026-08-04T16:19:27","slug":"el-fotosub-sardina-abre-sus-inscripciones-para-su-duodecima-edicion","status":"publish","type":"post","link":"https:\/\/nublo.tv\/index.php\/2026\/08\/04\/el-fotosub-sardina-abre-sus-inscripciones-para-su-duodecima-edicion\/","title":{"rendered":"El FotoSub Sardina abre sus inscripciones para su duod\u00e9cima edici\u00f3n"},"content":{"rendered":"<p>El Ayuntamiento de G\u00e1ldar, a trav\u00e9s de la Concejal\u00eda de Turismo, que dirige Ulises Miranda Guerra, con la colaboraci\u00f3n de la Concejal\u00eda de Desarrollo Socioecon\u00f3mico, que dirige Tine Mart\u00edn y Turismo de Gran Canaria, anuncia la celebraci\u00f3n de la XII edici\u00f3n del FotoSub Sardina, que se celebrar\u00e1 el 2, 3 y 4 de octubre, y que ya ha abierto sus inscripciones a trav\u00e9s de la web <a href=\"http:\/\/www.fotosubsardina2026.com\" rel=\"noopener\" target=\"_blank\">www.fotosubsardina2026.com<\/a>.<\/p>\n<p>En esas fechas los equipos de fotograf\u00eda submarina se sumergir\u00e1n en la bah\u00eda de Sardina con el fin de captar las fotograf\u00edas submarinas m\u00e1s impresionantes y aspirar a sus numerosos premios con las cl\u00e1sicas categor\u00edas: CazaFotoSub de fotograf\u00eda en apnea y Open Fotosub, as\u00ed como el Reels Challenge (v\u00eddeos cortos verticales para creadores de contenido con plazo de inscripci\u00f3n hasta el 12 de agosto), que se repite por segundo a\u00f1o consecutivo tras el \u00e9xito de la pasada edici\u00f3n. Todas las competiciones contar\u00e1n con la supervisi\u00f3n t\u00e9cnica de Pedro Almeida, fundador y director t\u00e9cnico del evento.<\/p>\n<p>Al igual que en los a\u00f1os anteriores el FotoSub contar\u00e1 con la categor\u00eda de fotograf\u00eda en apnea, el CazaFotoSub, que se celebrar\u00e1 el viernes y est\u00e1 dotada con un total de 1.800 euros en premios. Los competidores dispondr\u00e1n de cinco horas en el agua para fotografiar el mayor n\u00famero posible de especies distintas, enfrent\u00e1ndose al desaf\u00edo de identificar m\u00e1s de 80 especies sin tanques de buceo.<\/p>\n<p>Por su parte, el Open Fotosub se realiza exclusivamente en la modalidad de parejas s\u00e1bado 3 de octubre. Con el objetivo de atraer a profesionales de alto nivel de toda Espa\u00f1a, esta duod\u00e9cima edici\u00f3n presenta un reglamento renovado y un imponente fondo total de 5.200 euros en premios.<\/p>\n<p>Por \u00faltimo, el Reels Challenge se llevar\u00e1 a cabo durante el mes de septiembre. La participaci\u00f3n se desarrolla en pareja para la creaci\u00f3n de un reel de un minuto que destaque la riqueza cultural y tur\u00edstica de nuestros fondos marinos y opta a 1.000 euros en premios en met\u00e1lico.<\/p>\n<p>Tambi\u00e9n tendr\u00e1n lugar las habituales citas con el bautismo en el buceo (previa inscripci\u00f3n) as\u00ed como el Fotosub escolar, en el que alumnado desarrollar\u00e1 rutas de snorkel.<\/p>\n","protected":false},"excerpt":{"rendered":"<p>El Ayuntamiento de G\u00e1ldar, a trav\u00e9s de la Concejal\u00eda de Turismo, que dirige Ulises Miranda Guerra, con la colaboraci\u00f3n de la Concejal\u00eda de Desarrollo Socioecon\u00f3mico, que dirige Tine Mart\u00edn y&hellip;<\/p>\n","protected":false},"author":2,"featured_media":4,"comment_status":"open","ping_status":"open","sticky":false,"template":"","format":"standard","meta":{"wpai_generated_summary":"","wpai_meta_description":"","footnotes":""},"categories":[129],"tags":[],"class_list":["post-3","post","type-post","status-publish","format-standard","has-post-thumbnail","hentry","category-ayuntamiento-de-galdar"],"_links":{"self":[{"href":"https:\/\/nublo.tv\/index.php\/wp-json\/wp\/v2\/posts\/3","targetHints":{"allow":["GET"]}}],"collection":[{"href":"https:\/\/nublo.tv\/index.php\/wp-json\/wp\/v2\/posts"}],"about":[{"href":"https:\/\/nublo.tv\/index.php\/wp-json\/wp\/v2\/types\/post"}],"author":[{"embeddable":true,"href":"https:\/\/nublo.tv\/index.php\/wp-json\/wp\/v2\/users\/2"}],"replies":[{"embeddable":true,"href":"https:\/\/nublo.tv\/index.php\/wp-json\/wp\/v2\/comments?post=3"}],"version-history":[{"count":1,"href":"https:\/\/nublo.tv\/index.php\/wp-json\/wp\/v2\/posts\/3\/revisions"}],"predecessor-version":[{"id":431,"href":"https:\/\/nublo.tv\/index.php\/wp-json\/wp\/v2\/posts\/3\/revisions\/431"}],"wp:featuredmedia":[{"embeddable":true,"href":"https:\/\/nublo.tv\/index.php\/wp-json\/wp\/v2\/media\/4"}],"wp:attachment":[{"href":"https:\/\/nublo.tv\/index.php\/wp-json\/wp\/v2\/media?parent=3"}],"wp:term":[{"taxonomy":"category","embeddable":true,"href":"https:\/\/nublo.tv\/index.php\/wp-json\/wp\/v2\/categories?post=3"},{"taxonomy":"post_tag","embeddable":true,"href":"https:\/\/nublo.tv\/index.php\/wp-json\/wp\/v2\/tags?post=3"}],"curies":[{"name":"wp","href":"https:\/\/api.w.org\/{rel}","templated":true}]}}