{"id":300,"date":"2026-08-04T17:19:27","date_gmt":"2026-08-04T16:19:27","guid":{"rendered":"https:\/\/nublo.tv\/?p=300"},"modified":"2026-08-04T17:19:27","modified_gmt":"2026-08-04T16:19:27","slug":"el-barrio-del-pino-celebra-sus-fiestas-de-san-cayetano-el-7-y-9-de-agosto","status":"publish","type":"post","link":"https:\/\/nublo.tv\/index.php\/2026\/08\/04\/el-barrio-del-pino-celebra-sus-fiestas-de-san-cayetano-el-7-y-9-de-agosto\/","title":{"rendered":"El Barrio del Pino celebra sus fiestas de San Cayetano el 7 y 9 de agosto"},"content":{"rendered":"<p><strong>El programa de festivo ofrece el viernes 7 actuaci\u00f3n musical y el domingo 9, d\u00eda principal, actividades infantiles y actos religiosos.<\/strong><\/p>\n<p>Barrio del Pino celebra el pr\u00f3ximo fin de semana sus fiestas en honor a San Cayetano, con un programa de actos l\u00fadicos y religioso que se desarrollar\u00e1 los d\u00edas 7 y 9 de agosto.<\/p>\n<p>El viernes 7 de agosto, a las 20:30 horas, tendr\u00e1 lugar la actuaci\u00f3n musical de Yamiley con Mariachi Pele\u00f3n. El domingo 9 de agosto, d\u00eda principal de la festividad, durante la ma\u00f1ana desde las 11:00 a las 13:00 horas, se desarrollar\u00e1n actividades y, a partir de las 20:00 horas tendr\u00e1 lugar la Misa y procesi\u00f3n en honor a San Cayetano, con el acompa\u00f1amiento de la Parranda de San Cayetano.<\/p>\n<p>Desde la Comisi\u00f3n de fiestas y directiva de la Asociaci\u00f3n de Vecinos San Cayetano, y el \u00c1rea de Participaci\u00f3n Ciudadana, dirigida por el edil\u00a0 Manuel Far\u00edas Barrios, se invita a la vecindad a participar en los actos festivos.<\/p>\n<p class=\"placeholder\">\n                                [ Placeholder content for popup link ]<br \/>\n                                <a href=\"https:\/\/www.wpdownloadmanager.com\/\">WordPress Download Manager &#8211; Best Download Management Plugin<\/a>\n                            <\/p>\n","protected":false},"excerpt":{"rendered":"<p>El programa de festivo ofrece el viernes 7 actuaci\u00f3n musical y el domingo 9, d\u00eda principal, actividades infantiles y actos religiosos.Barrio del Pino celebra el pr\u00f3ximo fin de semana sus&hellip;<\/p>\n","protected":false},"author":21,"featured_media":302,"comment_status":"open","ping_status":"open","sticky":false,"template":"","format":"standard","meta":{"wpai_generated_summary":"","wpai_meta_description":"","footnotes":""},"categories":[141],"tags":[],"class_list":["post-300","post","type-post","status-publish","format-standard","has-post-thumbnail","hentry","category-ayuntamiento-de-teror"],"_links":{"self":[{"href":"https:\/\/nublo.tv\/index.php\/wp-json\/wp\/v2\/posts\/300","targetHints":{"allow":["GET"]}}],"collection":[{"href":"https:\/\/nublo.tv\/index.php\/wp-json\/wp\/v2\/posts"}],"about":[{"href":"https:\/\/nublo.tv\/index.php\/wp-json\/wp\/v2\/types\/post"}],"author":[{"embeddable":true,"href":"https:\/\/nublo.tv\/index.php\/wp-json\/wp\/v2\/users\/21"}],"replies":[{"embeddable":true,"href":"https:\/\/nublo.tv\/index.php\/wp-json\/wp\/v2\/comments?post=300"}],"version-history":[{"count":1,"href":"https:\/\/nublo.tv\/index.php\/wp-json\/wp\/v2\/posts\/300\/revisions"}],"predecessor-version":[{"id":408,"href":"https:\/\/nublo.tv\/index.php\/wp-json\/wp\/v2\/posts\/300\/revisions\/408"}],"wp:featuredmedia":[{"embeddable":true,"href":"https:\/\/nublo.tv\/index.php\/wp-json\/wp\/v2\/media\/302"}],"wp:attachment":[{"href":"https:\/\/nublo.tv\/index.php\/wp-json\/wp\/v2\/media?parent=300"}],"wp:term":[{"taxonomy":"category","embeddable":true,"href":"https:\/\/nublo.tv\/index.php\/wp-json\/wp\/v2\/categories?post=300"},{"taxonomy":"post_tag","embeddable":true,"href":"https:\/\/nublo.tv\/index.php\/wp-json\/wp\/v2\/tags?post=300"}],"curies":[{"name":"wp","href":"https:\/\/api.w.org\/{rel}","templated":true}]}}