{"id":3039,"date":"2026-08-10T23:15:52","date_gmt":"2026-08-10T22:15:52","guid":{"rendered":"https:\/\/nublo.tv\/?p=3039"},"modified":"2026-08-27T12:35:27","modified_gmt":"2026-08-27T11:35:27","slug":"convocatoria-de-subvenciones-destinadas-a-obras-de-reparacion-de-primera-necesidad-en-viviendas-de-personas-en-situacion-de-vulnerabilidad-2026","status":"publish","type":"post","link":"https:\/\/nublo.tv\/index.php\/2026\/08\/10\/convocatoria-de-subvenciones-destinadas-a-obras-de-reparacion-de-primera-necesidad-en-viviendas-de-personas-en-situacion-de-vulnerabilidad-2026\/","title":{"rendered":"CONVOCATORIA DE SUBVENCIONES DESTINADAS A OBRAS DE REPARACI\u00d3N DE PRIMERA NECESIDAD EN VIVIENDAS DE PERSONAS EN SITUACI\u00d3N DE VULNERABILIDAD 2026."},"content":{"rendered":"\n<div data-elementor-type=\"wp-post\" data-elementor-id=\"3011\" class=\"elementor elementor-3011\">\n<div class=\"elementor-element elementor-element-66340e1 e-flex e-con-boxed wpr-particle-no wpr-jarallax-no wpr-parallax-no wpr-sticky-section-no wpr-column-slider-no wpr-equal-height-no e-con e-parent\" data-id=\"66340e1\" data-element_type=\"container\" data-e-type=\"container\">\n<div class=\"e-con-inner\">\n<div class=\"elementor-element elementor-element-e21fbd5 elementor-widget elementor-widget-heading\" data-id=\"e21fbd5\" data-element_type=\"widget\" data-e-type=\"widget\" data-widget_type=\"heading.default\">\n<h1 class=\"elementor-heading-title elementor-size-default\">Convocatoria de subvenciones destinadas a obras de reparaci\u00f3n de primera necesidad en viviendas de personas en situaci\u00f3n de vulnerabilidad 2026. <\/h1>\n<\/p><\/div>\n<\/p><\/div>\n<\/p><\/div>\n<div class=\"elementor-element elementor-element-a70fe3b e-flex e-con-boxed wpr-particle-no wpr-jarallax-no wpr-parallax-no wpr-sticky-section-no wpr-column-slider-no wpr-equal-height-no e-con e-parent\" data-id=\"a70fe3b\" data-element_type=\"container\" data-e-type=\"container\">\n<div class=\"e-con-inner\">\n<div class=\"elementor-element elementor-element-58ff254 elementor-widget elementor-widget-text-editor\" data-id=\"58ff254\" data-element_type=\"widget\" data-e-type=\"widget\" data-widget_type=\"text-editor.default\">\n<p>Fecha de inicio: 14-05-2026<br \/>Fecha finalizaci\u00f3n: 15-06-2026<\/p>\n<\/p><\/div>\n<\/p><\/div>\n<\/p><\/div>\n<div class=\"elementor-element elementor-element-669c667 e-flex e-con-boxed wpr-particle-no wpr-jarallax-no wpr-parallax-no wpr-sticky-section-no wpr-column-slider-no wpr-equal-height-no e-con e-parent\" data-id=\"669c667\" data-element_type=\"container\" data-e-type=\"container\">\n<div class=\"e-con-inner\">\n<div class=\"elementor-element elementor-element-3685995 elementor-widget elementor-widget-button\" data-id=\"3685995\" data-element_type=\"widget\" data-e-type=\"widget\" data-widget_type=\"button.default\">\n\t\t\t\t\t\t\t\t\t\t<a class=\"elementor-button elementor-button-link elementor-size-sm\" href=\"https:\/\/viviendagc.org\/elementor-2975\/\"><br \/>\n\t\t\t\t\t\t<span class=\"elementor-button-content-wrapper\"><br \/>\n\t\t\t\t\t\t\t\t\t<span class=\"elementor-button-text\">ver m\u00e1s<\/span><br \/>\n\t\t\t\t\t<\/span><br \/>\n\t\t\t\t\t<\/a>\n\t\t\t\t\t\t\t\t<\/div>\n<\/p><\/div>\n<\/p><\/div>\n<\/p><\/div>\n","protected":false},"excerpt":{"rendered":"<p>Convocatoria de subvenciones destinadas a obras de reparaci\u00f3n de primera necesidad en viviendas de personas en situaci\u00f3n de vulnerabilidad 2026. Fecha de inicio: 14-05-2026Fecha finalizaci\u00f3n: 15-06-2026 ver m\u00e1s<\/p>\n","protected":false},"author":1,"featured_media":3040,"comment_status":"open","ping_status":"open","sticky":false,"template":"","format":"standard","meta":{"wpai_generated_summary":"","wpai_meta_description":"","footnotes":""},"categories":[121],"tags":[],"class_list":["post-3039","post","type-post","status-publish","format-standard","has-post-thumbnail","hentry","category-noticias"],"_links":{"self":[{"href":"https:\/\/nublo.tv\/index.php\/wp-json\/wp\/v2\/posts\/3039","targetHints":{"allow":["GET"]}}],"collection":[{"href":"https:\/\/nublo.tv\/index.php\/wp-json\/wp\/v2\/posts"}],"about":[{"href":"https:\/\/nublo.tv\/index.php\/wp-json\/wp\/v2\/types\/post"}],"author":[{"embeddable":true,"href":"https:\/\/nublo.tv\/index.php\/wp-json\/wp\/v2\/users\/1"}],"replies":[{"embeddable":true,"href":"https:\/\/nublo.tv\/index.php\/wp-json\/wp\/v2\/comments?post=3039"}],"version-history":[{"count":1,"href":"https:\/\/nublo.tv\/index.php\/wp-json\/wp\/v2\/posts\/3039\/revisions"}],"predecessor-version":[{"id":3057,"href":"https:\/\/nublo.tv\/index.php\/wp-json\/wp\/v2\/posts\/3039\/revisions\/3057"}],"wp:featuredmedia":[{"embeddable":true,"href":"https:\/\/nublo.tv\/index.php\/wp-json\/wp\/v2\/posts\/3040"}],"wp:attachment":[{"href":"https:\/\/nublo.tv\/index.php\/wp-json\/wp\/v2\/media?parent=3039"}],"wp:term":[{"taxonomy":"category","embeddable":true,"href":"https:\/\/nublo.tv\/index.php\/wp-json\/wp\/v2\/categories?post=3039"},{"taxonomy":"post_tag","embeddable":true,"href":"https:\/\/nublo.tv\/index.php\/wp-json\/wp\/v2\/tags?post=3039"}],"curies":[{"name":"wp","href":"https:\/\/api.w.org\/{rel}","templated":true}]}}