{"id":304,"date":"2026-08-04T17:19:27","date_gmt":"2026-08-04T16:19:27","guid":{"rendered":"https:\/\/nublo.tv\/?p=304"},"modified":"2026-08-04T17:19:27","modified_gmt":"2026-08-04T16:19:27","slug":"ultima-semana-para-ver-la-exposicion-pictorica-teror-monumento-y-vida-de-vicente-herrera","status":"publish","type":"post","link":"https:\/\/nublo.tv\/index.php\/2026\/08\/04\/ultima-semana-para-ver-la-exposicion-pictorica-teror-monumento-y-vida-de-vicente-herrera\/","title":{"rendered":"\u00daltima semana para ver la exposici\u00f3n pict\u00f3rica \u2018Teror, monumento y vida\u2019, de Vicente Herrera"},"content":{"rendered":"<p><strong>La muestra permanece abierta hasta el viernes 7 de agosto en las salas del Centro de Turismo de Teror, en horario de 9:30 a 16:30 horas; y el martes y jueves de 9:30 a 20:00 horas, con acceso gratuito.<\/strong><\/p>\n<p>La exposici\u00f3n pict\u00f3rica \u2018Teror, monumento y vida\u2019, del terorense Vicente Herrera, permanecer\u00e1 abierta hasta el pr\u00f3ximo viernes 7 de agosto en las salas del \u00a0Centro de Turismo de Teror (Plaza del Pino) , tras recibir numerosas visitas desde su inauguraci\u00f3n el 10 de julio. La muestra est\u00e1 abierta en horario de lunes a s\u00e1bado, de 9:30 a 16:30 h.; y los martes y jueves de 09:30 a 20:00 h., con acceso gratuito.<\/p>\n<p><a href=\"https:\/\/teror.es\/wp-content\/uploads\/2026\/08\/04_expo-Monumento3-scaled.jpg\"><img loading=\"lazy\" decoding=\"async\" class=\"alignright size-vp_sm wp-image-98707\" src=\"https:\/\/teror.es\/wp-content\/uploads\/2026\/08\/04_expo-Monumento3-500x333.jpg\" alt=\"\" width=\"500\" height=\"333\"><\/a><a href=\"https:\/\/teror.es\/wp-content\/uploads\/2026\/08\/04_expo-Teror-Monumento2.jpeg\"><img loading=\"lazy\" decoding=\"async\" class=\"alignright size-vp_sm wp-image-98711\" src=\"https:\/\/teror.es\/wp-content\/uploads\/2026\/08\/04_expo-Teror-Monumento2-500x282.jpeg\" alt=\"\" width=\"500\" height=\"282\"><\/a> <a href=\"https:\/\/teror.es\/wp-content\/uploads\/2026\/08\/04_expo-Monumento1-scaled.jpg\"><img decoding=\"async\" loading=\"lazy\" class=\"alignright size-vp_sm wp-image-98708\" src=\"https:\/\/teror.es\/wp-content\/uploads\/2026\/08\/04_expo-Monumento1-500x333.jpg\" alt=\"\" width=\"500\" height=\"333\"><\/a> <a href=\"https:\/\/teror.es\/wp-content\/uploads\/2026\/08\/04_expo-Monumento2-scaled.jpg\"><img decoding=\"async\" loading=\"lazy\" class=\"alignright size-vp_sm wp-image-98709\" src=\"https:\/\/teror.es\/wp-content\/uploads\/2026\/08\/04_expo-Monumento2-500x333.jpg\" alt=\"\" width=\"500\" height=\"333\"><\/a>En la exposici\u00f3n organizada por el Ayuntamiento de Teror, desde las \u00e1reas de Cultura y Turismo, ha ido renovando cada semana varias de las pinturas expuestas, de forma que durante el mes se han exhibido un centenar de obras. Cada pintura tiene un verso que corresponde a un poema compuesto por el cronista oficial de Teror, Jos\u00e9 Luis Y\u00e1nez, para la exposici\u00f3n.<\/p>\n<p>Vicente Herrera expone por primera vez en Teror su obra pict\u00f3rica, dentro del programa de actos de la Fiesta del Agua, con Teror como protagonista, a trav\u00e9s de personajes, lugares e instantes retratados con un estilo figurativo.-<\/p>\n<p>El proyecto pict\u00f3rico \u2018Teror, monumento y vida\u2019 lo inici\u00f3 Vicente por su afici\u00f3n a la fotograf\u00eda. Los instantes irrepetibles sobre la vida cotidiana que intentaba capturar con el objetivo de la c\u00e1mara, empez\u00f3 a llevarlos luego con el pincel al lienzo. \u201cEn la pintura trato tambi\u00e9n de \u2018detener el tiempo\u2019, captando la esencia de las personas y los lugares de forma figurativa. Me gusta compartir emociones de instantes de la vida cotidiana. No pretendo tanto conseguir que se valore mi obra por la t\u00e9cnica, sino por los recuerdos que transmita a distintas generaciones\u201d, explica el autor.<\/p>\n<p>Vicente trata de hacer hablar a personajes reconocibles a trav\u00e9s de sus valores, su mirada o sus oficios y aficiones. Por eso, prefiere pintar aquello que le rodea, a personas con las que puede conversar y reconocer; lugares que pueda contemplar y disfrutar, que le hayan aportado recuerdos con el deseo de que perduren en el tiempo.<strong>\u00a0<\/strong><\/p>\n<p>Su trayectoria pict\u00f3rica es relativamente corta. Sin embargo, en solo cinco a\u00f1os ha realizado unas 130 obras, de las que expone en torno a un centenar en esta exposici\u00f3n. Su pasi\u00f3n por el arte de la fotograf\u00eda, el dibujo y la pintura le viene de muy joven, aunque ha sido tras la jubilaci\u00f3n cuando ha podido dedicarse plenamente a esta afici\u00f3n.<\/p>\n<p>\u201cDurante mi vida laboral de m\u00e1s de cuatro d\u00e9cadas en el mundo del marketing y la publicidad, pude educar y cultivar el instinto fotogr\u00e1fico que luego me ha llevado a la pintura, como retratista y captador de instantes y espacios del entorno que me rodea. Ese aprendizaje de a\u00f1os me permite ahora plasmar mejor lo que veo con la pintura\u201d- explica Vicente Herrera, quien reconoce que \u201cme quito el sombrero como pintor ante las muchas personas que he retratado, por entregarme instantes tan valiosos que he podido plasmar para que permanezcan fijados en la retina de todos\u201d.<\/p>\n<p class=\"placeholder\">\n                                [ Placeholder content for popup link ]<br \/>\n                                <a href=\"https:\/\/www.wpdownloadmanager.com\/\">WordPress Download Manager &#8211; Best Download Management Plugin<\/a>\n                            <\/p>\n","protected":false},"excerpt":{"rendered":"<p>La muestra permanece abierta hasta el viernes 7 de agosto en las salas del Centro de Turismo de Teror, en horario de 9:30 a 16:30 horas; y el martes y&hellip;<\/p>\n","protected":false},"author":21,"featured_media":306,"comment_status":"open","ping_status":"open","sticky":false,"template":"","format":"standard","meta":{"wpai_generated_summary":"","wpai_meta_description":"","footnotes":""},"categories":[141],"tags":[],"class_list":["post-304","post","type-post","status-publish","format-standard","has-post-thumbnail","hentry","category-ayuntamiento-de-teror"],"_links":{"self":[{"href":"https:\/\/nublo.tv\/index.php\/wp-json\/wp\/v2\/posts\/304","targetHints":{"allow":["GET"]}}],"collection":[{"href":"https:\/\/nublo.tv\/index.php\/wp-json\/wp\/v2\/posts"}],"about":[{"href":"https:\/\/nublo.tv\/index.php\/wp-json\/wp\/v2\/types\/post"}],"author":[{"embeddable":true,"href":"https:\/\/nublo.tv\/index.php\/wp-json\/wp\/v2\/users\/21"}],"replies":[{"embeddable":true,"href":"https:\/\/nublo.tv\/index.php\/wp-json\/wp\/v2\/comments?post=304"}],"version-history":[{"count":1,"href":"https:\/\/nublo.tv\/index.php\/wp-json\/wp\/v2\/posts\/304\/revisions"}],"predecessor-version":[{"id":412,"href":"https:\/\/nublo.tv\/index.php\/wp-json\/wp\/v2\/posts\/304\/revisions\/412"}],"wp:featuredmedia":[{"embeddable":true,"href":"https:\/\/nublo.tv\/index.php\/wp-json\/wp\/v2\/media\/306"}],"wp:attachment":[{"href":"https:\/\/nublo.tv\/index.php\/wp-json\/wp\/v2\/media?parent=304"}],"wp:term":[{"taxonomy":"category","embeddable":true,"href":"https:\/\/nublo.tv\/index.php\/wp-json\/wp\/v2\/categories?post=304"},{"taxonomy":"post_tag","embeddable":true,"href":"https:\/\/nublo.tv\/index.php\/wp-json\/wp\/v2\/tags?post=304"}],"curies":[{"name":"wp","href":"https:\/\/api.w.org\/{rel}","templated":true}]}}