{"id":3040,"date":"2026-08-10T23:15:57","date_gmt":"2026-08-10T22:15:57","guid":{"rendered":"https:\/\/nublo.tv\/?p=3040"},"modified":"2026-08-27T12:35:27","modified_gmt":"2026-08-27T11:35:27","slug":"subvencion-obras-de-primera-necesidad-en-viviendas-de-personas-en-situacion-de-vulnerabilidad-convocatoria-2026","status":"publish","type":"post","link":"https:\/\/nublo.tv\/index.php\/2026\/08\/10\/subvencion-obras-de-primera-necesidad-en-viviendas-de-personas-en-situacion-de-vulnerabilidad-convocatoria-2026\/","title":{"rendered":"SUBVENCI\u00d3N OBRAS DE PRIMERA NECESIDAD EN VIVIENDAS DE PERSONAS EN SITUACI\u00d3N DE VULNERABILIDAD. CONVOCATORIA 2026"},"content":{"rendered":"\n<div data-elementor-type=\"wp-post\" data-elementor-id=\"2975\" class=\"elementor elementor-2975\">\n<div class=\"elementor-element elementor-element-bf60a3c e-flex e-con-boxed wpr-particle-no wpr-jarallax-no wpr-parallax-no wpr-sticky-section-no wpr-column-slider-no wpr-equal-height-no e-con e-parent\" data-id=\"bf60a3c\" data-element_type=\"container\" data-e-type=\"container\">\n<div class=\"e-con-inner\">\n<div class=\"elementor-element elementor-element-85f2685 elementor-widget elementor-widget-text-editor\" data-id=\"85f2685\" data-element_type=\"widget\" data-e-type=\"widget\" data-widget_type=\"text-editor.default\">\n<p><em>13 mayo 2026<\/em><\/p>\n<\/p><\/div>\n<div class=\"elementor-element elementor-element-caf7743 elementor-widget elementor-widget-heading\" data-id=\"caf7743\" data-element_type=\"widget\" data-e-type=\"widget\" data-widget_type=\"heading.default\">\n<h3 class=\"elementor-heading-title elementor-size-default\">SUBVENCIONES DESTINADAS A OBRAS DE REPARACI\u00d3N DE PRIMERA NECESIDAD EN VIVIENDAS DE PERSONAS EN SITUACI\u00d3N DE VULNERABILIDAD 2026.<\/h3>\n<\/p><\/div>\n<div class=\"elementor-element elementor-element-80e4f87 elementor-widget elementor-widget-text-editor\" data-id=\"80e4f87\" data-element_type=\"widget\" data-e-type=\"widget\" data-widget_type=\"text-editor.default\">\n<p>Convocatoria para obras de reparaci\u00f3n de primera necesidad en viviendas de personas en situaci\u00f3n de<br \/>vulnerabilidad, 2026.<br \/>(BDNS: 904788)<\/p>\n<\/p><\/div>\n<div class=\"elementor-element elementor-element-19b587f elementor-widget__width-initial elementor-widget elementor-widget-text-editor\" data-id=\"19b587f\" data-element_type=\"widget\" data-e-type=\"widget\" data-widget_type=\"text-editor.default\">\n<p><strong>AVISO IMPORTANTE: Suspensi\u00f3n temporal de la atenci\u00f3n presencial<\/strong><\/p>\n<p>Se informa a la ciudadan\u00eda que, con motivo de la visita oficial de Su Santidad el Papa Le\u00f3n XIV a Gran Canaria y ante las importantes restricciones al tr\u00e1fico anunciadas por las autoridades en las principales infraestructuras viarias (GC-1, GC-3 y entorno del t\u00fanel de San Jos\u00e9), el Consorcio adaptar\u00e1 la prestaci\u00f3n de sus servicios para contribuir a la reducci\u00f3n de la movilidad.<\/p>\n<p>Por este motivo, se aplicar\u00e1n las siguientes medidas organizativas:<\/p>\n<ul>\n<li><strong>Jueves 11 y viernes 12 de junio de 2026:<\/strong> <strong>No habr\u00e1 atenci\u00f3n presencial al p\u00fablico<\/strong> en nuestras dependencias. Todo el personal del Consorcio continuar\u00e1 prestando sus servicios en modalidad de teletrabajo.<\/li>\n<li><strong>Tr\u00e1mites telem\u00e1ticos:<\/strong> Se recomienda e insta a la ciudadan\u00eda a utilizar la <strong>Sede Electr\u00f3nica oficial<\/strong> para llevar a cabo todas sus gestiones, solicitudes y tr\u00e1mites de manera operativa y segura durante estos d\u00edas.<\/li>\n<\/ul>\n<p><strong>Recordatorio sobre Subvenciones de Reparaci\u00f3n de Primera Necesidad<\/strong><\/p>\n<p>Aprovechamos para recordar que el pr\u00f3ximo <strong>lunes 15 de junio<\/strong> finaliza el plazo de presentaci\u00f3n de solicitudes para dicha convocatoria. Para garantizar la atenci\u00f3n, ese d\u00eda se ampliar\u00e1 el horario presencial hasta las <strong>15:00 horas<\/strong>, siendo esta franja extendida de uso exclusivo para personas que ya cuenten con <strong>cita previa concertada<\/strong>.<\/p>\n<p>Lamentamos las molestias que esta situaci\u00f3n excepcional pueda ocasionar y agradecemos enormemente su comprensi\u00f3n y colaboraci\u00f3n.<\/p>\n<\/p><\/div>\n<div class=\"elementor-element elementor-element-479e0b8 elementor-widget elementor-widget-button\" data-id=\"479e0b8\" data-element_type=\"widget\" data-e-type=\"widget\" data-widget_type=\"button.default\">\n\t\t\t\t\t\t\t\t\t\t<a class=\"elementor-button elementor-button-link elementor-size-sm\" href=\"https:\/\/drive.google.com\/file\/d\/1g-TLXtJKpPetDb8feaHcvZ-el5oio1Al\/view?usp=drive_link\" target=\"_blank\"><br \/>\n\t\t\t\t\t\t<span class=\"elementor-button-content-wrapper\"><br \/>\n\t\t\t\t\t\t<span class=\"elementor-button-icon\"><br \/>\n\t\t\t\t\t\t\t<\/span><br \/>\n\t\t\t\t\t\t\t\t\t<span class=\"elementor-button-text\">NOTA INFORMATIVA AMPLIACI\u00d3N HORARIO CITA 15-6-2026<\/span><br \/>\n\t\t\t\t\t<\/span><br \/>\n\t\t\t\t\t<\/a>\n\t\t\t\t\t\t\t\t<\/div>\n<div class=\"elementor-element elementor-element-f74e251 elementor-widget__width-initial elementor-widget elementor-widget-text-editor\" data-id=\"f74e251\" data-element_type=\"widget\" data-e-type=\"widget\" data-widget_type=\"text-editor.default\">\n<p><strong>Horario especial (solo el 15\/06\/2026):<\/strong> <strong><u>Atenci\u00f3n presencial prorrogada hasta las 15:00 horas (mediante el sistema de cita Previa).<\/u><\/strong><\/p>\n<\/p><\/div>\n<div class=\"elementor-element elementor-element-99392e3 elementor-widget elementor-widget-button\" data-id=\"99392e3\" data-element_type=\"widget\" data-e-type=\"widget\" data-widget_type=\"button.default\">\n\t\t\t\t\t\t\t\t\t\t<a class=\"elementor-button elementor-button-link elementor-size-sm\" href=\"https:\/\/drive.google.com\/file\/d\/1KuWWNCjkLSseUbpLF6RduAYZdP6ALmIN\/view?usp=drive_link\" target=\"_blank\"><br \/>\n\t\t\t\t\t\t<span class=\"elementor-button-content-wrapper\"><br \/>\n\t\t\t\t\t\t<span class=\"elementor-button-icon\"><br \/>\n\t\t\t\t\t\t\t<\/span><br \/>\n\t\t\t\t\t\t\t\t\t<span class=\"elementor-button-text\">convocatoria<\/span><br \/>\n\t\t\t\t\t<\/span><br \/>\n\t\t\t\t\t<\/a>\n\t\t\t\t\t\t\t\t<\/div>\n<div class=\"elementor-element elementor-element-a24dc5a elementor-widget elementor-widget-button\" data-id=\"a24dc5a\" data-element_type=\"widget\" data-e-type=\"widget\" data-widget_type=\"button.default\">\n\t\t\t\t\t\t\t\t\t\t<a class=\"elementor-button elementor-button-link elementor-size-sm\" href=\"https:\/\/drive.google.com\/file\/d\/1r9749m2UOIcP5QaL6m4oBtted9u6bpX4\/view?usp=drive_link\" target=\"_blank\"><br \/>\n\t\t\t\t\t\t<span class=\"elementor-button-content-wrapper\"><br \/>\n\t\t\t\t\t\t<span class=\"elementor-button-icon\"><br \/>\n\t\t\t\t\t\t\t<\/span><br \/>\n\t\t\t\t\t\t\t\t\t<span class=\"elementor-button-text\">solicitud<\/span><br \/>\n\t\t\t\t\t<\/span><br \/>\n\t\t\t\t\t<\/a>\n\t\t\t\t\t\t\t\t<\/div>\n<div class=\"elementor-element elementor-element-14fe984 elementor-widget elementor-widget-button\" data-id=\"14fe984\" data-element_type=\"widget\" data-e-type=\"widget\" data-widget_type=\"button.default\">\n\t\t\t\t\t\t\t\t\t\t<a class=\"elementor-button elementor-button-link elementor-size-sm\" href=\"https:\/\/drive.google.com\/file\/d\/1wHWbB6637GfVDKq-v4ACfcz81busP9vA\/view?usp=drive_link\" target=\"_blank\"><br \/>\n\t\t\t\t\t\t<span class=\"elementor-button-content-wrapper\"><br \/>\n\t\t\t\t\t\t<span class=\"elementor-button-icon\"><br \/>\n\t\t\t\t\t\t\t<\/span><br \/>\n\t\t\t\t\t\t\t\t\t<span class=\"elementor-button-text\">modelo de otorgamiento de representaci\u00f3n<\/span><br \/>\n\t\t\t\t\t<\/span><br \/>\n\t\t\t\t\t<\/a>\n\t\t\t\t\t\t\t\t<\/div>\n<div class=\"elementor-element elementor-element-4e80abd elementor-widget elementor-widget-button\" data-id=\"4e80abd\" data-element_type=\"widget\" data-e-type=\"widget\" data-widget_type=\"button.default\">\n\t\t\t\t\t\t\t\t\t\t<a class=\"elementor-button elementor-button-link elementor-size-sm\" href=\"https:\/\/drive.google.com\/file\/d\/1oDGEmSrH0c1WqvX6WXi65vwXDRcObrov\/view?usp=drive_link\" target=\"_blank\"><br \/>\n\t\t\t\t\t\t<span class=\"elementor-button-content-wrapper\"><br \/>\n\t\t\t\t\t\t<span class=\"elementor-button-icon\"><br \/>\n\t\t\t\t\t\t\t<\/span><br \/>\n\t\t\t\t\t\t\t\t\t<span class=\"elementor-button-text\">Documentaci\u00f3n a aportar junto al anexo i &#8211;  solicitud<\/span><br \/>\n\t\t\t\t\t<\/span><br \/>\n\t\t\t\t\t<\/a>\n\t\t\t\t\t\t\t\t<\/div>\n<div class=\"elementor-element elementor-element-93d1982 elementor-widget elementor-widget-text-editor\" data-id=\"93d1982\" data-element_type=\"widget\" data-e-type=\"widget\" data-widget_type=\"text-editor.default\">\n<p>Fecha de inicio: 14-05-2026 \/ Fecha de terminaci\u00f3n: 15-06-2026.<\/p>\n<p><span style=\"color: #3366ff\"><strong>Para la presentaci\u00f3n de solicitudes\/informaci\u00f3n es necesaria <\/strong><span style=\"text-decoration: underline\"><strong><strong>C<\/strong>ITA PREVIA<\/strong><\/span><\/span>. <span style=\"color: #3366ff\">S\u00f3lo se atender\u00e1 sin cita previa en horario de 9:00 a 10:30.\u00a0<\/span><\/p>\n<\/p><\/div>\n<div class=\"elementor-element elementor-element-1381c4f elementor-widget elementor-widget-button\" data-id=\"1381c4f\" data-element_type=\"widget\" data-e-type=\"widget\" data-widget_type=\"button.default\">\n\t\t\t\t\t\t\t\t\t\t<a class=\"elementor-button elementor-button-link elementor-size-sm\" href=\"https:\/\/viviendagc.org\/wp-content\/uploads\/2026\/07\/DECRETO-2026-0072-de-10-de-julio-de-ampliacion-de-plazo.pdf\" target=\"_blank\"><br \/>\n\t\t\t\t\t\t<span class=\"elementor-button-content-wrapper\"><br \/>\n\t\t\t\t\t\t<span class=\"elementor-button-icon\"><br \/>\n\t\t\t\t\t\t\t<\/span><br \/>\n\t\t\t\t\t\t\t\t\t<span class=\"elementor-button-text\">AMPLIACI\u00d3N DEL PLAZO DE RESOLUCI\u00d3N DE LA CONVOCATORIA<\/span><br \/>\n\t\t\t\t\t<\/span><br \/>\n\t\t\t\t\t<\/a>\n\t\t\t\t\t\t\t\t<\/div>\n<\/p><\/div>\n<\/p><\/div>\n<div class=\"elementor-element elementor-element-caa79d6 e-flex e-con-boxed wpr-particle-no wpr-jarallax-no wpr-parallax-no wpr-sticky-section-no wpr-column-slider-no wpr-equal-height-no e-con e-parent\" data-id=\"caa79d6\" data-element_type=\"container\" data-e-type=\"container\">\n<div class=\"e-con-inner\">\n<div class=\"elementor-element elementor-element-f37d103 e-con-full e-flex wpr-particle-no wpr-jarallax-no wpr-parallax-no wpr-sticky-section-no wpr-column-slider-no wpr-equal-height-no e-con e-child\" data-id=\"f37d103\" data-element_type=\"container\" data-e-type=\"container\">\n<div class=\"elementor-element elementor-element-73c845d elementor-widget elementor-widget-n-accordion\" data-id=\"73c845d\" data-element_type=\"widget\" data-e-type=\"widget\" data-settings=\"{&quot;default_state&quot;:&quot;all_collapsed&quot;,&quot;max_items_expended&quot;:&quot;one&quot;,&quot;n_accordion_animation_duration&quot;:{&quot;unit&quot;:&quot;ms&quot;,&quot;size&quot;:400,&quot;sizes&quot;:[]}}\" data-widget_type=\"nested-accordion.default\">\n<div class=\"e-n-accordion\" aria-label=\"Accordion. Open links with Enter or Space, close with Escape, and navigate with Arrow Keys\">\n<details id=\"e-n-accordion-item-1210\" class=\"e-n-accordion-item\">\n<summary class=\"e-n-accordion-item-title\" data-accordion-index=\"1\" aria-expanded=\"false\" aria-controls=\"e-n-accordion-item-1210\">\n\t\t\t\t\t<span class=\"e-n-accordion-item-title-header\"><\/p>\n<h3 class=\"e-n-accordion-item-title-text\"> Subvenci\u00f3n <\/h3>\n<p><\/span><br \/>\n\t\t\t\t\t\t\t<span class=\"e-n-accordion-item-title-icon\"><br \/>\n\t\t\t<span class=\"e-opened\"><\/span><br \/>\n\t\t\t<span class=\"e-closed\"><\/span><br \/>\n\t\t<\/span><\/p>\n<\/summary>\n<div role=\"region\" aria-labelledby=\"e-n-accordion-item-1210\" class=\"elementor-element elementor-element-60d0eb4 e-con-full e-flex wpr-particle-no wpr-jarallax-no wpr-parallax-no wpr-sticky-section-no wpr-column-slider-no wpr-equal-height-no e-con e-child\" data-id=\"60d0eb4\" data-element_type=\"container\" data-e-type=\"container\">\n<div class=\"elementor-element elementor-element-4504bff elementor-widget elementor-widget-text-editor\" data-id=\"4504bff\" data-element_type=\"widget\" data-e-type=\"widget\" data-widget_type=\"text-editor.default\">\n<p>Se ha publicado en el Bolet\u00edn Oficial de Las Palmas (BOP N\u00ba 57 de fecha 13\/05\/2026) la Convocatoria de las Subvenciones destinadas a obras de Reparaci\u00f3n de Primera Necesidad en Viviendas de Personas en Situaci\u00f3n de Vulnerabilidad, ejercicio 2026.<\/p>\n<\/p><\/div>\n<div class=\"elementor-element elementor-element-4d68268 elementor-widget elementor-widget-button\" data-id=\"4d68268\" data-element_type=\"widget\" data-e-type=\"widget\" data-widget_type=\"button.default\">\n\t\t\t\t\t\t\t\t\t\t<a class=\"elementor-button elementor-button-link elementor-size-sm\" href=\"https:\/\/drive.google.com\/file\/d\/1KuWWNCjkLSseUbpLF6RduAYZdP6ALmIN\/view?usp=drive_link\" target=\"_blank\"><br \/>\n\t\t\t\t\t\t<span class=\"elementor-button-content-wrapper\"><br \/>\n\t\t\t\t\t\t<span class=\"elementor-button-icon\"><br \/>\n\t\t\t\t\t\t\t<\/span><br \/>\n\t\t\t\t\t\t\t\t\t<span class=\"elementor-button-text\">convocatoria<\/span><br \/>\n\t\t\t\t\t<\/span><br \/>\n\t\t\t\t\t<\/a>\n\t\t\t\t\t\t\t\t<\/div>\n<\/p><\/div>\n<\/details>\n<details id=\"e-n-accordion-item-1211\" class=\"e-n-accordion-item\">\n<summary class=\"e-n-accordion-item-title\" data-accordion-index=\"2\" aria-expanded=\"false\" aria-controls=\"e-n-accordion-item-1211\">\n\t\t\t\t\t<span class=\"e-n-accordion-item-title-header\"><\/p>\n<h3 class=\"e-n-accordion-item-title-text\"> Objeto y finalidad <\/h3>\n<p><\/span><br \/>\n\t\t\t\t\t\t\t<span class=\"e-n-accordion-item-title-icon\"><br \/>\n\t\t\t<span class=\"e-opened\"><\/span><br \/>\n\t\t\t<span class=\"e-closed\"><\/span><br \/>\n\t\t<\/span><\/p>\n<\/summary>\n<div role=\"region\" aria-labelledby=\"e-n-accordion-item-1211\" class=\"elementor-element elementor-element-82caf02 e-con-full e-flex wpr-particle-no wpr-jarallax-no wpr-parallax-no wpr-sticky-section-no wpr-column-slider-no wpr-equal-height-no e-con e-child\" data-id=\"82caf02\" data-element_type=\"container\" data-e-type=\"container\">\n<div class=\"elementor-element elementor-element-557c55b elementor-widget elementor-widget-text-editor\" data-id=\"557c55b\" data-element_type=\"widget\" data-e-type=\"widget\" data-widget_type=\"text-editor.default\">\n<p>El objeto de la presente convocatoria es subvencionar las obras de reparaci\u00f3n de primera necesidad en viviendas de personas que se encuentren en situaci\u00f3n de vulnerabilidad socioecon\u00f3mica.\u00a0<\/p>\n<\/p><\/div>\n<\/p><\/div>\n<\/details>\n<details id=\"e-n-accordion-item-1212\" class=\"e-n-accordion-item\">\n<summary class=\"e-n-accordion-item-title\" data-accordion-index=\"3\" aria-expanded=\"false\" aria-controls=\"e-n-accordion-item-1212\">\n\t\t\t\t\t<span class=\"e-n-accordion-item-title-header\"><\/p>\n<h3 class=\"e-n-accordion-item-title-text\"> Personas beneficiarias <\/h3>\n<p><\/span><br \/>\n\t\t\t\t\t\t\t<span class=\"e-n-accordion-item-title-icon\"><br \/>\n\t\t\t<span class=\"e-opened\"><\/span><br \/>\n\t\t\t<span class=\"e-closed\"><\/span><br \/>\n\t\t<\/span><\/p>\n<\/summary>\n<div role=\"region\" aria-labelledby=\"e-n-accordion-item-1212\" class=\"elementor-element elementor-element-e7fa26f e-flex e-con-boxed wpr-particle-no wpr-jarallax-no wpr-parallax-no wpr-sticky-section-no wpr-column-slider-no wpr-equal-height-no e-con e-child\" data-id=\"e7fa26f\" data-element_type=\"container\" data-e-type=\"container\">\n<div class=\"e-con-inner\">\n<div class=\"elementor-element elementor-element-c761b0e elementor-widget elementor-widget-text-editor\" data-id=\"c761b0e\" data-element_type=\"widget\" data-e-type=\"widget\" data-widget_type=\"text-editor.default\">\n<p>Podr\u00e1n ser beneficiarios las personas f\u00edsicas que cumplan los siguientes requisitos:<\/p>\n<p>a) Poseer la nacionalidad espa\u00f1ola o, en el caso de extranjeros, tener residencia legal en Espa\u00f1a.<\/p>\n<p>b) Ser propietario del inmueble para cuya actuaci\u00f3n se solicita la subvenci\u00f3n; o bien usufructuario o poseedor de la vivienda con autorizaci\u00f3n de la persona propietaria, salvo en concepto de arrendatario. Tambi\u00e9n podr\u00e1 ser solicitada, aunque el porcentaje de participaci\u00f3n de la propiedad de la vivienda no alcance el 100%, siempre que la misma constituya su domicilio habitual con autorizaci\u00f3n escrita del resto de propietarios.<\/p>\n<p>c) Estar empadronado y residir habitualmente en la vivienda objeto de la subvenci\u00f3n, con una antig\u00fcedad m\u00ednima de 6 meses, en el caso del solicitante. Los dem\u00e1s miembros de la unidad de convivencia a considerar, tambi\u00e9n deber\u00e1n estar empadronados en dicha vivienda, sin ser requerido ning\u00fan per\u00edodo de antig\u00fcedad en este caso. Salvo aplicaci\u00f3n del apartado 3.2 letra b), por concurrir el supuesto recogido en el mismo.<\/p>\n<p>d) Encontrarse en situaci\u00f3n de <strong>vulnerabilidad econ\u00f3mica<\/strong>. A estos efectos, se entender\u00e1 que existe una situaci\u00f3n de vulnerabilidad econ\u00f3mica cuando:<\/p>\n<p>La suma de los ingresos anuales de la unidad de convivencia no supere en <u>3 veces el Indicador P\u00fablico de Renta de Efectos M\u00faltiples (IPREM),<\/u> referido a catorce pagas del a\u00f1o del \u00faltimo periodo impositivo con plazo de presentaci\u00f3n vencido, anterior a la convocatoria, de la declaraci\u00f3n del Impuesto sobre la Renta de las Personas F\u00edsicas (IRPF) ante la Agencia Estatal de Administraci\u00f3n Tributaria (AEAT).<\/p>\n<p>Dicho umbral ser\u00e1 de <u>cuatro veces el IPREM<\/u> si se trata de una <u>familia <\/u>numerosa de categor\u00eda general; y de <u>cinco veces el IPREM<\/u> cuando se trate de familias numerosas de categor\u00eda especial, cuando alguna de las personas que forman la unidad de convivencia tuviesen un grado de discapacidad reconocido igual o superior al 33 por 100, grado de dependencia reconocido o una incapacidad permanente para realizar una actividad laboral.<\/p>\n<p>En caso de no haber presentado declaraci\u00f3n de IRPF ante la AEAT en el \u00faltimo periodo impositivo con plazo de presentaci\u00f3n vencido en el momento de la convocatoria de estas subvenciones, se tomar\u00e1n los rendimientos netos que figuren en la certificaci\u00f3n emitida por la Agencia Estatal de la Administraci\u00f3n Tributaria o justificante de la Consulta al Servicio de Verificaci\u00f3n de datos \u2013 tipo \u201cimputaciones\u201d correspondiente a este \u00faltimo periodo impositivo.<\/p>\n<p>e) Que ninguna de las personas que forman la unidad de convivencia haya sido beneficiaria en las dos \u00faltimas convocatorias de este tipo de subvenciones del Consorcio de Viviendas de Gran Canaria. Se except\u00faa la persona solicitante o miembros de la unidad de convivencia que, aun siendo beneficiario\/a en alguna de las dos \u00faltimas convocatorias, la cuant\u00eda otorgada no supere los 5.000,00\u20ac o que se acredite mediante informe t\u00e9cnico municipal o del Consorcio de Viviendas de Gran Canaria la situaci\u00f3n de emergencia.<\/p>\n<p>f) Que ninguna de las personas que forman la unidad de convivencia sea propietaria de otra vivienda, salvo que concurra alguna de las siguientes circunstancias:<\/p>\n<p style=\"padding-left: 40px\">I.- Que su participaci\u00f3n en la propiedad de la otra vivienda sea igual o inferior al 40% y no disponga de autorizaci\u00f3n de los dem\u00e1s part\u00edcipes para su uso como domicilio habitual.<\/p>\n<p style=\"padding-left: 40px\">II.- Que, en virtud de decisi\u00f3n o aprobaci\u00f3n judicial, el uso de la otra vivienda est\u00e9 atribuida a otra persona como consecuencia de un proceso de separaci\u00f3n matrimonial o divorcio.<\/p>\n<p>g) No estar incursa en las circunstancias establecidas en los apartados 2 y 3 del art\u00edculo 13 de la Ley 38\/2003, de 17 de noviembre, General de Subvenciones.<\/p>\n<p>h) Haber procedido a la justificaci\u00f3n de las subvenciones concedidas con anterioridad por el Consorcio de Viviendas o por el Cabildo de Gran Canaria, cuando hubiere estado obligado a ello.<\/p>\n<p><strong>3.2\u00a0\u00a0\u00a0 <u>Casos especiales:<\/u><\/strong><\/p>\n<p>a) En caso de producirse el fallecimiento de la persona solicitante durante el procedimiento, podr\u00e1 continuarse el mismo siempre que otro miembro de su unidad de convivencia cumpla los requisitos citados en el p\u00e1rrafo anterior, benefici\u00e1ndose igualmente de la subvenci\u00f3n.<\/p>\n<p>b) En el caso de solicitudes donde se produzca el incumplimiento de lo recogido en las letras c), d) y e) del apartado 3.1 de la presente convocatoria, relacionados con circunstancias sociales o econ\u00f3micas y que, adem\u00e1s, resulten de causas debidamente justificadas y acreditadas documentalmente y mediante informes emitidos por los\/as t\u00e9cnicos\/as municipales; podr\u00e1n ser valoradas por el Servicio T\u00e9cnico del Consorcio de Viviendas y aceptarse por el \u00f3rgano competente para la concesi\u00f3n de las subvenciones en atenci\u00f3n al car\u00e1cter social y de emergencia de las presentes ayudas.<\/p>\n<p>A los efectos de esta Convocatoria, se entender\u00e1 como unidad de convivencia el conjunto de personas f\u00edsicas que habitan y disfrutan de una vivienda de forma habitual, permanente y con vocaci\u00f3n de estabilidad, con independencia de la relaci\u00f3n existente entre ellas.<\/p>\n<\/p><\/div>\n<\/p><\/div>\n<\/p><\/div>\n<\/details>\n<details id=\"e-n-accordion-item-1213\" class=\"e-n-accordion-item\">\n<summary class=\"e-n-accordion-item-title\" data-accordion-index=\"4\" aria-expanded=\"false\" aria-controls=\"e-n-accordion-item-1213\">\n\t\t\t\t\t<span class=\"e-n-accordion-item-title-header\"><\/p>\n<h3 class=\"e-n-accordion-item-title-text\"> Plazo de presentaci\u00f3n de la solicitud <\/h3>\n<p><\/span><br \/>\n\t\t\t\t\t\t\t<span class=\"e-n-accordion-item-title-icon\"><br \/>\n\t\t\t<span class=\"e-opened\"><\/span><br \/>\n\t\t\t<span class=\"e-closed\"><\/span><br \/>\n\t\t<\/span><\/p>\n<\/summary>\n<div role=\"region\" aria-labelledby=\"e-n-accordion-item-1213\" class=\"elementor-element elementor-element-f4f537e e-flex e-con-boxed wpr-particle-no wpr-jarallax-no wpr-parallax-no wpr-sticky-section-no wpr-column-slider-no wpr-equal-height-no e-con e-child\" data-id=\"f4f537e\" data-element_type=\"container\" data-e-type=\"container\">\n<div class=\"e-con-inner\">\n<div class=\"elementor-element elementor-element-e081f49 elementor-widget elementor-widget-text-editor\" data-id=\"e081f49\" data-element_type=\"widget\" data-e-type=\"widget\" data-widget_type=\"text-editor.default\">\n<p>El plazo para la presentaci\u00f3n de las solicitudes ser\u00e1 de <strong>UN (1) MES<\/strong>, esto es,\u00a0del\u00a0<strong>14 de mayo al 15 de junio de 2026 (ambos inclusive)<\/strong>, a contar desde el d\u00eda siguiente al de la publicaci\u00f3n del correspondiente extracto de la convocatoria en el Bolet\u00edn Oficial de la Provincia de Las Palmas, as\u00ed como de la publicaci\u00f3n en esta web.<\/p>\n<\/p><\/div>\n<\/p><\/div>\n<\/p><\/div>\n<\/details>\n<details id=\"e-n-accordion-item-1214\" class=\"e-n-accordion-item\">\n<summary class=\"e-n-accordion-item-title\" data-accordion-index=\"5\" aria-expanded=\"false\" aria-controls=\"e-n-accordion-item-1214\">\n\t\t\t\t\t<span class=\"e-n-accordion-item-title-header\"><\/p>\n<h3 class=\"e-n-accordion-item-title-text\"> Forma de presentaci\u00f3n de la solicitud <\/h3>\n<p><\/span><br \/>\n\t\t\t\t\t\t\t<span class=\"e-n-accordion-item-title-icon\"><br \/>\n\t\t\t<span class=\"e-opened\"><\/span><br \/>\n\t\t\t<span class=\"e-closed\"><\/span><br \/>\n\t\t<\/span><\/p>\n<\/summary>\n<div role=\"region\" aria-labelledby=\"e-n-accordion-item-1214\" class=\"elementor-element elementor-element-f4a68ea e-flex e-con-boxed wpr-particle-no wpr-jarallax-no wpr-parallax-no wpr-sticky-section-no wpr-column-slider-no wpr-equal-height-no e-con e-child\" data-id=\"f4a68ea\" data-element_type=\"container\" data-e-type=\"container\">\n<div class=\"e-con-inner\">\n<div class=\"elementor-element elementor-element-6e0bda7 elementor-widget elementor-widget-text-editor\" data-id=\"6e0bda7\" data-element_type=\"widget\" data-e-type=\"widget\" data-widget_type=\"text-editor.default\">\n<p>Las solicitudes de subvenci\u00f3n se ajustar\u00e1n al modelo que figura en el Anexo I de las Bases reguladoras. Las personas solicitantes deber\u00e1n\u00a0descargar\u00a0la solicitud de subvenci\u00f3n \u201cAnexo I\u201d,\u00a0cumplimentarla y firmarla.<\/p>\n<\/p><\/div>\n<div class=\"elementor-element elementor-element-ed0efaa elementor-widget elementor-widget-button\" data-id=\"ed0efaa\" data-element_type=\"widget\" data-e-type=\"widget\" data-widget_type=\"button.default\">\n\t\t\t\t\t\t\t\t\t\t<a class=\"elementor-button elementor-button-link elementor-size-sm\" href=\"https:\/\/drive.google.com\/file\/d\/1r9749m2UOIcP5QaL6m4oBtted9u6bpX4\/view?usp=drive_link\" target=\"_blank\"><br \/>\n\t\t\t\t\t\t<span class=\"elementor-button-content-wrapper\"><br \/>\n\t\t\t\t\t\t<span class=\"elementor-button-icon\"><br \/>\n\t\t\t\t\t\t\t<\/span><br \/>\n\t\t\t\t\t\t\t\t\t<span class=\"elementor-button-text\">anexo I<\/span><br \/>\n\t\t\t\t\t<\/span><br \/>\n\t\t\t\t\t<\/a>\n\t\t\t\t\t\t\t\t<\/div>\n<\/p><\/div>\n<\/p><\/div>\n<\/details>\n<details id=\"e-n-accordion-item-1215\" class=\"e-n-accordion-item\">\n<summary class=\"e-n-accordion-item-title\" data-accordion-index=\"6\" aria-expanded=\"false\" aria-controls=\"e-n-accordion-item-1215\">\n\t\t\t\t\t<span class=\"e-n-accordion-item-title-header\"><\/p>\n<h3 class=\"e-n-accordion-item-title-text\"> Documentaci\u00f3n a aportar junto con la solicitud <\/h3>\n<p><\/span><br \/>\n\t\t\t\t\t\t\t<span class=\"e-n-accordion-item-title-icon\"><br \/>\n\t\t\t<span class=\"e-opened\"><\/span><br \/>\n\t\t\t<span class=\"e-closed\"><\/span><br \/>\n\t\t<\/span><\/p>\n<\/summary>\n<div role=\"region\" aria-labelledby=\"e-n-accordion-item-1215\" class=\"elementor-element elementor-element-5b4a8de e-flex e-con-boxed wpr-particle-no wpr-jarallax-no wpr-parallax-no wpr-sticky-section-no wpr-column-slider-no wpr-equal-height-no e-con e-child\" data-id=\"5b4a8de\" data-element_type=\"container\" data-e-type=\"container\">\n<div class=\"e-con-inner\">\n<div class=\"elementor-element elementor-element-854afca elementor-widget elementor-widget-text-editor\" data-id=\"854afca\" data-element_type=\"widget\" data-e-type=\"widget\" data-widget_type=\"text-editor.default\">\n<p>A la solicitud se acompa\u00f1ar\u00e1 la siguiente documentaci\u00f3n:<\/p>\n<p><span style=\"font-style: inherit;font-weight: inherit\">a) Copia del DNI o NIE en caso de oposici\u00f3n expresa a la verificaci\u00f3n de oficio.<\/span><\/p>\n<p>b)Nota simple del Registro de la Propiedad que acredite la titularidad del inmueble o documentaci\u00f3n justificativa del usufructo o de la posesi\u00f3n. En su defecto, se podr\u00e1 acreditar con otra documentaci\u00f3n v\u00e1lida en Derecho.<\/p>\n<p>c) Autorizaci\u00f3n del propietario, en su caso.<\/p>\n<p>d)Certificado de empadronamiento hist\u00f3rico colectivo o documento oficial, emitido por el Ayuntamiento de residencia, en el que se acredite e identifique a las personas que forman la unidad de convivencia y que residen, a fecha del informe, en la vivienda para la que se solicita la subvenci\u00f3n, as\u00ed como la fecha de alta en dicha vivienda.<\/p>\n<p>En caso de incongruencia entre lo que figure en el certificado y lo declarado en la solicitud, se solicitar\u00e1 informe de convivencia emitido por la polic\u00eda local o equivalente en el que se acrediten fehacientemente los residentes permanentes en la vivienda habitual.<\/p>\n<p>e) En el caso de oposici\u00f3n expresa a la verificaci\u00f3n de oficio, declaraci\u00f3n del IRPF 2025. Si esta convocatoria se publicase con anterioridad al 30 de junio, ser\u00eda necesario aportar la declaraci\u00f3n de la renta del periodo impositivo inmediatamente anterior, es decir, la de la anualidad 2024. A su vez, cuando hubiese realizado una declaraci\u00f3n complementaria por el mismo periodo impositivo, deber\u00e1 a\u00f1adirla a la solicitud.<\/p>\n<p>Esta documentaci\u00f3n deber\u00e1 aportarse tanto por el solicitante como por todos los miembros de la unidad de convivencia mayores de edad.<\/p>\n<p>Adem\u00e1s, si no hubiesen presentado declaraci\u00f3n de la renta por no estar obligados a presentarla, se adjuntar\u00e1 un certificado de imputaciones de rentas que conste en la Agencia Estatal de la Administraci\u00f3n Tributaria. En este caso, solo ser\u00e1 v\u00e1lido el documento especificado como: <u>tipo de Consulta: Imputaciones<\/u>, no siendo v\u00e1lido aportar el tipo de Consulta: IRPF.<\/p>\n<p>f) Certificado acreditativo de la categor\u00eda de familia numerosa, en su caso.<\/p>\n<p>g) Certificado del reconocimiento del grado de discapacidad o del grado de dependencia o incapacidad permanente de alg\u00fan miembro de la unidad de convivencia, en su caso.<\/p>\n<p>h) Documentaci\u00f3n acreditativa de que, en virtud de decisi\u00f3n o aprobaci\u00f3n judicial, el uso de la otra vivienda est\u00e9 atribuida a otra persona como consecuencia de un proceso de separaci\u00f3n matrimonial o divorcio, en su caso.<\/p>\n<p>i) Documentaci\u00f3n acreditativa de que el solicitante u otro miembro de la unidad de convivencia participa en la propiedad de la otra vivienda en porcentaje igual o inferior al 40% y no dispone de autorizaci\u00f3n de los dem\u00e1s part\u00edcipes para su uso como domicilio habitual, en su caso.<\/p>\n<p>j) Documentaci\u00f3n acreditativa de que la unidad de convivencia es una familia monoparental: carnet o t\u00edtulo de familia monoparental, sentencia de separaci\u00f3n\/divorcio en la que se especifique la custodia exclusiva en uno de los progenitores, certificado de defunci\u00f3n, libro de familia o certificado de inscripci\u00f3n en registro civil, acreditaci\u00f3n de patria potestad exclusiva, o en su defecto cualquier otra documentaci\u00f3n que acredite esta condici\u00f3n familiar.<\/p>\n<p>k) Documentaci\u00f3n acreditativa de que el\/la interesado\/a u otro miembro de la unidad de convivencia es v\u00edctima de violencia de g\u00e9nero, en su caso. Tal circunstancia se acreditar\u00e1 mediante alguno de los medios siguientes:<\/p>\n<ul>\n<li style=\"list-style-type: none\">\n<ul>\n<li>Orden de protecci\u00f3n vigente.<\/li>\n<li>Informe del Ministerio Fiscal que indique la existencia de indicios de que la persona solicitante es v\u00edctima de violencia de g\u00e9nero hasta tanto se dicte la orden de protecci\u00f3n.<\/li>\n<li>Resoluci\u00f3n judicial que acuerde medida cautelar.<\/li>\n<li>Certificaci\u00f3n\/informe de los servicios sociales de la Administraci\u00f3n P\u00fablica Auton\u00f3mica o Local.<\/li>\n<li>Certificado emitido por una instituci\u00f3n especializada en el que conste que la persona est\u00e1 siendo atendida dentro de un programa de atenci\u00f3n a las v\u00edctimas, subvencionado por una Administraci\u00f3n P\u00fablica concreta.<\/li>\n<\/ul>\n<\/li>\n<\/ul>\n<p>l) En caso de oposici\u00f3n expresa a la verificaci\u00f3n de oficio, certificado de hallarse al corriente de sus obligaciones tributarias Estatales y Auton\u00f3micas y con la Seguridad Social.<\/p>\n<p>m) En el supuesto de que la actuaci\u00f3n en la vivienda precise de intervenci\u00f3n o afecte a los elementos comunes del edificio en el que se integra y, siempre que la comunidad de vecinos no estuviera conformada o se acreditara la no solvencia de la misma, deber\u00e1 aportarse la documentaci\u00f3n justificativa de haberse aportado por parte del representante de la comunidad o del resto de propietarios, la correspondiente declaraci\u00f3n responsable de haber sido informados de la actuaci\u00f3n que se pretende llevar a cabo.<\/p>\n<p>n) En caso de que la vivienda se encontrase en situaci\u00f3n legal de ruina: copia del acuerdo suscrito con el Ayuntamiento respectivo, a que se refiere el apartado 6.1 \u201cActuaciones subvencionables\u201d; o en caso de inexistencia de este acuerdo, informe del t\u00e9cnico municipal, tal como se especifica en dicho apartado.<\/p>\n<p>o) En el caso de oposici\u00f3n expresa a la verificaci\u00f3n de oficio, certificado catastral tanto de la persona solicitante como de todos los miembros de la unidad de convivencia incluyendo a los menores de edad.<\/p>\n<p>p) Declaraci\u00f3n responsable contenida en el Anexo I.<\/p>\n<p>No ser\u00e1 necesario presentar la documentaci\u00f3n exigida en la base QUINTA, apartado 5.2.1, letras a), b), g), h), i), j) y k) cuando la misma no hubiere sufrido modificaci\u00f3n y hubiera sido aportada anteriormente en esta entidad, siempre que se haga constar la fecha en que fueron presentados, y cuando no hayan transcurrido m\u00e1s de cinco a\u00f1os desde la finalizaci\u00f3n del procedimiento al que correspondan.<\/p>\n<p>En el caso de que se autorice a comprobar el cumplimiento de algunos requisitos de oficio y por cualquier motivo no se puedan obtener los datos, el Consorcio podr\u00e1 requerir a los solicitantes para que presenten la documentaci\u00f3n pertinente.<\/p>\n<\/p><\/div>\n<div class=\"elementor-element elementor-element-5db6182 elementor-widget elementor-widget-button\" data-id=\"5db6182\" data-element_type=\"widget\" data-e-type=\"widget\" data-widget_type=\"button.default\">\n\t\t\t\t\t\t\t\t\t\t<a class=\"elementor-button elementor-button-link elementor-size-sm\" href=\"https:\/\/drive.google.com\/file\/d\/1oDGEmSrH0c1WqvX6WXi65vwXDRcObrov\/view?usp=drive_link\" target=\"_blank\"><br \/>\n\t\t\t\t\t\t<span class=\"elementor-button-content-wrapper\"><br \/>\n\t\t\t\t\t\t<span class=\"elementor-button-icon\"><br \/>\n\t\t\t\t\t\t\t<\/span><br \/>\n\t\t\t\t\t\t\t\t\t<span class=\"elementor-button-text\">Documentaci\u00f3n a aportar junto al anexo i &#8211;  solicitud<\/span><br \/>\n\t\t\t\t\t<\/span><br \/>\n\t\t\t\t\t<\/a>\n\t\t\t\t\t\t\t\t<\/div>\n<\/p><\/div>\n<\/p><\/div>\n<\/details>\n<details id=\"e-n-accordion-item-1216\" class=\"e-n-accordion-item\">\n<summary class=\"e-n-accordion-item-title\" data-accordion-index=\"7\" aria-expanded=\"false\" aria-controls=\"e-n-accordion-item-1216\">\n\t\t\t\t\t<span class=\"e-n-accordion-item-title-header\"><\/p>\n<h3 class=\"e-n-accordion-item-title-text\"> Lugar de presentaci\u00f3n de la solicitud <\/h3>\n<p><\/span><br \/>\n\t\t\t\t\t\t\t<span class=\"e-n-accordion-item-title-icon\"><br \/>\n\t\t\t<span class=\"e-opened\"><\/span><br \/>\n\t\t\t<span class=\"e-closed\"><\/span><br \/>\n\t\t<\/span><\/p>\n<\/summary>\n<div role=\"region\" aria-labelledby=\"e-n-accordion-item-1216\" class=\"elementor-element elementor-element-4687399 e-flex e-con-boxed wpr-particle-no wpr-jarallax-no wpr-parallax-no wpr-sticky-section-no wpr-column-slider-no wpr-equal-height-no e-con e-child\" data-id=\"4687399\" data-element_type=\"container\" data-e-type=\"container\">\n<div class=\"e-con-inner\">\n<div class=\"elementor-element elementor-element-7765811 elementor-widget elementor-widget-text-editor\" data-id=\"7765811\" data-element_type=\"widget\" data-e-type=\"widget\" data-widget_type=\"text-editor.default\">\n<p>La presentaci\u00f3n de la solicitud podr\u00e1 realizarse por cualquiera de los medios a que se refiere el art\u00edculo 16 de la Ley 39\/2015, de 1 de octubre, del Procedimiento Administrativo Com\u00fan de las Administraciones P\u00fablicas.<\/p>\n<p><strong>A FIN DE AGILIZAR EL PROCEDIMIENTO ADMINISTRATIVO\u00a0SE RECOMIENDA\u00a0PRESENTAR LA INSTANCIA EN EL AYUNTAMIENTO DONDE EST\u00c1 SITUADA LA VIVIENDA A REHABILITAR, POR LO QUE RECOMENDAMOS QUE ACUDA AL\u00a0AYUNTAMIENTO DE SU MUNICIPIO\u00a0(previa solicitud de cita previa, si tuvieran establecido este sistema).<\/strong><\/p>\n<p>\u00a0<\/p>\n<\/p><\/div>\n<\/p><\/div>\n<\/p><\/div>\n<\/details>\n<details id=\"e-n-accordion-item-1217\" class=\"e-n-accordion-item\">\n<summary class=\"e-n-accordion-item-title\" data-accordion-index=\"8\" aria-expanded=\"false\" aria-controls=\"e-n-accordion-item-1217\">\n\t\t\t\t\t<span class=\"e-n-accordion-item-title-header\"><\/p>\n<h3 class=\"e-n-accordion-item-title-text\"> Anexos para el personal del Ayuntamiento <\/h3>\n<p><\/span><br \/>\n\t\t\t\t\t\t\t<span class=\"e-n-accordion-item-title-icon\"><br \/>\n\t\t\t<span class=\"e-opened\"><\/span><br \/>\n\t\t\t<span class=\"e-closed\"><\/span><br \/>\n\t\t<\/span><\/p>\n<\/summary>\n<div role=\"region\" aria-labelledby=\"e-n-accordion-item-1217\" class=\"elementor-element elementor-element-e23a681 e-flex e-con-boxed wpr-particle-no wpr-jarallax-no wpr-parallax-no wpr-sticky-section-no wpr-column-slider-no wpr-equal-height-no e-con e-child\" data-id=\"e23a681\" data-element_type=\"container\" data-e-type=\"container\">\n<div class=\"e-con-inner\">\n<div class=\"elementor-element elementor-element-8537605 elementor-widget elementor-widget-text-editor\" data-id=\"8537605\" data-element_type=\"widget\" data-e-type=\"widget\" data-widget_type=\"text-editor.default\">\n<p><strong>\u00a1ATENCI\u00d3N! LOS SIGUIENTES DOCUMENTOS (ANEXOS II y III) SON PARA DESCARGAR \u00daNICA Y EXCLUSIVAMENTE POR LOS\/AS EMPLEADOS\/AS PUBLICOS\/AS DE LOS AYUNTAMIENTOS. NO DEBEN CUMPLIMENTARSE POR LOS SOLICITANTES.<\/strong><\/p>\n<\/p><\/div>\n<div class=\"elementor-element elementor-element-f1657a8 elementor-widget elementor-widget-button\" data-id=\"f1657a8\" data-element_type=\"widget\" data-e-type=\"widget\" data-widget_type=\"button.default\">\n\t\t\t\t\t\t\t\t\t\t<a class=\"elementor-button elementor-button-link elementor-size-sm\" href=\"https:\/\/drive.google.com\/file\/d\/1JMJ-jgHOn3LeovjWnW8TePy3O0H0Ln6y\/view?usp=drive_link\" target=\"_blank\"><br \/>\n\t\t\t\t\t\t<span class=\"elementor-button-content-wrapper\"><br \/>\n\t\t\t\t\t\t<span class=\"elementor-button-icon\"><br \/>\n\t\t\t\t\t\t\t<\/span><br \/>\n\t\t\t\t\t\t\t\t\t<span class=\"elementor-button-text\">anexo II &#8211;  Informe social<\/span><br \/>\n\t\t\t\t\t<\/span><br \/>\n\t\t\t\t\t<\/a>\n\t\t\t\t\t\t\t\t<\/div>\n<div class=\"elementor-element elementor-element-190f6c8 elementor-widget elementor-widget-button\" data-id=\"190f6c8\" data-element_type=\"widget\" data-e-type=\"widget\" data-widget_type=\"button.default\">\n\t\t\t\t\t\t\t\t\t\t<a class=\"elementor-button elementor-button-link elementor-size-sm\" href=\"https:\/\/drive.google.com\/file\/d\/17R3fhMvs7fuc4dpPvazgnRzjecZoocyV\/view?usp=drive_link\" target=\"_blank\"><br \/>\n\t\t\t\t\t\t<span class=\"elementor-button-content-wrapper\"><br \/>\n\t\t\t\t\t\t<span class=\"elementor-button-icon\"><br \/>\n\t\t\t\t\t\t\t<\/span><br \/>\n\t\t\t\t\t\t\t\t\t<span class=\"elementor-button-text\">anexo III &#8211;  Informe t\u00e9cnico<\/span><br \/>\n\t\t\t\t\t<\/span><br \/>\n\t\t\t\t\t<\/a>\n\t\t\t\t\t\t\t\t<\/div>\n<div class=\"elementor-element elementor-element-75f33cc elementor-widget elementor-widget-button\" data-id=\"75f33cc\" data-element_type=\"widget\" data-e-type=\"widget\" data-widget_type=\"button.default\">\n\t\t\t\t\t\t\t\t\t\t<a class=\"elementor-button elementor-button-link elementor-size-sm\" href=\"https:\/\/docs.google.com\/document\/d\/1fYQwHIOBatDUkRTEqZGU57SMo8YM39Tj\/edit?usp=drive_link&amp;ouid=109021382766357579579&amp;rtpof=true&amp;sd=true\" target=\"_blank\"><br \/>\n\t\t\t\t\t\t<span class=\"elementor-button-content-wrapper\"><br \/>\n\t\t\t\t\t\t<span class=\"elementor-button-icon\"><br \/>\n\t\t\t\t\t\t\t<\/span><br \/>\n\t\t\t\t\t\t\t\t\t<span class=\"elementor-button-text\">anexo III &#8211;  Informe t\u00e9cnico-editable<\/span><br \/>\n\t\t\t\t\t<\/span><br \/>\n\t\t\t\t\t<\/a>\n\t\t\t\t\t\t\t\t<\/div>\n<\/p><\/div>\n<\/p><\/div>\n<\/details><\/div>\n<\/p><\/div>\n<\/p><\/div>\n<\/p><\/div>\n<\/p><\/div>\n<\/p><\/div>\n","protected":false},"excerpt":{"rendered":"<p>13 mayo 2026 SUBVENCIONES DESTINADAS A OBRAS DE REPARACI\u00d3N DE PRIMERA NECESIDAD EN VIVIENDAS DE PERSONAS EN SITUACI\u00d3N DE VULNERABILIDAD 2026. Convocatoria para obras de reparaci\u00f3n de primera necesidad en&hellip;<\/p>\n","protected":false},"author":1,"featured_media":3052,"comment_status":"open","ping_status":"open","sticky":false,"template":"","format":"standard","meta":{"wpai_generated_summary":"","wpai_meta_description":"","footnotes":""},"categories":[121],"tags":[],"class_list":["post-3040","post","type-post","status-publish","format-standard","has-post-thumbnail","hentry","category-noticias"],"_links":{"self":[{"href":"https:\/\/nublo.tv\/index.php\/wp-json\/wp\/v2\/posts\/3040","targetHints":{"allow":["GET"]}}],"collection":[{"href":"https:\/\/nublo.tv\/index.php\/wp-json\/wp\/v2\/posts"}],"about":[{"href":"https:\/\/nublo.tv\/index.php\/wp-json\/wp\/v2\/types\/post"}],"author":[{"embeddable":true,"href":"https:\/\/nublo.tv\/index.php\/wp-json\/wp\/v2\/users\/1"}],"replies":[{"embeddable":true,"href":"https:\/\/nublo.tv\/index.php\/wp-json\/wp\/v2\/comments?post=3040"}],"version-history":[{"count":1,"href":"https:\/\/nublo.tv\/index.php\/wp-json\/wp\/v2\/posts\/3040\/revisions"}],"predecessor-version":[{"id":3058,"href":"https:\/\/nublo.tv\/index.php\/wp-json\/wp\/v2\/posts\/3040\/revisions\/3058"}],"wp:featuredmedia":[{"embeddable":true,"href":"https:\/\/nublo.tv\/index.php\/wp-json\/wp\/v2\/media\/3052"}],"wp:attachment":[{"href":"https:\/\/nublo.tv\/index.php\/wp-json\/wp\/v2\/media?parent=3040"}],"wp:term":[{"taxonomy":"category","embeddable":true,"href":"https:\/\/nublo.tv\/index.php\/wp-json\/wp\/v2\/categories?post=3040"},{"taxonomy":"post_tag","embeddable":true,"href":"https:\/\/nublo.tv\/index.php\/wp-json\/wp\/v2\/tags?post=3040"}],"curies":[{"name":"wp","href":"https:\/\/api.w.org\/{rel}","templated":true}]}}