{"id":3041,"date":"2026-08-10T23:16:01","date_gmt":"2026-08-10T22:16:01","guid":{"rendered":"https:\/\/nublo.tv\/?p=3041"},"modified":"2026-08-27T12:35:27","modified_gmt":"2026-08-27T11:35:27","slug":"convocatoria-de-puesto-de-jefatura-de-servicio-de-asuntos-generales-del-consorcio-de-viviendas-de-gran-canaria-por-comision-de-servicios","status":"publish","type":"post","link":"https:\/\/nublo.tv\/index.php\/2026\/08\/10\/convocatoria-de-puesto-de-jefatura-de-servicio-de-asuntos-generales-del-consorcio-de-viviendas-de-gran-canaria-por-comision-de-servicios\/","title":{"rendered":"CONVOCATORIA DE PUESTO DE JEFATURA DE SERVICIO DE ASUNTOS GENERALES DEL CONSORCIO DE VIVIENDAS DE GRAN CANARIA POR COMISI\u00d3N DE SERVICIOS."},"content":{"rendered":"\n<div data-elementor-type=\"wp-post\" data-elementor-id=\"2756\" class=\"elementor elementor-2756\">\n<div class=\"elementor-element elementor-element-5c8afad6 e-flex e-con-boxed wpr-particle-no wpr-jarallax-no wpr-parallax-no wpr-sticky-section-no wpr-column-slider-no wpr-equal-height-no e-con e-parent\" data-id=\"5c8afad6\" data-element_type=\"container\" data-e-type=\"container\">\n<div class=\"e-con-inner\">\n<div class=\"elementor-element elementor-element-30441992 elementor-widget elementor-widget-heading\" data-id=\"30441992\" data-element_type=\"widget\" data-e-type=\"widget\" data-widget_type=\"heading.default\">\n<h2 class=\"elementor-heading-title elementor-size-default\">Empleo p\u00fablico<\/h2>\n<\/p><\/div>\n<\/p><\/div>\n<\/p><\/div>\n<div class=\"elementor-element elementor-element-2a409d72 e-flex e-con-boxed wpr-particle-no wpr-jarallax-no wpr-parallax-no wpr-sticky-section-no wpr-column-slider-no wpr-equal-height-no e-con e-parent\" data-id=\"2a409d72\" data-element_type=\"container\" data-e-type=\"container\">\n<div class=\"e-con-inner\">\n<div class=\"elementor-element elementor-element-45505385 elementor-widget elementor-widget-heading\" data-id=\"45505385\" data-element_type=\"widget\" data-e-type=\"widget\" data-widget_type=\"heading.default\">\n<h3 class=\"elementor-heading-title elementor-size-default\">Convocatoria de puesto de Jefatura de Servicio de Asuntos Generales en comisi\u00f3n de servicio<\/h3>\n<\/p><\/div>\n<div class=\"elementor-element elementor-element-5d03bce1 elementor-widget elementor-widget-button\" data-id=\"5d03bce1\" data-element_type=\"widget\" data-e-type=\"widget\" data-widget_type=\"button.default\">\n\t\t\t\t\t\t\t\t\t\t<a class=\"elementor-button elementor-button-link elementor-size-sm\" href=\"https:\/\/drive.google.com\/file\/d\/14K-zODrEN93OBO6B8Z_4b3Tsnxb0rYML\/view?usp=drive_link\" target=\"_blank\"><br \/>\n\t\t\t\t\t\t<span class=\"elementor-button-content-wrapper\"><br \/>\n\t\t\t\t\t\t<span class=\"elementor-button-icon\"><br \/>\n\t\t\t\t\t\t\t<\/span><br \/>\n\t\t\t\t\t\t\t\t\t<span class=\"elementor-button-text\">anuncio<\/span><br \/>\n\t\t\t\t\t<\/span><br \/>\n\t\t\t\t\t<\/a>\n\t\t\t\t\t\t\t\t<\/div>\n<div class=\"elementor-element elementor-element-c8cfc7f elementor-widget elementor-widget-heading\" data-id=\"c8cfc7f\" data-element_type=\"widget\" data-e-type=\"widget\" data-widget_type=\"heading.default\">\n<h3 class=\"elementor-heading-title elementor-size-default\">Requerimiento de subsanaciones <\/h3>\n<\/p><\/div>\n<div class=\"elementor-element elementor-element-e7e22bf elementor-widget elementor-widget-button\" data-id=\"e7e22bf\" data-element_type=\"widget\" data-e-type=\"widget\" data-widget_type=\"button.default\">\n\t\t\t\t\t\t\t\t\t\t<a class=\"elementor-button elementor-button-link elementor-size-sm\" href=\"https:\/\/drive.google.com\/file\/d\/1Br3qhgQsNYndvE_UtWs9Ut00NreyLqUG\/view?usp=drive_link\" target=\"_blank\"><br \/>\n\t\t\t\t\t\t<span class=\"elementor-button-content-wrapper\"><br \/>\n\t\t\t\t\t\t<span class=\"elementor-button-icon\"><br \/>\n\t\t\t\t\t\t\t<\/span><br \/>\n\t\t\t\t\t\t\t\t\t<span class=\"elementor-button-text\">SUBSANACI\u00d3N<\/span><br \/>\n\t\t\t\t\t<\/span><br \/>\n\t\t\t\t\t<\/a>\n\t\t\t\t\t\t\t\t<\/div>\n<div class=\"elementor-element elementor-element-b1477a9 elementor-widget elementor-widget-heading\" data-id=\"b1477a9\" data-element_type=\"widget\" data-e-type=\"widget\" data-widget_type=\"heading.default\">\n<h3 class=\"elementor-heading-title elementor-size-default\">Publicaci\u00f3n del listado provisional de admitidos\/as y exclu\u00eddos\/as.<\/h3>\n<\/p><\/div>\n<div class=\"elementor-element elementor-element-5e38d58 elementor-widget elementor-widget-button\" data-id=\"5e38d58\" data-element_type=\"widget\" data-e-type=\"widget\" data-widget_type=\"button.default\">\n\t\t\t\t\t\t\t\t\t\t<a class=\"elementor-button elementor-button-link elementor-size-sm\" href=\"https:\/\/drive.google.com\/file\/d\/1ilFAvnW_J_RRLT29LZyYL8M98p2WZkR9\/view?usp=drive_link\" target=\"_blank\"><br \/>\n\t\t\t\t\t\t<span class=\"elementor-button-content-wrapper\"><br \/>\n\t\t\t\t\t\t<span class=\"elementor-button-icon\"><br \/>\n\t\t\t\t\t\t\t<\/span><br \/>\n\t\t\t\t\t\t\t\t\t<span class=\"elementor-button-text\">listado PROVISIONAL<\/span><br \/>\n\t\t\t\t\t<\/span><br \/>\n\t\t\t\t\t<\/a>\n\t\t\t\t\t\t\t\t<\/div>\n<div class=\"elementor-element elementor-element-87b4b4a elementor-widget elementor-widget-heading\" data-id=\"87b4b4a\" data-element_type=\"widget\" data-e-type=\"widget\" data-widget_type=\"heading.default\">\n<h3 class=\"elementor-heading-title elementor-size-default\">Publicaci\u00f3n del listado definitivo<\/h3>\n<\/p><\/div>\n<div class=\"elementor-element elementor-element-4c3ce3a elementor-widget elementor-widget-button\" data-id=\"4c3ce3a\" data-element_type=\"widget\" data-e-type=\"widget\" data-widget_type=\"button.default\">\n\t\t\t\t\t\t\t\t\t\t<a class=\"elementor-button elementor-button-link elementor-size-sm\" href=\"https:\/\/viviendagc.org\/wp-content\/uploads\/2026\/02\/12.-Anuncio-listado-DEFINITIVO-admitidos_excluidos.pdf\" target=\"_blank\"><br \/>\n\t\t\t\t\t\t<span class=\"elementor-button-content-wrapper\"><br \/>\n\t\t\t\t\t\t<span class=\"elementor-button-icon\"><br \/>\n\t\t\t\t\t\t\t<\/span><br \/>\n\t\t\t\t\t\t\t\t\t<span class=\"elementor-button-text\">listado DEFINITIVO<\/span><br \/>\n\t\t\t\t\t<\/span><br \/>\n\t\t\t\t\t<\/a>\n\t\t\t\t\t\t\t\t<\/div>\n<div class=\"elementor-element elementor-element-acf53de elementor-widget elementor-widget-heading\" data-id=\"acf53de\" data-element_type=\"widget\" data-e-type=\"widget\" data-widget_type=\"heading.default\">\n<h3 class=\"elementor-heading-title elementor-size-default\">Resoluci\u00f3n del procedimiento de cobertura del puesto de jefe\/a de Servicio de Asuntos Generales del Consorcio de Viviendas de Gran Canaria mediante concurso en comisi\u00f3n de servicios.<\/h3>\n<\/p><\/div>\n<div class=\"elementor-element elementor-element-4248ca3 elementor-widget elementor-widget-button\" data-id=\"4248ca3\" data-element_type=\"widget\" data-e-type=\"widget\" data-widget_type=\"button.default\">\n\t\t\t\t\t\t\t\t\t\t<a class=\"elementor-button elementor-button-link elementor-size-sm\" href=\"https:\/\/drive.google.com\/file\/d\/1Bkq-qF8fLA2jdLixnUPQRiiZFWKlO9KF\/view?usp=drive_link\" target=\"_blank\"><br \/>\n\t\t\t\t\t\t<span class=\"elementor-button-content-wrapper\"><br \/>\n\t\t\t\t\t\t<span class=\"elementor-button-icon\"><br \/>\n\t\t\t\t\t\t\t<\/span><br \/>\n\t\t\t\t\t\t\t\t\t<span class=\"elementor-button-text\">DECRETO<\/span><br \/>\n\t\t\t\t\t<\/span><br \/>\n\t\t\t\t\t<\/a>\n\t\t\t\t\t\t\t\t<\/div>\n<\/p><\/div>\n<\/p><\/div>\n<\/p><\/div>\n","protected":false},"excerpt":{"rendered":"<p>Empleo p\u00fablico Convocatoria de puesto de Jefatura de Servicio de Asuntos Generales en comisi\u00f3n de servicio anuncio Requerimiento de subsanaciones SUBSANACI\u00d3N Publicaci\u00f3n del listado provisional de admitidos\/as y exclu\u00eddos\/as. listado&hellip;<\/p>\n","protected":false},"author":1,"featured_media":3049,"comment_status":"open","ping_status":"open","sticky":false,"template":"","format":"standard","meta":{"wpai_generated_summary":"","wpai_meta_description":"","footnotes":""},"categories":[121],"tags":[],"class_list":["post-3041","post","type-post","status-publish","format-standard","has-post-thumbnail","hentry","category-noticias"],"_links":{"self":[{"href":"https:\/\/nublo.tv\/index.php\/wp-json\/wp\/v2\/posts\/3041","targetHints":{"allow":["GET"]}}],"collection":[{"href":"https:\/\/nublo.tv\/index.php\/wp-json\/wp\/v2\/posts"}],"about":[{"href":"https:\/\/nublo.tv\/index.php\/wp-json\/wp\/v2\/types\/post"}],"author":[{"embeddable":true,"href":"https:\/\/nublo.tv\/index.php\/wp-json\/wp\/v2\/users\/1"}],"replies":[{"embeddable":true,"href":"https:\/\/nublo.tv\/index.php\/wp-json\/wp\/v2\/comments?post=3041"}],"version-history":[{"count":1,"href":"https:\/\/nublo.tv\/index.php\/wp-json\/wp\/v2\/posts\/3041\/revisions"}],"predecessor-version":[{"id":3059,"href":"https:\/\/nublo.tv\/index.php\/wp-json\/wp\/v2\/posts\/3041\/revisions\/3059"}],"wp:featuredmedia":[{"embeddable":true,"href":"https:\/\/nublo.tv\/index.php\/wp-json\/wp\/v2\/media\/3049"}],"wp:attachment":[{"href":"https:\/\/nublo.tv\/index.php\/wp-json\/wp\/v2\/media?parent=3041"}],"wp:term":[{"taxonomy":"category","embeddable":true,"href":"https:\/\/nublo.tv\/index.php\/wp-json\/wp\/v2\/categories?post=3041"},{"taxonomy":"post_tag","embeddable":true,"href":"https:\/\/nublo.tv\/index.php\/wp-json\/wp\/v2\/tags?post=3041"}],"curies":[{"name":"wp","href":"https:\/\/api.w.org\/{rel}","templated":true}]}}