{"id":3042,"date":"2026-08-10T23:16:06","date_gmt":"2026-08-10T22:16:06","guid":{"rendered":"https:\/\/nublo.tv\/?p=3042"},"modified":"2026-08-27T12:35:27","modified_gmt":"2026-08-27T11:35:27","slug":"adenda-para-la-modificacion-del-acuerdo-de-la-comision-de-seguimiento-relativo-a-la-financiacion-del-area-degradada-de-la-charca-de-arguineguin-y-barranco-pino-seco-en-mogan-las-palmas","status":"publish","type":"post","link":"https:\/\/nublo.tv\/index.php\/2026\/08\/10\/adenda-para-la-modificacion-del-acuerdo-de-la-comision-de-seguimiento-relativo-a-la-financiacion-del-area-degradada-de-la-charca-de-arguineguin-y-barranco-pino-seco-en-mogan-las-palmas\/","title":{"rendered":"ADENDA PARA LA MODIFICACI\u00d3N DEL ACUERDO DE LA COMISI\u00d3N DE SEGUIMIENTO RELATIVO A LA FINANCIACI\u00d3N DEL \u00c1REA DEGRADADA DE LA CHARCA DE ARGUINEGU\u00cdN Y BARRANCO PINO SECO EN MOG\u00c1N (LAS PALMAS)"},"content":{"rendered":"\n<div data-elementor-type=\"wp-post\" data-elementor-id=\"2710\" class=\"elementor elementor-2710\">\n<div class=\"elementor-element elementor-element-7aaa2b5 e-flex e-con-boxed wpr-particle-no wpr-jarallax-no wpr-parallax-no wpr-sticky-section-no wpr-column-slider-no wpr-equal-height-no e-con e-parent\" data-id=\"7aaa2b5\" data-element_type=\"container\" data-e-type=\"container\">\n<div class=\"e-con-inner\">\n<div class=\"elementor-element elementor-element-b3d405a elementor-widget elementor-widget-heading\" data-id=\"b3d405a\" data-element_type=\"widget\" data-e-type=\"widget\" data-widget_type=\"heading.default\">\n<h2 class=\"elementor-heading-title elementor-size-default\">ADENDA PARA LA MODIFICACI\u00d3N DEL ACUERDO DE LA COMISI\u00d3N DE SEGUIMIENTO RELATIVO A LA FINANCIACI\u00d3N DEL \u00c1REA DEGRADADA DE LA CHARCA DE ARGUINEGU\u00cdN Y BARRANCO PINO SECO EN MOG\u00c1N (LAS PALMAS)<\/h2>\n<\/p><\/div>\n<\/p><\/div>\n<\/p><\/div>\n<div class=\"elementor-element elementor-element-9590990 e-flex e-con-boxed wpr-particle-no wpr-jarallax-no wpr-parallax-no wpr-sticky-section-no wpr-column-slider-no wpr-equal-height-no e-con e-parent\" data-id=\"9590990\" data-element_type=\"container\" data-e-type=\"container\">\n<div class=\"e-con-inner\">\n<div class=\"elementor-element elementor-element-11b30b2 elementor-widget elementor-widget-text-editor\" data-id=\"11b30b2\" data-element_type=\"widget\" data-e-type=\"widget\" data-widget_type=\"text-editor.default\">\n<p class=\"p1\">El Consorcio de Viviendas de Gran Canaria ha suscrito el Acuerdo para la Financiaci\u00f3n de \u00c1rea Degrada de la Charca de Arguinegu\u00edn y Barranco Pino Seco en Mog\u00e1n, donde se construir\u00e1 un edificio de 23 viviendas de promoci\u00f3n p\u00fablica.<\/p>\n<p class=\"p1\">El Consorcio interviene en esta actuaci\u00f3n con una inversi\u00f3n de 1.000.000 \u20ac, un 20,86% del coste total de la actuaci\u00f3n (4.794.191,90 \u20ac). Tambi\u00e9n act\u00faan como agentes intervinientes el Ministerio de Vivienda y Agenda Urbana, la Comunidad Aut\u00f3noma de Canarias y el Ayuntamiento de Mog\u00e1n, quedando el cuadro de financiaci\u00f3n:<\/p>\n<\/p><\/div>\n<div class=\"elementor-element elementor-element-3b5a309 elementor-widget elementor-widget-image\" data-id=\"3b5a309\" data-element_type=\"widget\" data-e-type=\"widget\" data-widget_type=\"image.default\">\n\t\t\t\t\t\t\t\t\t\t\t\t\t\t\t<img loading=\"lazy\" decoding=\"async\" width=\"1024\" height=\"474\" src=\"https:\/\/viviendagc.org\/wp-content\/uploads\/2026\/01\/Acuerdo-de-la-Comision-de-Seguimiento-de-20112025-1024x474.png\" class=\"attachment-large size-large wp-image-2713\" alt=\"Acuerdo de la Comisi\u00f3n de Seguimiento de 20\/11\/2025.\" \/>\t\t\t\t\t\t\t\t\t\t\t\t\t\t\t<\/div>\n<div class=\"elementor-element elementor-element-2df70e5 elementor-widget elementor-widget-text-editor\" data-id=\"2df70e5\" data-element_type=\"widget\" data-e-type=\"widget\" data-widget_type=\"text-editor.default\">\n<p class=\"p1\">La actuaci\u00f3n se enmarca dentro del \u201cPrograma de ayuda a la erradicaci\u00f3n de zonas degradadas, del chabolismo y la infravivienda\u201d, regulado por el Real Decreto 42\/2022, de 18 de enero, por el que se regula el Plan Estatal para el acceso a la Vivienda 2022-2025, que tiene por objeto \u201cla financiaci\u00f3n de la realizaci\u00f3n conjunta de actuaciones de rehabilitaci\u00f3n de viviendas, de renovaci\u00f3n y nueva edificaci\u00f3n de viviendas, de urbanizaci\u00f3n o reurbanizaci\u00f3n de los entornos de las viviendas rehabilitadas, renovadas o edificadas, de realojos y de gastos profesionales y de gesti\u00f3n inherentes a la erradicaci\u00f3n de \u00e1reas abandonadas, obsoletas o en declive y, en todo caso, en aquellas en que exista chabolismo y\/o infravivienda, con el fin \u00faltimo de contribuir a la inclusi\u00f3n social de las personas y unidades de convivencia afectadas a trav\u00e9s del disfrute de una vivienda digna y adecuada en un contexto integrador.\u00bb<\/p>\n<\/p><\/div>\n<div class=\"elementor-element elementor-element-928c8e7 elementor-widget elementor-widget-button\" data-id=\"928c8e7\" data-element_type=\"widget\" data-e-type=\"widget\" data-widget_type=\"button.default\">\n\t\t\t\t\t\t\t\t\t\t<a class=\"elementor-button elementor-button-link elementor-size-sm\" href=\"https:\/\/viviendagc.org\/wp-content\/uploads\/2026\/01\/11-ADENDA-ACS-CHARCA-DE-ARGUINEGUIN-Y-BARRANCO-PINO-SECO.-MOGAN-1.pdf\" target=\"_blank\"><br \/>\n\t\t\t\t\t\t<span class=\"elementor-button-content-wrapper\"><br \/>\n\t\t\t\t\t\t<span class=\"elementor-button-icon\"><br \/>\n\t\t\t\t\t\t\t<\/span><br \/>\n\t\t\t\t\t\t\t\t\t<span class=\"elementor-button-text\">Convenio<\/span><br \/>\n\t\t\t\t\t<\/span><br \/>\n\t\t\t\t\t<\/a>\n\t\t\t\t\t\t\t\t<\/div>\n<\/p><\/div>\n<\/p><\/div>\n<div class=\"elementor-element elementor-element-8416bdd e-grid e-con-boxed wpr-particle-no wpr-jarallax-no wpr-parallax-no wpr-sticky-section-no wpr-column-slider-no wpr-equal-height-no e-con e-parent\" data-id=\"8416bdd\" data-element_type=\"container\" data-e-type=\"container\">\n<div class=\"e-con-inner\">\n<div class=\"elementor-element elementor-element-8b88133 elementor-widget elementor-widget-image\" data-id=\"8b88133\" data-element_type=\"widget\" data-e-type=\"widget\" data-widget_type=\"image.default\">\n\t\t\t\t\t\t\t\t\t\t\t\t\t\t\t<img loading=\"lazy\" decoding=\"async\" width=\"1024\" height=\"683\" src=\"https:\/\/viviendagc.org\/wp-content\/uploads\/2026\/01\/WhatsApp-Image-2026-01-28-at-17.21.31-4-1024x683.jpeg\" class=\"attachment-large size-large wp-image-2720\" alt=\"\" \/>\t\t\t\t\t\t\t\t\t\t\t\t\t\t\t<\/div>\n<div class=\"elementor-element elementor-element-85d1f10 elementor-widget elementor-widget-image\" data-id=\"85d1f10\" data-element_type=\"widget\" data-e-type=\"widget\" data-widget_type=\"image.default\">\n\t\t\t\t\t\t\t\t\t\t\t\t\t\t\t<img loading=\"lazy\" decoding=\"async\" width=\"1024\" height=\"683\" src=\"https:\/\/viviendagc.org\/wp-content\/uploads\/2026\/01\/WhatsApp-Image-2026-01-28-at-17.21.31-2-1024x683.jpeg\" class=\"attachment-large size-large wp-image-2721\" alt=\"ADENDA PARA LA MODIFICACI\u00d3N DEL ACUERDO DE LA COMISI\u00d3N DE SEGUIMIENTO RELATIVO A LA FINANCIACI\u00d3N DEL \u00c1REA DEGRADADA DE LA CHARCA DE ARGUINEGU\u00cdN Y BARRANCO PINO SECO EN MOG\u00c1N (LAS PALMAS)\" \/>\t\t\t\t\t\t\t\t\t\t\t\t\t\t\t<\/div>\n<\/p><\/div>\n<\/p><\/div>\n<\/p><\/div>\n","protected":false},"excerpt":{"rendered":"<p>ADENDA PARA LA MODIFICACI\u00d3N DEL ACUERDO DE LA COMISI\u00d3N DE SEGUIMIENTO RELATIVO A LA FINANCIACI\u00d3N DEL \u00c1REA DEGRADADA DE LA CHARCA DE ARGUINEGU\u00cdN Y BARRANCO PINO SECO EN MOG\u00c1N (LAS&hellip;<\/p>\n","protected":false},"author":1,"featured_media":0,"comment_status":"open","ping_status":"open","sticky":false,"template":"","format":"standard","meta":{"wpai_generated_summary":"","wpai_meta_description":"","footnotes":""},"categories":[121],"tags":[],"class_list":["post-3042","post","type-post","status-publish","format-standard","hentry","category-noticias"],"_links":{"self":[{"href":"https:\/\/nublo.tv\/index.php\/wp-json\/wp\/v2\/posts\/3042","targetHints":{"allow":["GET"]}}],"collection":[{"href":"https:\/\/nublo.tv\/index.php\/wp-json\/wp\/v2\/posts"}],"about":[{"href":"https:\/\/nublo.tv\/index.php\/wp-json\/wp\/v2\/types\/post"}],"author":[{"embeddable":true,"href":"https:\/\/nublo.tv\/index.php\/wp-json\/wp\/v2\/users\/1"}],"replies":[{"embeddable":true,"href":"https:\/\/nublo.tv\/index.php\/wp-json\/wp\/v2\/comments?post=3042"}],"version-history":[{"count":1,"href":"https:\/\/nublo.tv\/index.php\/wp-json\/wp\/v2\/posts\/3042\/revisions"}],"predecessor-version":[{"id":3060,"href":"https:\/\/nublo.tv\/index.php\/wp-json\/wp\/v2\/posts\/3042\/revisions\/3060"}],"wp:attachment":[{"href":"https:\/\/nublo.tv\/index.php\/wp-json\/wp\/v2\/media?parent=3042"}],"wp:term":[{"taxonomy":"category","embeddable":true,"href":"https:\/\/nublo.tv\/index.php\/wp-json\/wp\/v2\/categories?post=3042"},{"taxonomy":"post_tag","embeddable":true,"href":"https:\/\/nublo.tv\/index.php\/wp-json\/wp\/v2\/tags?post=3042"}],"curies":[{"name":"wp","href":"https:\/\/api.w.org\/{rel}","templated":true}]}}