{"id":3043,"date":"2026-08-10T23:16:12","date_gmt":"2026-08-10T22:16:12","guid":{"rendered":"https:\/\/nublo.tv\/?p=3043"},"modified":"2026-08-27T12:35:27","modified_gmt":"2026-08-27T11:35:27","slug":"convenio-de-colaboracion-entre-el-consorcio-de-viviendas-de-gran-canaria-y-el-excelentisimo-ayuntamiento-de-las-palmas-de-gran-canaria-para-la-financiacion-de-construccion-de-240-viviendas-en","status":"publish","type":"post","link":"https:\/\/nublo.tv\/index.php\/2026\/08\/10\/convenio-de-colaboracion-entre-el-consorcio-de-viviendas-de-gran-canaria-y-el-excelentisimo-ayuntamiento-de-las-palmas-de-gran-canaria-para-la-financiacion-de-construccion-de-240-viviendas-en\/","title":{"rendered":"CONVENIO DE COLABORACI\u00d3N ENTRE EL CONSORCIO DE VIVIENDAS DE GRAN CANARIA Y EL EXCELENT\u00cdSIMO AYUNTAMIENTO DE LAS PALMAS DE GRAN CANARIA PARA LA FINANCIACI\u00d3N DE \u201cCONSTRUCCI\u00d3N DE 240 VIVIENDAS EN LA C\/JOAQU\u00cdN BLANCO MONTESDEOCA (ARCHIVERO) EN EL BARRIO DE LAS TORRES DEL T.M. LAS PALMAS DE GRAN CANARIA."},"content":{"rendered":"\n<div data-elementor-type=\"wp-post\" data-elementor-id=\"2675\" class=\"elementor elementor-2675\">\n<div class=\"elementor-element elementor-element-196ddbe e-flex e-con-boxed wpr-particle-no wpr-jarallax-no wpr-parallax-no wpr-sticky-section-no wpr-column-slider-no wpr-equal-height-no e-con e-parent\" data-id=\"196ddbe\" data-element_type=\"container\" data-e-type=\"container\">\n<div class=\"e-con-inner\">\n<div class=\"elementor-element elementor-element-4d18403 elementor-widget elementor-widget-heading\" data-id=\"4d18403\" data-element_type=\"widget\" data-e-type=\"widget\" data-widget_type=\"heading.default\">\n<h2 class=\"elementor-heading-title elementor-size-default\">CONVENIO DE COLABORACI\u00d3N ENTRE EL CONSORCIO DE VIVIENDAS DE GRAN CANARIA Y EL EXCELENT\u00cdSIMO AYUNTAMIENTO DE LAS PALMAS DE GRAN CANARIA PARA LA FINANCIACI\u00d3N DE \u201cCONSTRUCCI\u00d3N DE 240 VIVIENDAS EN LA C\/JOAQU\u00cdN BLANCO MONTESDEOCA (ARCHIVERO) EN EL BARRIO DE LAS TORRES DEL T.M. LAS PALMAS DE GRAN CANARIA.<span style=\"font-style: inherit\"><\/span><\/h2>\n<\/p><\/div>\n<\/p><\/div>\n<\/p><\/div>\n<div class=\"elementor-element elementor-element-b8a9068 e-flex e-con-boxed wpr-particle-no wpr-jarallax-no wpr-parallax-no wpr-sticky-section-no wpr-column-slider-no wpr-equal-height-no e-con e-parent\" data-id=\"b8a9068\" data-element_type=\"container\" data-e-type=\"container\">\n<div class=\"e-con-inner\">\n<div class=\"elementor-element elementor-element-f4862e2 elementor-widget elementor-widget-text-editor\" data-id=\"f4862e2\" data-element_type=\"widget\" data-e-type=\"widget\" data-widget_type=\"text-editor.default\">\n<p>El Consorcio de Viviendas de Gran Canaria ha suscrito un convenio de colaboraci\u00f3n con el Excelent\u00edsimo Ayuntamiento de las Palmas de Gran Canaria para la construcci\u00f3n de 240 viviendas de promoci\u00f3n p\u00fablica en alquiler asequible.\u00a0<\/p>\n<p>El Consorcio de Viviendas aporta una inversi\u00f3n de 39.600.000,00 \u20ac y el Ayuntamiento aporta el suelo que se ubica en la Calle Joaqu\u00edn Blanco Montesdeoca (Archivero) en el Barrio de las Torres.\u00a0<\/p>\n<\/p><\/div>\n<div class=\"elementor-element elementor-element-ac602e8 elementor-widget elementor-widget-button\" data-id=\"ac602e8\" data-element_type=\"widget\" data-e-type=\"widget\" data-widget_type=\"button.default\">\n\t\t\t\t\t\t\t\t\t\t<a class=\"elementor-button elementor-button-link elementor-size-sm\" href=\"https:\/\/viviendagc.org\/wp-content\/uploads\/2026\/01\/10-LPGC-29-12-2025-CONVENIO-LPGC-240-vdas.report.pdf\" target=\"_blank\"><br \/>\n\t\t\t\t\t\t<span class=\"elementor-button-content-wrapper\"><br \/>\n\t\t\t\t\t\t<span class=\"elementor-button-icon\"><br \/>\n\t\t\t\t\t\t\t<\/span><br \/>\n\t\t\t\t\t\t\t\t\t<span class=\"elementor-button-text\">Convenio<\/span><br \/>\n\t\t\t\t\t<\/span><br \/>\n\t\t\t\t\t<\/a>\n\t\t\t\t\t\t\t\t<\/div>\n<\/p><\/div>\n<\/p><\/div>\n<div class=\"elementor-element elementor-element-f96f755 e-grid e-con-boxed wpr-particle-no wpr-jarallax-no wpr-parallax-no wpr-sticky-section-no wpr-column-slider-no wpr-equal-height-no e-con e-parent\" data-id=\"f96f755\" data-element_type=\"container\" data-e-type=\"container\">\n<div class=\"e-con-inner\">\n<div class=\"elementor-element elementor-element-6bea6ed elementor-widget elementor-widget-image\" data-id=\"6bea6ed\" data-element_type=\"widget\" data-e-type=\"widget\" data-widget_type=\"image.default\">\n\t\t\t\t\t\t\t\t\t\t\t\t\t\t\t<img decoding=\"async\" loading=\"lazy\" width=\"1024\" height=\"682\" src=\"https:\/\/viviendagc.org\/wp-content\/uploads\/2026\/01\/OM_2192-copia-1024x682.jpg\" class=\"attachment-large size-large wp-image-2685\" alt=\"\u201cCONVENIO DE COLABORACI\u00d3N ENTRE EL CONSORCIO DE VIVIENDAS DE GRAN CANARIA Y EL EXCELENT\u00cdSIMO AYUNTAMIENTO DE LAS PALMAS DE GRAN CANARIA PARA LA FINANCIACI\u00d3N DE \u201cCONSTRUCCION DE 240 VIVIENDAS EN LA C\/JOAQUIN BLANCO MONTESDEOCA (ARCHIVERO) EN EL BARRIO DE LAS TORRES DEL T.M. LAS PALMAS DE GRAN CANARIA\u201d.\" \/>\t\t\t\t\t\t\t\t\t\t\t\t\t\t\t<\/div>\n<div class=\"elementor-element elementor-element-ab1ad5e elementor-widget elementor-widget-image\" data-id=\"ab1ad5e\" data-element_type=\"widget\" data-e-type=\"widget\" data-widget_type=\"image.default\">\n\t\t\t\t\t\t\t\t\t\t\t\t\t\t\t<img decoding=\"async\" loading=\"lazy\" width=\"1024\" height=\"671\" src=\"https:\/\/viviendagc.org\/wp-content\/uploads\/2026\/01\/OM_2041-copia-1-1024x671.jpg\" class=\"attachment-large size-large wp-image-2686\" alt=\"\" \/>\t\t\t\t\t\t\t\t\t\t\t\t\t\t\t<\/div>\n<\/p><\/div>\n<\/p><\/div>\n<\/p><\/div>\n","protected":false},"excerpt":{"rendered":"<p>CONVENIO DE COLABORACI\u00d3N ENTRE EL CONSORCIO DE VIVIENDAS DE GRAN CANARIA Y EL EXCELENT\u00cdSIMO AYUNTAMIENTO DE LAS PALMAS DE GRAN CANARIA PARA LA FINANCIACI\u00d3N DE \u201cCONSTRUCCI\u00d3N DE 240 VIVIENDAS EN&hellip;<\/p>\n","protected":false},"author":1,"featured_media":3044,"comment_status":"open","ping_status":"open","sticky":false,"template":"","format":"standard","meta":{"wpai_generated_summary":"","wpai_meta_description":"","footnotes":""},"categories":[121],"tags":[],"class_list":["post-3043","post","type-post","status-publish","format-standard","has-post-thumbnail","hentry","category-noticias"],"_links":{"self":[{"href":"https:\/\/nublo.tv\/index.php\/wp-json\/wp\/v2\/posts\/3043","targetHints":{"allow":["GET"]}}],"collection":[{"href":"https:\/\/nublo.tv\/index.php\/wp-json\/wp\/v2\/posts"}],"about":[{"href":"https:\/\/nublo.tv\/index.php\/wp-json\/wp\/v2\/types\/post"}],"author":[{"embeddable":true,"href":"https:\/\/nublo.tv\/index.php\/wp-json\/wp\/v2\/users\/1"}],"replies":[{"embeddable":true,"href":"https:\/\/nublo.tv\/index.php\/wp-json\/wp\/v2\/comments?post=3043"}],"version-history":[{"count":1,"href":"https:\/\/nublo.tv\/index.php\/wp-json\/wp\/v2\/posts\/3043\/revisions"}],"predecessor-version":[{"id":3061,"href":"https:\/\/nublo.tv\/index.php\/wp-json\/wp\/v2\/posts\/3043\/revisions\/3061"}],"wp:featuredmedia":[{"embeddable":true,"href":"https:\/\/nublo.tv\/index.php\/wp-json\/wp\/v2\/posts\/3044"}],"wp:attachment":[{"href":"https:\/\/nublo.tv\/index.php\/wp-json\/wp\/v2\/media?parent=3043"}],"wp:term":[{"taxonomy":"category","embeddable":true,"href":"https:\/\/nublo.tv\/index.php\/wp-json\/wp\/v2\/categories?post=3043"},{"taxonomy":"post_tag","embeddable":true,"href":"https:\/\/nublo.tv\/index.php\/wp-json\/wp\/v2\/tags?post=3043"}],"curies":[{"name":"wp","href":"https:\/\/api.w.org\/{rel}","templated":true}]}}