{"id":3044,"date":"2026-08-10T23:16:19","date_gmt":"2026-08-10T22:16:19","guid":{"rendered":"https:\/\/nublo.tv\/?p=3044"},"modified":"2026-08-27T12:35:27","modified_gmt":"2026-08-27T11:35:27","slug":"convenio-interadministrativo-entre-el-consorcio-de-viviendas-de-gran-canaria-y-el-instituto-canario-de-la-vivienda-por-el-que-se-instrumenta-una-subvencion-directa-de-caracter-plurianual-para-la-ejecu","status":"publish","type":"post","link":"https:\/\/nublo.tv\/index.php\/2026\/08\/10\/convenio-interadministrativo-entre-el-consorcio-de-viviendas-de-gran-canaria-y-el-instituto-canario-de-la-vivienda-por-el-que-se-instrumenta-una-subvencion-directa-de-caracter-plurianual-para-la-ejecu\/","title":{"rendered":"CONVENIO INTERADMINISTRATIVO ENTRE EL CONSORCIO DE VIVIENDAS DE GRAN CANARIA Y EL INSTITUTO CANARIO DE LA VIVIENDA POR EL QUE SE INSTRUMENTA UNA SUBVENCI\u00d3N DIRECTA DE CAR\u00c1CTER PLURIANUAL PARA LA EJECUCI\u00d3N DE CINCO PROMOCIONES DE VIVIENDAS DE PROMOCI\u00d3N P\u00daBLICA EN GRAN CANARIA."},"content":{"rendered":"\n<div data-elementor-type=\"wp-post\" data-elementor-id=\"2691\" class=\"elementor elementor-2691\">\n<div class=\"elementor-element elementor-element-eff1211 e-flex e-con-boxed wpr-particle-no wpr-jarallax-no wpr-parallax-no wpr-sticky-section-no wpr-column-slider-no wpr-equal-height-no e-con e-parent\" data-id=\"eff1211\" data-element_type=\"container\" data-e-type=\"container\">\n<div class=\"e-con-inner\">\n<div class=\"elementor-element elementor-element-fdb9d12 elementor-widget elementor-widget-heading\" data-id=\"fdb9d12\" data-element_type=\"widget\" data-e-type=\"widget\" data-widget_type=\"heading.default\">\n<h2 class=\"elementor-heading-title elementor-size-default\">CONVENIO INTERADMINISTRATIVO ENTRE EL CONSORCIO DE VIVIENDAS DE GRAN CANARIA Y EL INSTITUTO CANARIO DE LA VIVIENDA POR EL QUE SE INSTRUMENTA UNA SUBVENCI\u00d3N DIRECTA DE CAR\u00c1CTER PLURIANUAL PARA LA EJECUCI\u00d3N DE CINCO PROMOCIONES DE VIVIENDAS DE PROMOCI\u00d3N P\u00daBLICA EN GRAN CANARIA.<\/h2>\n<\/p><\/div>\n<\/p><\/div>\n<\/p><\/div>\n<div class=\"elementor-element elementor-element-9009407 e-flex e-con-boxed wpr-particle-no wpr-jarallax-no wpr-parallax-no wpr-sticky-section-no wpr-column-slider-no wpr-equal-height-no e-con e-parent\" data-id=\"9009407\" data-element_type=\"container\" data-e-type=\"container\">\n<div class=\"e-con-inner\">\n<div class=\"elementor-element elementor-element-30326dd elementor-widget elementor-widget-text-editor\" data-id=\"30326dd\" data-element_type=\"widget\" data-e-type=\"widget\" data-widget_type=\"text-editor.default\">\n<p class=\"p1\">El Consorcio de Viviendas de Gran Canaria ha suscrito un Convenio con el Instituto Canario de la Vivienda para la ejecuci\u00f3n de cinco promociones de viviendas de promoci\u00f3n p\u00fablica en Gran Canaria.<\/p>\n<p class=\"p1\">El consorcio cofinancia estas actuaciones con una inversi\u00f3n de 10.000.000,00 \u20ac.<\/p>\n<p class=\"p1\">Se construir\u00e1 un total de 126 viviendas de promoci\u00f3n p\u00fablica en alquiler asequible, situadas en los Municipios de G\u00e1ldar (26+26), Santa Mar\u00eda de Gu\u00eda (45) y Santa Lucia de Tirajana (8+21).<\/p>\n<\/p><\/div>\n<div class=\"elementor-element elementor-element-c5014ec elementor-widget elementor-widget-button\" data-id=\"c5014ec\" data-element_type=\"widget\" data-e-type=\"widget\" data-widget_type=\"button.default\">\n\t\t\t\t\t\t\t\t\t\t<a class=\"elementor-button elementor-button-link elementor-size-sm\" href=\"https:\/\/viviendagc.org\/wp-content\/uploads\/2026\/01\/Convenio-CVGC_ICAVI.report.pdf\" target=\"_blank\"><br \/>\n\t\t\t\t\t\t<span class=\"elementor-button-content-wrapper\"><br \/>\n\t\t\t\t\t\t<span class=\"elementor-button-icon\"><br \/>\n\t\t\t\t\t\t\t<\/span><br \/>\n\t\t\t\t\t\t\t\t\t<span class=\"elementor-button-text\">Convenio<\/span><br \/>\n\t\t\t\t\t<\/span><br \/>\n\t\t\t\t\t<\/a>\n\t\t\t\t\t\t\t\t<\/div>\n<\/p><\/div>\n<\/p><\/div>\n<div class=\"elementor-element elementor-element-c32df6c e-grid e-con-boxed wpr-particle-no wpr-jarallax-no wpr-parallax-no wpr-sticky-section-no wpr-column-slider-no wpr-equal-height-no e-con e-parent\" data-id=\"c32df6c\" data-element_type=\"container\" data-e-type=\"container\">\n<div class=\"e-con-inner\">\n<div class=\"elementor-element elementor-element-9bab6cf elementor-widget elementor-widget-image\" data-id=\"9bab6cf\" data-element_type=\"widget\" data-e-type=\"widget\" data-widget_type=\"image.default\">\n\t\t\t\t\t\t\t\t\t\t\t\t\t\t\t<img decoding=\"async\" loading=\"lazy\" width=\"1024\" height=\"682\" src=\"https:\/\/viviendagc.org\/wp-content\/uploads\/2026\/01\/ConvenioInteradministrativo1-1024x682.jpeg\" class=\"attachment-large size-large wp-image-2694\" alt=\"CONVENIO INTERADMINISTRATIVO ENTRE EL CONSORCIO DE VIVIENDAS DE GRAN CANARIA Y EL INSTITUTO CANARIO DE LA VIVIENDA POR EL QUE SE INSTRUMENTA UNA SUBVENCI\u00d3N DIRECTA DE CAR\u00c1CTER PLURIANUAL PARA LA EJECUCI\u00d3N DE CINCO PROMOCIONES DE VIVIENDAS DE PROMOCI\u00d3N P\u00daBLICA EN GRAN CANARIA.\" \/>\t\t\t\t\t\t\t\t\t\t\t\t\t\t\t<\/div>\n<div class=\"elementor-element elementor-element-f22efd5 elementor-widget elementor-widget-image\" data-id=\"f22efd5\" data-element_type=\"widget\" data-e-type=\"widget\" data-widget_type=\"image.default\">\n\t\t\t\t\t\t\t\t\t\t\t\t\t\t\t<img decoding=\"async\" loading=\"lazy\" width=\"1024\" height=\"682\" src=\"https:\/\/viviendagc.org\/wp-content\/uploads\/2026\/01\/ConvenioInteradministrativo2-1024x682.jpeg\" class=\"attachment-large size-large wp-image-2695\" alt=\"\" \/>\t\t\t\t\t\t\t\t\t\t\t\t\t\t\t<\/div>\n<\/p><\/div>\n<\/p><\/div>\n<\/p><\/div>\n","protected":false},"excerpt":{"rendered":"<p>CONVENIO INTERADMINISTRATIVO ENTRE EL CONSORCIO DE VIVIENDAS DE GRAN CANARIA Y EL INSTITUTO CANARIO DE LA VIVIENDA POR EL QUE SE INSTRUMENTA UNA SUBVENCI\u00d3N DIRECTA DE CAR\u00c1CTER PLURIANUAL PARA LA&hellip;<\/p>\n","protected":false},"author":1,"featured_media":0,"comment_status":"open","ping_status":"open","sticky":false,"template":"","format":"standard","meta":{"wpai_generated_summary":"","wpai_meta_description":"","footnotes":""},"categories":[121],"tags":[],"class_list":["post-3044","post","type-post","status-publish","format-standard","hentry","category-noticias"],"_links":{"self":[{"href":"https:\/\/nublo.tv\/index.php\/wp-json\/wp\/v2\/posts\/3044","targetHints":{"allow":["GET"]}}],"collection":[{"href":"https:\/\/nublo.tv\/index.php\/wp-json\/wp\/v2\/posts"}],"about":[{"href":"https:\/\/nublo.tv\/index.php\/wp-json\/wp\/v2\/types\/post"}],"author":[{"embeddable":true,"href":"https:\/\/nublo.tv\/index.php\/wp-json\/wp\/v2\/users\/1"}],"replies":[{"embeddable":true,"href":"https:\/\/nublo.tv\/index.php\/wp-json\/wp\/v2\/comments?post=3044"}],"version-history":[{"count":1,"href":"https:\/\/nublo.tv\/index.php\/wp-json\/wp\/v2\/posts\/3044\/revisions"}],"predecessor-version":[{"id":3062,"href":"https:\/\/nublo.tv\/index.php\/wp-json\/wp\/v2\/posts\/3044\/revisions\/3062"}],"wp:attachment":[{"href":"https:\/\/nublo.tv\/index.php\/wp-json\/wp\/v2\/media?parent=3044"}],"wp:term":[{"taxonomy":"category","embeddable":true,"href":"https:\/\/nublo.tv\/index.php\/wp-json\/wp\/v2\/categories?post=3044"},{"taxonomy":"post_tag","embeddable":true,"href":"https:\/\/nublo.tv\/index.php\/wp-json\/wp\/v2\/tags?post=3044"}],"curies":[{"name":"wp","href":"https:\/\/api.w.org\/{rel}","templated":true}]}}