{"id":3045,"date":"2026-08-10T23:15:36","date_gmt":"2026-08-10T22:15:36","guid":{"rendered":"https:\/\/nublo.tv\/?p=3045"},"modified":"2026-08-27T12:35:27","modified_gmt":"2026-08-27T11:35:27","slug":"adenda-para-la-modificacion-del-acuerdo-de-la-comision-de-seguimiento-relativo-a-la-financiacion-del-area-degradada-de-la-urbanizacion-la-paz-cruce-de-arinaga-en-aguimes-las-palmas","status":"publish","type":"post","link":"https:\/\/nublo.tv\/index.php\/2026\/08\/10\/adenda-para-la-modificacion-del-acuerdo-de-la-comision-de-seguimiento-relativo-a-la-financiacion-del-area-degradada-de-la-urbanizacion-la-paz-cruce-de-arinaga-en-aguimes-las-palmas\/","title":{"rendered":"ADENDA PARA LA MODIFICACI\u00d3N DEL ACUERDO DE LA COMISI\u00d3N DE SEGUIMIENTO RELATIVO A LA FINANCIACI\u00d3N DEL \u00c1REA DEGRADADA DE LA URBANIZACI\u00d3N LA PAZ, CRUCE DE ARINAGA EN AG\u00dcIMES. (LAS PALMAS)"},"content":{"rendered":"\n<div data-elementor-type=\"wp-post\" data-elementor-id=\"2734\" class=\"elementor elementor-2734\">\n<div class=\"elementor-element elementor-element-720013a e-flex e-con-boxed wpr-particle-no wpr-jarallax-no wpr-parallax-no wpr-sticky-section-no wpr-column-slider-no wpr-equal-height-no e-con e-parent\" data-id=\"720013a\" data-element_type=\"container\" data-e-type=\"container\">\n<div class=\"e-con-inner\">\n<div class=\"elementor-element elementor-element-410fe86 elementor-widget elementor-widget-heading\" data-id=\"410fe86\" data-element_type=\"widget\" data-e-type=\"widget\" data-widget_type=\"heading.default\">\n<h2 class=\"elementor-heading-title elementor-size-default\">ADENDA PARA LA MODIFICACI\u00d3N DEL ACUERDO DE LA COMISI\u00d3N DE SEGUIMIENTO RELATIVO A LA FINANCIACI\u00d3N DEL \u00c1REA DEGRADADA DE LA URBANIZACI\u00d3N LA PAZ, CRUCE DE ARINAGA EN AG\u00dcIMES (LAS PALMAS)<\/h2>\n<\/p><\/div>\n<\/p><\/div>\n<\/p><\/div>\n<div class=\"elementor-element elementor-element-5289f4a e-flex e-con-boxed wpr-particle-no wpr-jarallax-no wpr-parallax-no wpr-sticky-section-no wpr-column-slider-no wpr-equal-height-no e-con e-parent\" data-id=\"5289f4a\" data-element_type=\"container\" data-e-type=\"container\">\n<div class=\"e-con-inner\">\n<div class=\"elementor-element elementor-element-624ad5a elementor-widget elementor-widget-text-editor\" data-id=\"624ad5a\" data-element_type=\"widget\" data-e-type=\"widget\" data-widget_type=\"text-editor.default\">\n<p class=\"p1\">El Consorcio de Viviendas de Gran Canaria ha suscrito el Acuerdo para la Financiaci\u00f3n de \u00c1rea Degrada de la Urbanizaci\u00f3n La Paz en el Cruce de Arinaga, en que se rehabilitar\u00e1n 208 viviendas.<\/p>\n<p class=\"p1\">El Consorcio interviene en esta actuaci\u00f3n con una inversi\u00f3n de 1.000.000 \u20ac, un 15.75% del coste total de la actuaci\u00f3n (6.347.510,25 \u20ac). Tambi\u00e9n act\u00faan como agentes intervinientes el Ministerio de Vivienda y Agenda Urbana, la Comunidad Aut\u00f3noma de Canarias y el Ayuntamiento de Ag\u00fcimes, quedando el cuadro de financiaci\u00f3n:<\/p>\n<\/p><\/div>\n<div class=\"elementor-element elementor-element-d151380 elementor-widget elementor-widget-image\" data-id=\"d151380\" data-element_type=\"widget\" data-e-type=\"widget\" data-widget_type=\"image.default\">\n\t\t\t\t\t\t\t\t\t\t\t\t\t\t\t<img decoding=\"async\" loading=\"lazy\" width=\"1024\" height=\"320\" src=\"https:\/\/viviendagc.org\/wp-content\/uploads\/2026\/01\/Acuerdo-de-la-Comision-de-Seguimiento-de-23102025-1024x320.png\" class=\"attachment-large size-large wp-image-2738\" alt=\"Acuerdo de la Comisi\u00f3n de Seguimiento de 23\/10\/2025.\" \/>\t\t\t\t\t\t\t\t\t\t\t\t\t\t\t<\/div>\n<div class=\"elementor-element elementor-element-2e02c90 elementor-widget elementor-widget-text-editor\" data-id=\"2e02c90\" data-element_type=\"widget\" data-e-type=\"widget\" data-widget_type=\"text-editor.default\">\n<p class=\"p1\">La actuaci\u00f3n se enmarca dentro del \u201cPrograma de ayuda a la erradicaci\u00f3n de zonas degradadas, del chabolismo y la infravivienda\u201d, regulado por el Real Decreto 42\/2022, de 18 de enero, por el que se regula el Plan Estatal para el acceso a la Vivienda 2022-2025, que tiene por objeto \u201cla financiaci\u00f3n de la realizaci\u00f3n conjunta de actuaciones de rehabilitaci\u00f3n de viviendas, de renovaci\u00f3n y nueva edificaci\u00f3n de viviendas, de urbanizaci\u00f3n o reurbanizaci\u00f3n de los entornos de las viviendas rehabilitadas, renovadas o edificadas, de realojos y de gastos profesionales y de gesti\u00f3n inherentes a la erradicaci\u00f3n de \u00e1reas abandonadas, obsoletas o en declive y, en todo caso, en aquellas en que exista chabolismo y\/o infravivienda, con el fin \u00faltimo de contribuir a la inclusi\u00f3n social de las personas y unidades de convivencia afectadas a trav\u00e9s del disfrute de una vivienda digna y adecuada en un contexto integrador. \u201c<\/p>\n<\/p><\/div>\n<div class=\"elementor-element elementor-element-838c731 elementor-widget elementor-widget-button\" data-id=\"838c731\" data-element_type=\"widget\" data-e-type=\"widget\" data-widget_type=\"button.default\">\n\t\t\t\t\t\t\t\t\t\t<a class=\"elementor-button elementor-button-link elementor-size-sm\" href=\"https:\/\/viviendagc.org\/wp-content\/uploads\/2026\/01\/ADENDA-ACS-ZD-CRUCE-DE-ARINAGA-EN-AGUIMES.pdf\" target=\"_blank\"><br \/>\n\t\t\t\t\t\t<span class=\"elementor-button-content-wrapper\"><br \/>\n\t\t\t\t\t\t<span class=\"elementor-button-icon\"><br \/>\n\t\t\t\t\t\t\t<\/span><br \/>\n\t\t\t\t\t\t\t\t\t<span class=\"elementor-button-text\">Convenio<\/span><br \/>\n\t\t\t\t\t<\/span><br \/>\n\t\t\t\t\t<\/a>\n\t\t\t\t\t\t\t\t<\/div>\n<\/p><\/div>\n<\/p><\/div>\n<div class=\"elementor-element elementor-element-7961965 e-grid e-con-boxed wpr-particle-no wpr-jarallax-no wpr-parallax-no wpr-sticky-section-no wpr-column-slider-no wpr-equal-height-no e-con e-parent\" data-id=\"7961965\" data-element_type=\"container\" data-e-type=\"container\">\n<div class=\"e-con-inner\">\n<div class=\"elementor-element elementor-element-0816aa1 elementor-widget elementor-widget-image\" data-id=\"0816aa1\" data-element_type=\"widget\" data-e-type=\"widget\" data-widget_type=\"image.default\">\n\t\t\t\t\t\t\t\t\t\t\t\t\t\t\t<img decoding=\"async\" loading=\"lazy\" width=\"1024\" height=\"681\" src=\"https:\/\/viviendagc.org\/wp-content\/uploads\/2026\/01\/WhatsApp-Image-2026-01-26-at-13.16.42-1024x681.jpeg\" class=\"attachment-large size-large wp-image-2740\" alt=\"ADENDA PARA LA MODIFICACI\u00d3N DEL ACUERDO DE LA COMISI\u00d3N DE SEGUIMIENTO RELATIVO A LA FINANCIACI\u00d3N DEL \u00c1REA DEGRADADA DE LA URBANIZACI\u00d3N LA PAZ, CRUCE DE ARINAGA EN AG\u00dcIMES (LAS PALMAS)\" \/>\t\t\t\t\t\t\t\t\t\t\t\t\t\t\t<\/div>\n<div class=\"elementor-element elementor-element-921f0f9 elementor-widget elementor-widget-image\" data-id=\"921f0f9\" data-element_type=\"widget\" data-e-type=\"widget\" data-widget_type=\"image.default\">\n\t\t\t\t\t\t\t\t\t\t\t\t\t\t\t<img decoding=\"async\" loading=\"lazy\" width=\"1024\" height=\"697\" src=\"https:\/\/viviendagc.org\/wp-content\/uploads\/2026\/01\/WhatsApp-Image-2026-01-26-at-13.16.43-1-1024x697.jpeg\" class=\"attachment-large size-large wp-image-2741\" alt=\"\" \/>\t\t\t\t\t\t\t\t\t\t\t\t\t\t\t<\/div>\n<\/p><\/div>\n<\/p><\/div>\n<div class=\"elementor-element elementor-element-cd706fb e-grid e-con-boxed wpr-particle-no wpr-jarallax-no wpr-parallax-no wpr-sticky-section-no wpr-column-slider-no wpr-equal-height-no e-con e-parent\" data-id=\"cd706fb\" data-element_type=\"container\" data-e-type=\"container\">\n<div class=\"e-con-inner\">\n<div class=\"elementor-element elementor-element-2b698a7 elementor-widget elementor-widget-image\" data-id=\"2b698a7\" data-element_type=\"widget\" data-e-type=\"widget\" data-widget_type=\"image.default\">\n\t\t\t\t\t\t\t\t\t\t\t\t\t\t\t<img decoding=\"async\" loading=\"lazy\" width=\"1024\" height=\"681\" src=\"https:\/\/viviendagc.org\/wp-content\/uploads\/2026\/01\/WhatsApp-Image-2026-01-26-at-13.16.42-1-1-1024x681.jpeg\" class=\"attachment-large size-large wp-image-2742\" alt=\"ADENDA PARA LA MODIFICACI\u00d3N DEL ACUERDO DE LA COMISI\u00d3N DE SEGUIMIENTO RELATIVO A LA FINANCIACI\u00d3N DEL \u00c1REA DEGRADADA DE LA URBANIZACI\u00d3N LA PAZ, CRUCE DE ARINAGA EN AG\u00dcIMES (LAS PALMAS)\" \/>\t\t\t\t\t\t\t\t\t\t\t\t\t\t\t<\/div>\n<div class=\"elementor-element elementor-element-a2830e2 elementor-widget elementor-widget-image\" data-id=\"a2830e2\" data-element_type=\"widget\" data-e-type=\"widget\" data-widget_type=\"image.default\">\n\t\t\t\t\t\t\t\t\t\t\t\t\t\t\t<img decoding=\"async\" loading=\"lazy\" width=\"1024\" height=\"685\" src=\"https:\/\/viviendagc.org\/wp-content\/uploads\/2026\/01\/WhatsApp-Image-2026-01-26-at-13.16.43-1024x685.jpeg\" class=\"attachment-large size-large wp-image-2743\" alt=\"ADENDA PARA LA MODIFICACI\u00d3N DEL ACUERDO DE LA COMISI\u00d3N DE SEGUIMIENTO RELATIVO A LA FINANCIACI\u00d3N DEL \u00c1REA DEGRADADA DE LA URBANIZACI\u00d3N LA PAZ, CRUCE DE ARINAGA EN AG\u00dcIMES (LAS PALMAS)\" \/>\t\t\t\t\t\t\t\t\t\t\t\t\t\t\t<\/div>\n<\/p><\/div>\n<\/p><\/div>\n<\/p><\/div>\n","protected":false},"excerpt":{"rendered":"<p>ADENDA PARA LA MODIFICACI\u00d3N DEL ACUERDO DE LA COMISI\u00d3N DE SEGUIMIENTO RELATIVO A LA FINANCIACI\u00d3N DEL \u00c1REA DEGRADADA DE LA URBANIZACI\u00d3N LA PAZ, CRUCE DE ARINAGA EN AG\u00dcIMES (LAS PALMAS)&hellip;<\/p>\n","protected":false},"author":1,"featured_media":3046,"comment_status":"open","ping_status":"open","sticky":false,"template":"","format":"standard","meta":{"wpai_generated_summary":"","wpai_meta_description":"","footnotes":""},"categories":[121],"tags":[],"class_list":["post-3045","post","type-post","status-publish","format-standard","has-post-thumbnail","hentry","category-noticias"],"_links":{"self":[{"href":"https:\/\/nublo.tv\/index.php\/wp-json\/wp\/v2\/posts\/3045","targetHints":{"allow":["GET"]}}],"collection":[{"href":"https:\/\/nublo.tv\/index.php\/wp-json\/wp\/v2\/posts"}],"about":[{"href":"https:\/\/nublo.tv\/index.php\/wp-json\/wp\/v2\/types\/post"}],"author":[{"embeddable":true,"href":"https:\/\/nublo.tv\/index.php\/wp-json\/wp\/v2\/users\/1"}],"replies":[{"embeddable":true,"href":"https:\/\/nublo.tv\/index.php\/wp-json\/wp\/v2\/comments?post=3045"}],"version-history":[{"count":1,"href":"https:\/\/nublo.tv\/index.php\/wp-json\/wp\/v2\/posts\/3045\/revisions"}],"predecessor-version":[{"id":3053,"href":"https:\/\/nublo.tv\/index.php\/wp-json\/wp\/v2\/posts\/3045\/revisions\/3053"}],"wp:featuredmedia":[{"embeddable":true,"href":"https:\/\/nublo.tv\/index.php\/wp-json\/wp\/v2\/posts\/3046"}],"wp:attachment":[{"href":"https:\/\/nublo.tv\/index.php\/wp-json\/wp\/v2\/media?parent=3045"}],"wp:term":[{"taxonomy":"category","embeddable":true,"href":"https:\/\/nublo.tv\/index.php\/wp-json\/wp\/v2\/categories?post=3045"},{"taxonomy":"post_tag","embeddable":true,"href":"https:\/\/nublo.tv\/index.php\/wp-json\/wp\/v2\/tags?post=3045"}],"curies":[{"name":"wp","href":"https:\/\/api.w.org\/{rel}","templated":true}]}}