{"id":3047,"date":"2026-08-10T23:15:46","date_gmt":"2026-08-10T22:15:46","guid":{"rendered":"https:\/\/nublo.tv\/?p=3047"},"modified":"2026-08-27T12:35:27","modified_gmt":"2026-08-27T11:35:27","slug":"convocatoria-del-procedimiento-de-concesion-de-subvenciones-para-la-ejecucion-de-actuaciones-que-tengan-como-finalidad-la-mejora-de-la-accesibilidad-y-la-supresion-de-barreras-fisicas-o-de-la-comunica","status":"publish","type":"post","link":"https:\/\/nublo.tv\/index.php\/2026\/08\/10\/convocatoria-del-procedimiento-de-concesion-de-subvenciones-para-la-ejecucion-de-actuaciones-que-tengan-como-finalidad-la-mejora-de-la-accesibilidad-y-la-supresion-de-barreras-fisicas-o-de-la-comunica\/","title":{"rendered":"CONVOCATORIA DEL PROCEDIMIENTO DE CONCESI\u00d3N DE SUBVENCIONES PARA LA EJECUCI\u00d3N DE ACTUACIONES QUE TENGAN COMO FINALIDAD LA MEJORA DE LA ACCESIBILIDAD Y LA SUPRESI\u00d3N DE BARRERAS F\u00cdSICAS O DE LA COMUNICACI\u00d3N, EN VIVIENDAS DE PERSONASEN SITUACI\u00d3N DE VULNERABILIDAD 2025"},"content":{"rendered":"\n<div data-elementor-type=\"wp-post\" data-elementor-id=\"2162\" class=\"elementor elementor-2162\">\n<div class=\"elementor-element elementor-element-26d9b82a e-con-full e-flex wpr-particle-no wpr-jarallax-no wpr-parallax-no wpr-sticky-section-no wpr-column-slider-no wpr-equal-height-no e-con e-child\" data-id=\"26d9b82a\" data-element_type=\"container\" data-e-type=\"container\">\n\t\t\t\t<\/div>\n<div class=\"elementor-element elementor-element-e6be994 e-flex e-con-boxed wpr-particle-no wpr-jarallax-no wpr-parallax-no wpr-sticky-section-no wpr-column-slider-no wpr-equal-height-no e-con e-parent\" data-id=\"e6be994\" data-element_type=\"container\" data-e-type=\"container\">\n<div class=\"e-con-inner\">\n<div class=\"elementor-element elementor-element-fb39097 elementor-widget elementor-widget-heading\" data-id=\"fb39097\" data-element_type=\"widget\" data-e-type=\"widget\" data-widget_type=\"heading.default\">\n<h2 class=\"elementor-heading-title elementor-size-default\">Mejora de la Accesibilidad de la Vivienda<\/h2>\n<\/p><\/div>\n<div class=\"elementor-element elementor-element-4d50bea elementor-widget elementor-widget-heading\" data-id=\"4d50bea\" data-element_type=\"widget\" data-e-type=\"widget\" data-widget_type=\"heading.default\">\n<h3 class=\"elementor-heading-title elementor-size-default\">CONVOCATORIA DEL PROCEDIMIENTO DE CONCESI\u00d3N DE SUBVENCIONES PARA LA EJECUCI\u00d3NDE ACTUACIONES QUE TENGAN COMO FINALIDAD LA MEJORA DE LA ACCESIBILIDAD Y LA SUPRESI\u00d3N DE BARRERAS F\u00cdSICAS O DE LA COMUNICACI\u00d3N, EN VIVIENDAS DE PERSONAS EN SITUACI\u00d3N DE VULNERABILIDAD 2025<\/h3>\n<\/p><\/div>\n<div class=\"elementor-element elementor-element-28f28ca elementor-widget elementor-widget-text-editor\" data-id=\"28f28ca\" data-element_type=\"widget\" data-e-type=\"widget\" data-widget_type=\"text-editor.default\">\n<p><b>16\/12\/205<\/b> <b>Publicaci\u00f3n de la Resoluci\u00f3n del procedimiento de concesi\u00f3n de subvenciones para la ejecuci\u00f3n de actuaciones que tengan como finalidad la mejora de la accesibilidad y la supresi\u00f3n de barreras f\u00edsicas o de la comunicaci\u00f3n, en viviendas de personas en situaci\u00f3n de vulnerabilidad para la presente convocatoria de 2025.\u00a0<\/b><\/p>\n<\/p><\/div>\n<div class=\"elementor-element elementor-element-74e9ce9 elementor-widget elementor-widget-button\" data-id=\"74e9ce9\" data-element_type=\"widget\" data-e-type=\"widget\" data-widget_type=\"button.default\">\n\t\t\t\t\t\t\t\t\t\t<a class=\"elementor-button elementor-button-link elementor-size-sm\" href=\"https:\/\/drive.google.com\/file\/d\/1Wk48sWX6fg5h0nl1vEoKoXb5Rdf96efh\/view\" target=\"_blank\"><br \/>\n\t\t\t\t\t\t<span class=\"elementor-button-content-wrapper\"><br \/>\n\t\t\t\t\t\t<span class=\"elementor-button-icon\"><br \/>\n\t\t\t\t\t\t\t<\/span><br \/>\n\t\t\t\t\t\t\t\t\t<span class=\"elementor-button-text\">PDF<\/span><br \/>\n\t\t\t\t\t<\/span><br \/>\n\t\t\t\t\t<\/a>\n\t\t\t\t\t\t\t\t<\/div>\n<div class=\"elementor-element elementor-element-18152ab elementor-widget elementor-widget-text-editor\" data-id=\"18152ab\" data-element_type=\"widget\" data-e-type=\"widget\" data-widget_type=\"text-editor.default\">\n<p><strong>10\/11\/2025<\/strong> Publicaci\u00f3n de solicitudes recibidas y requerimiento de subsanaci\u00f3n.<\/p>\n<\/p><\/div>\n<div class=\"elementor-element elementor-element-0613138 elementor-widget elementor-widget-button\" data-id=\"0613138\" data-element_type=\"widget\" data-e-type=\"widget\" data-widget_type=\"button.default\">\n\t\t\t\t\t\t\t\t\t\t<a class=\"elementor-button elementor-button-link elementor-size-sm\" href=\"https:\/\/drive.google.com\/file\/d\/14PmQxNf394l4-h4rpG-_a7sIIKhjmLDJ\/view\" target=\"_blank\"><br \/>\n\t\t\t\t\t\t<span class=\"elementor-button-content-wrapper\"><br \/>\n\t\t\t\t\t\t<span class=\"elementor-button-icon\"><br \/>\n\t\t\t\t\t\t\t<\/span><br \/>\n\t\t\t\t\t\t\t\t\t<span class=\"elementor-button-text\">PDF<\/span><br \/>\n\t\t\t\t\t<\/span><br \/>\n\t\t\t\t\t<\/a>\n\t\t\t\t\t\t\t\t<\/div>\n<div class=\"elementor-element elementor-element-600edc6 elementor-widget elementor-widget-text-editor\" data-id=\"600edc6\" data-element_type=\"widget\" data-e-type=\"widget\" data-widget_type=\"text-editor.default\">\n<p><strong>27\/06\/2025<\/strong> INSTRUCCIONES PARA LA GESTI\u00d3N DE LAS SUBVENCIONES PARA LA EJECUCI\u00d3N DE ACTUACIONES QUE TENGAN COMO FINALIDAD LA MEJORA DE LA ACCESIBILIDAD Y SUPRESI\u00d3N DE BARRERAS F\u00cdSICAS O DE LA COMUNICACI\u00d3N, EN VIVIENDAS DE PERSONAS EN SITUACI\u00d3N DE VULNERABILIDAD. CONVOCATORIA 2025. Estimados Sres.\/as:<\/p>\n<p>El d\u00eda 27 de junio de 2025, se ha publicado en el BOP n\u00famero 77, la convocatoria mencionada en el enunciado que se regir\u00e1 por las bases aprobadas por Decreto n\u00ba 39\/2025 de fecha 20\/06\/2025, del Consorcio de Viviendas de Gran Canaria.<\/p>\n<\/p><\/div>\n<div class=\"elementor-element elementor-element-fa2387c elementor-widget elementor-widget-button\" data-id=\"fa2387c\" data-element_type=\"widget\" data-e-type=\"widget\" data-widget_type=\"button.default\">\n\t\t\t\t\t\t\t\t\t\t<a class=\"elementor-button elementor-button-link elementor-size-sm\" href=\"https:\/\/drive.google.com\/file\/d\/1DFze2TsSgGy6HjMXVTI2TJQ5aKwa3UJ0\/view\" target=\"_blank\"><br \/>\n\t\t\t\t\t\t<span class=\"elementor-button-content-wrapper\"><br \/>\n\t\t\t\t\t\t<span class=\"elementor-button-icon\"><br \/>\n\t\t\t\t\t\t\t<\/span><br \/>\n\t\t\t\t\t\t\t\t\t<span class=\"elementor-button-text\">Descargar convocatoria BOP n\u00ba 77 del 27\/06\/2025<\/span><br \/>\n\t\t\t\t\t<\/span><br \/>\n\t\t\t\t\t<\/a>\n\t\t\t\t\t\t\t\t<\/div>\n<div class=\"elementor-element elementor-element-73b6974 elementor-widget elementor-widget-text-editor\" data-id=\"73b6974\" data-element_type=\"widget\" data-e-type=\"widget\" data-widget_type=\"text-editor.default\">\n<p>Decreto aprobaci\u00f3n de las \u201c<strong>BASES REGULADORAS DE LAS SUBVENCIONES PARA LA MEJORA DE LA ACCESIBILIDAD Y LA SUPRESI\u00d3N DE BARRERAS F\u00cdSICAS O DE LA COMUNICACI\u00d3N EN VIVIENDAS DE PERSONAS EN SITUACI\u00d3N DE VULNERABILIDAD\u201d convocatoria 2025<\/strong><\/p>\n<p>El d\u00eda 27 de junio de 2025, se ha publicado en el BOP n\u00famero 77, la convocatoria mencionada en el enunciado que se regir\u00e1 por las bases aprobadas por Decreto n\u00ba 39\/2025 de fecha 20\/06\/2025, del Consorcio de Viviendas de Gran Canaria.<\/p>\n<\/p><\/div>\n<div class=\"elementor-element elementor-element-45cd459 elementor-widget elementor-widget-button\" data-id=\"45cd459\" data-element_type=\"widget\" data-e-type=\"widget\" data-widget_type=\"button.default\">\n\t\t\t\t\t\t\t\t\t\t<a class=\"elementor-button elementor-button-link elementor-size-sm\" href=\"https:\/\/drive.google.com\/file\/d\/1zP9PxUkw9_ofgoJ_nUM2-81jVB1I-Rc2\/view\" target=\"_blank\"><br \/>\n\t\t\t\t\t\t<span class=\"elementor-button-content-wrapper\"><br \/>\n\t\t\t\t\t\t<span class=\"elementor-button-icon\"><br \/>\n\t\t\t\t\t\t\t<\/span><br \/>\n\t\t\t\t\t\t\t\t\t<span class=\"elementor-button-text\">DECRETO<\/span><br \/>\n\t\t\t\t\t<\/span><br \/>\n\t\t\t\t\t<\/a>\n\t\t\t\t\t\t\t\t<\/div>\n<div class=\"elementor-element elementor-element-137ab84 elementor-widget elementor-widget-text-editor\" data-id=\"137ab84\" data-element_type=\"widget\" data-e-type=\"widget\" data-widget_type=\"text-editor.default\">\n<p><strong>BASES REGULADORAS DE LAS SUBVENCIONES PARA LA MEJORA DE LA ACCESIBILIDAD Y LA SUPRESI\u00d3N DE BARRERAS F\u00cdSICAS O DE LA COMUNICACI\u00d3N EN VIVIENDAS DE PERSONAS EN SITUACI\u00d3N DE VULNERABILIDAD<\/strong><\/p>\n<\/p><\/div>\n<div class=\"elementor-element elementor-element-1dbe029 elementor-widget elementor-widget-button\" data-id=\"1dbe029\" data-element_type=\"widget\" data-e-type=\"widget\" data-widget_type=\"button.default\">\n\t\t\t\t\t\t\t\t\t\t<a class=\"elementor-button elementor-button-link elementor-size-sm\" href=\"https:\/\/drive.google.com\/file\/d\/1Pq5cH9HR8OKoGe6GVyJ2s3TlfmVzPQ68\/view\" target=\"_blank\"><br \/>\n\t\t\t\t\t\t<span class=\"elementor-button-content-wrapper\"><br \/>\n\t\t\t\t\t\t<span class=\"elementor-button-icon\"><br \/>\n\t\t\t\t\t\t\t<\/span><br \/>\n\t\t\t\t\t\t\t\t\t<span class=\"elementor-button-text\">BASES<\/span><br \/>\n\t\t\t\t\t<\/span><br \/>\n\t\t\t\t\t<\/a>\n\t\t\t\t\t\t\t\t<\/div>\n<div class=\"elementor-element elementor-element-0c88760 elementor-widget elementor-widget-text-editor\" data-id=\"0c88760\" data-element_type=\"widget\" data-e-type=\"widget\" data-widget_type=\"text-editor.default\">\n<p><strong>DOCUMENTACI\u00d3N RELACIONADA CON LA CONVOCATORIA<\/strong><\/p>\n<\/p><\/div>\n<div class=\"elementor-element elementor-element-f5e6afc elementor-widget elementor-widget-button\" data-id=\"f5e6afc\" data-element_type=\"widget\" data-e-type=\"widget\" data-widget_type=\"button.default\">\n\t\t\t\t\t\t\t\t\t\t<a class=\"elementor-button elementor-button-link elementor-size-sm\" href=\"https:\/\/drive.google.com\/file\/d\/1r7o6LEFnpc2fRRHdPCHLyYAq1YGjF513\/view\" target=\"_blank\"><br \/>\n\t\t\t\t\t\t<span class=\"elementor-button-content-wrapper\"><br \/>\n\t\t\t\t\t\t<span class=\"elementor-button-icon\"><br \/>\n\t\t\t\t\t\t\t<\/span><br \/>\n\t\t\t\t\t\t\t\t\t<span class=\"elementor-button-text\">ANEXO I SOLICITUD<\/span><br \/>\n\t\t\t\t\t<\/span><br \/>\n\t\t\t\t\t<\/a>\n\t\t\t\t\t\t\t\t<\/div>\n<div class=\"elementor-element elementor-element-7b5d390 elementor-widget elementor-widget-text-editor\" data-id=\"7b5d390\" data-element_type=\"widget\" data-e-type=\"widget\" data-widget_type=\"text-editor.default\">\n<p><strong>\u00a1ATENCI\u00d3N! LOS SIGUIENTES DOCUMENTOS (ANEXOS II, III Y EXCEL) SON PARA DESCARGAR \u00daNICA Y EXCLUSIVAMENTE POR LOS\/AS EMPLEADOS\/AS PUBLICOS\/AS DE LOS AYUNTAMIENTOS. NO DEBEN CUMPLIMENTARSE POR LOS SOLICITANTES.<\/strong><\/p>\n<\/p><\/div>\n<div class=\"elementor-element elementor-element-c6821a9 elementor-widget elementor-widget-button\" data-id=\"c6821a9\" data-element_type=\"widget\" data-e-type=\"widget\" data-widget_type=\"button.default\">\n\t\t\t\t\t\t\t\t\t\t<a class=\"elementor-button elementor-button-link elementor-size-sm\" href=\"https:\/\/drive.google.com\/file\/d\/17Hs_hKiJXMAY8xEaaybItxkGzJvXW1AW\/view\" target=\"_blank\"><br \/>\n\t\t\t\t\t\t<span class=\"elementor-button-content-wrapper\"><br \/>\n\t\t\t\t\t\t<span class=\"elementor-button-icon\"><br \/>\n\t\t\t\t\t\t\t<\/span><br \/>\n\t\t\t\t\t\t\t\t\t<span class=\"elementor-button-text\">ANEXO II informe social<\/span><br \/>\n\t\t\t\t\t<\/span><br \/>\n\t\t\t\t\t<\/a>\n\t\t\t\t\t\t\t\t<\/div>\n<div class=\"elementor-element elementor-element-5e73fbc elementor-widget elementor-widget-button\" data-id=\"5e73fbc\" data-element_type=\"widget\" data-e-type=\"widget\" data-widget_type=\"button.default\">\n\t\t\t\t\t\t\t\t\t\t<a class=\"elementor-button elementor-button-link elementor-size-sm\" href=\"https:\/\/drive.google.com\/file\/d\/1BDWpeG7otU5DJBi0A1SCjj__yGrH3qGW\/view\" target=\"_blank\"><br \/>\n\t\t\t\t\t\t<span class=\"elementor-button-content-wrapper\"><br \/>\n\t\t\t\t\t\t<span class=\"elementor-button-icon\"><br \/>\n\t\t\t\t\t\t\t<\/span><br \/>\n\t\t\t\t\t\t\t\t\t<span class=\"elementor-button-text\">ANEXO III informe t\u00e9cnico<\/span><br \/>\n\t\t\t\t\t<\/span><br \/>\n\t\t\t\t\t<\/a>\n\t\t\t\t\t\t\t\t<\/div>\n<div class=\"elementor-element elementor-element-7d47d1c elementor-widget elementor-widget-button\" data-id=\"7d47d1c\" data-element_type=\"widget\" data-e-type=\"widget\" data-widget_type=\"button.default\">\n\t\t\t\t\t\t\t\t\t\t<a class=\"elementor-button elementor-button-link elementor-size-sm\" href=\"https:\/\/docs.google.com\/spreadsheets\/d\/1VTb7di9VSYGjQmcN1qjlEUPHnG2p8X9R\/edit?gid=165996904#gid=165996904\" target=\"_blank\"><br \/>\n\t\t\t\t\t\t<span class=\"elementor-button-content-wrapper\"><br \/>\n\t\t\t\t\t\t<span class=\"elementor-button-icon\"><br \/>\n\t\t\t\t\t\t\t<\/span><br \/>\n\t\t\t\t\t\t\t\t\t<span class=\"elementor-button-text\">C\u00c1LCULO DE INGRESOS DE LA UNIDAD DE CONVIVENCIA V.1.0.0<\/span><br \/>\n\t\t\t\t\t<\/span><br \/>\n\t\t\t\t\t<\/a>\n\t\t\t\t\t\t\t\t<\/div>\n<\/p><\/div>\n<\/p><\/div>\n<div class=\"elementor-element elementor-element-042410b e-flex e-con-boxed wpr-particle-no wpr-jarallax-no wpr-parallax-no wpr-sticky-section-no wpr-column-slider-no wpr-equal-height-no e-con e-parent\" data-id=\"042410b\" data-element_type=\"container\" data-e-type=\"container\">\n<div class=\"e-con-inner\">\n<div class=\"elementor-element elementor-element-07b8d95 elementor-widget elementor-widget-spacer\" data-id=\"07b8d95\" data-element_type=\"widget\" data-e-type=\"widget\" data-widget_type=\"spacer.default\">\n<div class=\"elementor-spacer\">\n<div class=\"elementor-spacer-inner\"><\/div>\n<\/p><\/div>\n<\/p><\/div>\n<\/p><\/div>\n<\/p><\/div>\n<div class=\"elementor-element elementor-element-ee927c0 e-flex e-con-boxed wpr-particle-no wpr-jarallax-no wpr-parallax-no wpr-sticky-section-no wpr-column-slider-no wpr-equal-height-no e-con e-parent\" data-id=\"ee927c0\" data-element_type=\"container\" data-e-type=\"container\">\n<div class=\"e-con-inner\">\n<div class=\"elementor-element elementor-element-5026976 e-con-full e-flex wpr-particle-no wpr-jarallax-no wpr-parallax-no wpr-sticky-section-no wpr-column-slider-no wpr-equal-height-no e-con e-child\" data-id=\"5026976\" data-element_type=\"container\" data-e-type=\"container\">\n<div class=\"elementor-element elementor-element-ee858aa elementor-widget elementor-widget-n-accordion\" data-id=\"ee858aa\" data-element_type=\"widget\" data-e-type=\"widget\" data-settings=\"{&quot;default_state&quot;:&quot;all_collapsed&quot;,&quot;max_items_expended&quot;:&quot;one&quot;,&quot;n_accordion_animation_duration&quot;:{&quot;unit&quot;:&quot;ms&quot;,&quot;size&quot;:400,&quot;sizes&quot;:[]}}\" data-widget_type=\"nested-accordion.default\">\n<div class=\"e-n-accordion\" aria-label=\"Accordion. Open links with Enter or Space, close with Escape, and navigate with Arrow Keys\">\n<details id=\"e-n-accordion-item-2500\" class=\"e-n-accordion-item\">\n<summary class=\"e-n-accordion-item-title\" data-accordion-index=\"1\" aria-expanded=\"false\" aria-controls=\"e-n-accordion-item-2500\">\n\t\t\t\t\t<span class=\"e-n-accordion-item-title-header\"><\/p>\n<h3 class=\"e-n-accordion-item-title-text\"> Objeto y finalidad <\/h3>\n<p><\/span><br \/>\n\t\t\t\t\t\t\t<span class=\"e-n-accordion-item-title-icon\"><br \/>\n\t\t\t<span class=\"e-opened\"><\/span><br \/>\n\t\t\t<span class=\"e-closed\"><\/span><br \/>\n\t\t<\/span><\/p>\n<\/summary>\n<div role=\"region\" aria-labelledby=\"e-n-accordion-item-2500\" class=\"elementor-element elementor-element-3d72fd0 e-con-full e-flex wpr-particle-no wpr-jarallax-no wpr-parallax-no wpr-sticky-section-no wpr-column-slider-no wpr-equal-height-no e-con e-child\" data-id=\"3d72fd0\" data-element_type=\"container\" data-e-type=\"container\">\n<div class=\"elementor-element elementor-element-dadb541 elementor-widget elementor-widget-text-editor\" data-id=\"dadb541\" data-element_type=\"widget\" data-e-type=\"widget\" data-widget_type=\"text-editor.default\">\n<p>El objeto de la presente convocatoria es subvencionar las actuaciones que tengan como finalidad la mejora de la accesibilidad y supresi\u00f3n de barreras f\u00edsicas o de la comunicaci\u00f3n en viviendas de personas que se encuentren en situaci\u00f3n de vulnerabilidad socioecon\u00f3mica.<\/p>\n<p>A estos efectos, las actuaciones a considerar son las recogidas en la Ley 8\/1995, de 6 de abril, de accesibilidad y supresi\u00f3n de barreras f\u00edsicas y de la comunicaci\u00f3n de la Comunidad Aut\u00f3noma de Canarias, y en su Reglamento aprobado por el Decreto 227\/1997, de 18 de septiembre, modificado por Decreto 148\/2001, de 9 de julio; a las que les puede ser de aplicaci\u00f3n el art. 10.1b) de la Ley 49\/1960, de 21 de julio, sobre propiedad horizontal.<\/p>\n<\/p><\/div>\n<\/p><\/div>\n<\/details>\n<details id=\"e-n-accordion-item-2501\" class=\"e-n-accordion-item\">\n<summary class=\"e-n-accordion-item-title\" data-accordion-index=\"2\" aria-expanded=\"false\" aria-controls=\"e-n-accordion-item-2501\">\n\t\t\t\t\t<span class=\"e-n-accordion-item-title-header\"><\/p>\n<h3 class=\"e-n-accordion-item-title-text\"> Personas beneficiarias <\/h3>\n<p><\/span><br \/>\n\t\t\t\t\t\t\t<span class=\"e-n-accordion-item-title-icon\"><br \/>\n\t\t\t<span class=\"e-opened\"><\/span><br \/>\n\t\t\t<span class=\"e-closed\"><\/span><br \/>\n\t\t<\/span><\/p>\n<\/summary>\n<div role=\"region\" aria-labelledby=\"e-n-accordion-item-2501\" class=\"elementor-element elementor-element-dcb7f87 e-flex e-con-boxed wpr-particle-no wpr-jarallax-no wpr-parallax-no wpr-sticky-section-no wpr-column-slider-no wpr-equal-height-no e-con e-child\" data-id=\"dcb7f87\" data-element_type=\"container\" data-e-type=\"container\">\n<div class=\"e-con-inner\">\n<div class=\"elementor-element elementor-element-f038a1e elementor-widget elementor-widget-text-editor\" data-id=\"f038a1e\" data-element_type=\"widget\" data-e-type=\"widget\" data-widget_type=\"text-editor.default\">\n<p>Podr\u00e1n ser beneficiarios las personas f\u00edsicas o unidades de convivencia que cumplan los siguientes requisitos.<\/p>\n<p>A) Poseer la nacionalidad espa\u00f1ola o, en el caso de extranjeros, tener residencia legal en Espa\u00f1a.<\/p>\n<p>B) Ser propietario del inmueble para cuya actuaci\u00f3n se solicita la subvenci\u00f3n; usufructuario, o poseedora, o arrendataria de la vivienda, en estos dos \u00faltimos casos, con autorizaci\u00f3n de la persona propietaria. Tambi\u00e9n podr\u00e1 ser solicitada, aunque el porcentaje de participaci\u00f3n de la propiedad de la vivienda no alcance el 100%, siempre que la misma constituya su domicilio habitual con autorizaci\u00f3n escrita del resto de propietarios.<\/p>\n<p>C) Estar empadronado y llevar residiendo habitualmente en la vivienda objeto de la subvenci\u00f3n, con una antig\u00fcedad m\u00ednima de 6 meses. Los dem\u00e1s miembros de la unidad de convivencia a considerar tambi\u00e9n deber\u00e1n estar empadronados en dicha vivienda.<\/p>\n<p>D) Que la persona solicitante o alg\u00fan miembro de la unidad de convivencia, sea mayor de setenta a\u00f1os o tenga reconocido un grado de discapacidad igual o superior al 33% o grado de dependencia o enfermedad que le incapacite de forma permanente para realizar una actividad laboral, que haga necesaria la actuaci\u00f3n de accesibilidad y supresi\u00f3n de barreras f\u00edsicas o de comunicaci\u00f3n por la que se solicita la subvenci\u00f3n.<\/p>\n<p>E) Encontrarse en situaci\u00f3n de vulnerabilidad econ\u00f3mica.<\/p>\n<p style=\"padding-left: 40px\">i. A estos efectos, se entender\u00e1 que existe una situaci\u00f3n de vulnerabilidad econ\u00f3mica cuando la suma de los ingresos anuales de la unidad de convivencia no supere en 3 veces el Indicador P\u00fablico de Renta de Efectos M\u00faltiples (IPREM), referido a catorce pagas del a\u00f1o del \u00faltimo periodo impositivo con plazo de presentaci\u00f3n vencido, anterior a la convocatoria, de la declaraci\u00f3n del IRPF ante la AEAT.<\/p>\n<p style=\"padding-left: 40px\">Dicho umbral ser\u00e1 de cuatro veces el IPREM si se trata de una familia numerosa de categor\u00eda general; y de cinco veces el IPREM cuando se trate de familias numerosas de categor\u00eda especial o alguna de las personas que forman la unidad de convivencia tuviesen un grado de discapacidad reconocido igual o superior al 33 por 100, o tuviesen reconocido un grado de dependencia o una incapacidad permanente para realizar una actividad laboral.<\/p>\n<p style=\"padding-left: 40px\">ii. En caso de no haber presentado declaraci\u00f3n de IRPF ante la AEAT en el \u00faltimo periodo impositivo con plazo de presentaci\u00f3n vencido en el momento de la convocatoria de estas subvenciones, se tomar\u00e1n los rendimientos netos que figuren en la certificaci\u00f3n emitida por la Agencia Estatal de la Administraci\u00f3n Tributaria o justificante de la Consulta al Servicio de Verificaci\u00f3n de datos \u2013 tipo \u201cimputaciones\u201d correspondiente a este \u00faltimo periodo impositivo.<\/p>\n<p>F) Que ninguna de las personas que forman la unidad de convivencia haya sido beneficiaria en la \u00faltima convocatoria de este tipo de subvenciones del Consorcio de Viviendas de Gran Canaria.<\/p>\n<p>G) Que ninguna de las personas que forman la unidad de convivencia sea propietaria de otra vivienda; salvo que concurra alguna de las siguientes circunstancias:<\/p>\n<p style=\"padding-left: 40px\">iii. Que su participaci\u00f3n en la propiedad de la otra vivienda sea igual o inferior al 40% y no dispongan de autorizaci\u00f3n de los dem\u00e1s part\u00edcipes para su uso como domicilio habitual;<\/p>\n<p style=\"padding-left: 40px\">iv. Que, en virtud de decisi\u00f3n o aprobaci\u00f3n judicial, el uso de la otra vivienda est\u00e9 atribuida a otra persona como consecuencia de un proceso de separaci\u00f3n matrimonial o divorcio.<\/p>\n<p style=\"padding-left: 40px\">v. Se acredite que la otra vivienda tampoco re\u00fane los requisitos para ser considerada accesible.<\/p>\n<p>H) No estar incursa en las circunstancias establecidas en los apartados 2 y 3 del art\u00edculo 13 de la Ley 38\/2003, de 17 de noviembre, General de Subvenciones.<\/p>\n<p>I) Haber procedido a la justificaci\u00f3n de las subvenciones concedidas con anterioridad por el Consorcio de Viviendas o por el Cabildo de Gran Canaria, cuando hubiere estado obligado a ello.<\/p>\n<p>J) No haber recibido ayudas o subvenciones con el mismo objeto de cualquier Administraci\u00f3n P\u00fablica que resulten incompatibles con la que se solicita.<\/p>\n<p>2.En caso de producirse el fallecimiento de la persona solicitante durante el procedimiento, podr\u00e1 continuarse el mismo siempre que otro miembro de su unidad de convivencia cumpla los requisitos citados en el p\u00e1rrafo anterior, benefici\u00e1ndose igualmente de la subvenci\u00f3n.<\/p>\n<p>3. El incumplimiento de alguno de los anteriores requisitos, que guarden relaci\u00f3n con circunstancias sociales o econ\u00f3micas y que, adem\u00e1s, resulten de causas debidamente justificadas y acreditadas podr\u00e1 valorarse por el Servicio T\u00e9cnico del Consorcio de Viviendas y aceptarse por el \u00f3rgano de resoluci\u00f3n considerando el car\u00e1cter social y de emergencia de las presentes ayudas.<\/p>\n<p>4. A los efectos de estas bases se entender\u00e1 como unidad de convivencia al conjunto de personas f\u00edsicas que habitan y disfrutan de una vivienda de forma habitual, permanente y con vocaci\u00f3n de estabilidad, con independencia de la relaci\u00f3n existente entre ellas.<\/p>\n<\/p><\/div>\n<\/p><\/div>\n<\/p><\/div>\n<\/details>\n<details id=\"e-n-accordion-item-2502\" class=\"e-n-accordion-item\">\n<summary class=\"e-n-accordion-item-title\" data-accordion-index=\"3\" aria-expanded=\"false\" aria-controls=\"e-n-accordion-item-2502\">\n\t\t\t\t\t<span class=\"e-n-accordion-item-title-header\"><\/p>\n<h3 class=\"e-n-accordion-item-title-text\"> Plazo de presentaci\u00f3n de la solicitud <\/h3>\n<p><\/span><br \/>\n\t\t\t\t\t\t\t<span class=\"e-n-accordion-item-title-icon\"><br \/>\n\t\t\t<span class=\"e-opened\"><\/span><br \/>\n\t\t\t<span class=\"e-closed\"><\/span><br \/>\n\t\t<\/span><\/p>\n<\/summary>\n<div role=\"region\" aria-labelledby=\"e-n-accordion-item-2502\" class=\"elementor-element elementor-element-e17e4f9 e-flex e-con-boxed wpr-particle-no wpr-jarallax-no wpr-parallax-no wpr-sticky-section-no wpr-column-slider-no wpr-equal-height-no e-con e-child\" data-id=\"e17e4f9\" data-element_type=\"container\" data-e-type=\"container\">\n<div class=\"e-con-inner\">\n<div class=\"elementor-element elementor-element-6ba01af elementor-widget elementor-widget-text-editor\" data-id=\"6ba01af\" data-element_type=\"widget\" data-e-type=\"widget\" data-widget_type=\"text-editor.default\">\n<p>El plazo para la presentaci\u00f3n de las solicitudes ser\u00e1 de UN MES, esto es, del 30 de junio al 30 de julio de 2025 (ambos inclusive), a contar desde el d\u00eda siguiente h\u00e1bil al de la publicaci\u00f3n de la correspondiente convocatoria en el Bolet\u00edn Oficial de la Provincia de Las Palmas.<\/p>\n<\/p><\/div>\n<\/p><\/div>\n<\/p><\/div>\n<\/details>\n<details id=\"e-n-accordion-item-2503\" class=\"e-n-accordion-item\">\n<summary class=\"e-n-accordion-item-title\" data-accordion-index=\"4\" aria-expanded=\"false\" aria-controls=\"e-n-accordion-item-2503\">\n\t\t\t\t\t<span class=\"e-n-accordion-item-title-header\"><\/p>\n<h3 class=\"e-n-accordion-item-title-text\"> Forma de presentaci\u00f3n de la solicitud <\/h3>\n<p><\/span><br \/>\n\t\t\t\t\t\t\t<span class=\"e-n-accordion-item-title-icon\"><br \/>\n\t\t\t<span class=\"e-opened\"><\/span><br \/>\n\t\t\t<span class=\"e-closed\"><\/span><br \/>\n\t\t<\/span><\/p>\n<\/summary>\n<div role=\"region\" aria-labelledby=\"e-n-accordion-item-2503\" class=\"elementor-element elementor-element-602129d e-flex e-con-boxed wpr-particle-no wpr-jarallax-no wpr-parallax-no wpr-sticky-section-no wpr-column-slider-no wpr-equal-height-no e-con e-child\" data-id=\"602129d\" data-element_type=\"container\" data-e-type=\"container\">\n<div class=\"e-con-inner\">\n<div class=\"elementor-element elementor-element-1554683 elementor-widget elementor-widget-text-editor\" data-id=\"1554683\" data-element_type=\"widget\" data-e-type=\"widget\" data-widget_type=\"text-editor.default\">\n<p>Las solicitudes de subvenci\u00f3n se ajustar\u00e1n al modelo que figura en el Anexo I de las Bases reguladoras.<\/p>\n<\/p><\/div>\n<div class=\"elementor-element elementor-element-2f63c4b elementor-widget elementor-widget-button\" data-id=\"2f63c4b\" data-element_type=\"widget\" data-e-type=\"widget\" data-widget_type=\"button.default\">\n\t\t\t\t\t\t\t\t\t\t<a class=\"elementor-button elementor-button-link elementor-size-sm\" href=\"https:\/\/drive.google.com\/file\/d\/1r7o6LEFnpc2fRRHdPCHLyYAq1YGjF513\/view\" target=\"_blank\"><br \/>\n\t\t\t\t\t\t<span class=\"elementor-button-content-wrapper\"><br \/>\n\t\t\t\t\t\t<span class=\"elementor-button-icon\"><br \/>\n\t\t\t\t\t\t\t<\/span><br \/>\n\t\t\t\t\t\t\t\t\t<span class=\"elementor-button-text\">anexo I<\/span><br \/>\n\t\t\t\t\t<\/span><br \/>\n\t\t\t\t\t<\/a>\n\t\t\t\t\t\t\t\t<\/div>\n<div class=\"elementor-element elementor-element-1e04ce4 elementor-widget elementor-widget-text-editor\" data-id=\"1e04ce4\" data-element_type=\"widget\" data-e-type=\"widget\" data-widget_type=\"text-editor.default\">\n<p>Las personas solicitantes deber\u00e1n descargar la solicitud de subvenci\u00f3n \u201cAnexo I\u201d, cumplimentarla y firmarla.<\/p>\n<p>Documentaci\u00f3n a aportar junto con la solicitud<\/p>\n<p>1.Copia del DNI o NIE en caso de oposici\u00f3n a consulta<\/p>\n<p>2. Nota simple del Registro de la Propiedad que acredite la titularidad del inmueble o documentaci\u00f3n justificativa del usufructo o de la posesi\u00f3n.<\/p>\n<p>En su defecto, se podr\u00e1 acreditar con otra documentaci\u00f3n v\u00e1lida en Derecho.<\/p>\n<p>3. Autorizaci\u00f3n del propietario, en su caso.<\/p>\n<p>4. En caso de ser arrendatario\/a, copia del contrato de arrendamiento y autorizaci\u00f3n de la persona propietaria.<\/p>\n<p>5.Certificado de\u00a0<strong>empadronamiento hist\u00f3rico colectivo<\/strong>\u00a0en el que figure el beneficiario, as\u00ed como, en su caso, todas las personas que conforman la unidad de convivencia.<\/p>\n<p>En caso de incongruencia entre lo que figure en el certificado y lo declarado en la solicitud, se solicitar\u00e1 informe de convivencia emitido por la polic\u00eda local o equivalente en el que se acrediten fehacientemente los residentes permanentes en la vivienda habitual.<\/p>\n<p>6.En caso de no autorizar la consulta electr\u00f3nica por el Consorcio de Viviendas, deber\u00e1n aportar declaraci\u00f3n del IRPF 2024 o en el supuesto de que la convocatoria se publique con anterioridad al 30 de junio, el periodo ser\u00e1 el del periodo impositivo finalizado anterior, es decir, el de la anualidad 2023, se requiere tanto del solicitante como de todos los miembros de la unidad de convivencia mayores de edad.<\/p>\n<p>En el caso de que no hubieran presentado declaraci\u00f3n de renta por no estar obligados a presentarla, se adjuntar\u00e1 un certificado de imputaciones de rentas que consten en la Agencia Estatal de la Administraci\u00f3n Tributaria.<\/p>\n<p>No es v\u00e1lido el\u00a0<u>tipo de Consulta: IRPF<\/u>, debido a que la informaci\u00f3n que facilita es insuficiente. De ah\u00ed, que solo sea v\u00e1lido el\u00a0<strong><u>tipo de Consulta: Imputaciones.<\/u><\/strong><\/p>\n<p>7.Certificado acreditativo de la categor\u00eda de familia numerosa, en su caso.<\/p>\n<p>8.Certificado del reconocimiento del grado de discapacidad igual o superior al 33% o grado de dependencia o enfermedad que le incapacite de forma permanente para realizar una actividad laboral.<\/p>\n<p>9.Documentaci\u00f3n acreditativa de que, en virtud de decisi\u00f3n o aprobaci\u00f3n judicial, el uso de la otra vivienda est\u00e9 atribuida a otra persona como consecuencia de un proceso de separaci\u00f3n matrimonial o divorcio, en su caso.<\/p>\n<p>10.Documentaci\u00f3n acreditativa de que el beneficiario u otro miembro de la unidad de convivencia participa en la propiedad de la otra vivienda en porcentaje igual o inferior al 40% y no dispone de autorizaci\u00f3n de los dem\u00e1s part\u00edcipes para su uso como domicilio habitual, en su caso.<\/p>\n<p>11.Documentaci\u00f3n acreditativa de que la unidad de convivencia es una familia monoparental o monomarental, en su caso.<\/p>\n<p>12.Documentaci\u00f3n acreditativa de que el beneficiario u otro miembro de la unidad de convivencia es v\u00edctima de violencia de g\u00e9nero, en su caso. Tal circunstancia se acreditar\u00e1 mediante alguno de los medios siguientes:<\/p>\n<p>\u2013\u00a0\u00a0\u00a0\u00a0\u00a0 Orden de protecci\u00f3n vigente.<\/p>\n<p>\u2013\u00a0\u00a0\u00a0\u00a0\u00a0 Informe del Ministerio Fiscal que indique la existencia de indicios de que la persona solicitante es v\u00edctima de violencia de g\u00e9nero hasta tanto se dicte la orden de protecci\u00f3n.<\/p>\n<p>\u2013\u00a0\u00a0\u00a0\u00a0\u00a0 Resoluci\u00f3n judicial que acuerde medida cautelar.<\/p>\n<p>\u2013\u00a0\u00a0\u00a0\u00a0\u00a0 Certificaci\u00f3n\/informe de los servicios sociales de la Administraci\u00f3n P\u00fablica Auton\u00f3mica o Local.<\/p>\n<p>\u2013\u00a0\u00a0\u00a0\u00a0\u00a0 Certificado emitido por una instituci\u00f3n especializada en el que conste que la persona est\u00e1 siendo atendida dentro de un programa de atenci\u00f3n a las v\u00edctimas, subvencionado por una Administraci\u00f3n P\u00fablica concreta.<\/p>\n<p>13.Certificado de hallarse al corriente de sus obligaciones tributarias y con la Seguridad Social, en caso de oposici\u00f3n expresa a la verificaci\u00f3n de oficio.<\/p>\n<p>14.En el supuesto de que la actuaci\u00f3n en la vivienda precise de intervenci\u00f3n o afecte a los elementos comunes del edificio en el que se integra y, siempre que la comunidad de vecinos no estuviera conformada o se acreditara la no solvencia de la misma, deber\u00e1 aportarse la documentaci\u00f3n justificativa de haberse aportado por parte del representante de la comunidad o del resto de propietarios, la correspondiente declaraci\u00f3n responsable de haber sido informados de la actuaci\u00f3n que se pretende llevar a cabo.<\/p>\n<p>15.En caso de que la vivienda se encontrase en situaci\u00f3n legal de ruina: copia del acuerdo suscrito con el Ayuntamiento respectivo, a que se refiere el apartado 5.1 de la base quinta; o en caso de inexistencia de este acuerdo, informe del t\u00e9cnico municipal, tal como se especifica en dicha base.<\/p>\n<p>16.Declaraci\u00f3n responsable contenida en el Anexo I<\/p>\n<p>Asimismo, el\u00a0<u>Ayuntamiento<\/u>\u00a0respectivo aportar\u00e1 para cada expediente de solicitud de subvenci\u00f3n:<\/p>\n<ol>\n<li>Informe t\u00e9cnico social ajustado al modelo que se propone en el Anexo II, acerca de si resultan acreditadas las circunstancias a que hacen referencia cada uno de los criterios para la concesi\u00f3n establecidos en la base tercera referidos a las circunstancias sociales de la unidad familiar o de convivencia, emitiendo su valoraci\u00f3n profesional al respecto.<\/li>\n<li>Informe t\u00e9cnico ajustado al modelo que se propone en el Anexo III, en el que se haga constar la justificaci\u00f3n de las obras solicitadas y valoraci\u00f3n econ\u00f3mica estimada, adjuntando im\u00e1genes del estado actual del elemento constructivo cuya actuaci\u00f3n se solicita, as\u00ed como su valoraci\u00f3n profesional del estado de conservaci\u00f3n.<\/li>\n<\/ol>\n<p>Los Anexos II y III no ser\u00e1n vinculantes, pudiendo ser modificados, en casos justificados y acreditados, por el equipo t\u00e9cnico del Consorcio de Viviendas.<\/p>\n<\/p><\/div>\n<\/p><\/div>\n<\/p><\/div>\n<\/details>\n<details id=\"e-n-accordion-item-2504\" class=\"e-n-accordion-item\">\n<summary class=\"e-n-accordion-item-title\" data-accordion-index=\"5\" aria-expanded=\"false\" aria-controls=\"e-n-accordion-item-2504\">\n\t\t\t\t\t<span class=\"e-n-accordion-item-title-header\"><\/p>\n<h3 class=\"e-n-accordion-item-title-text\"> Cuant\u00eda <\/h3>\n<p><\/span><br \/>\n\t\t\t\t\t\t\t<span class=\"e-n-accordion-item-title-icon\"><br \/>\n\t\t\t<span class=\"e-opened\"><\/span><br \/>\n\t\t\t<span class=\"e-closed\"><\/span><br \/>\n\t\t<\/span><\/p>\n<\/summary>\n<div role=\"region\" aria-labelledby=\"e-n-accordion-item-2504\" class=\"elementor-element elementor-element-e08a59a e-flex e-con-boxed wpr-particle-no wpr-jarallax-no wpr-parallax-no wpr-sticky-section-no wpr-column-slider-no wpr-equal-height-no e-con e-child\" data-id=\"e08a59a\" data-element_type=\"container\" data-e-type=\"container\">\n<div class=\"e-con-inner\">\n<div class=\"elementor-element elementor-element-aeacb2a elementor-widget elementor-widget-text-editor\" data-id=\"aeacb2a\" data-element_type=\"widget\" data-e-type=\"widget\" data-widget_type=\"text-editor.default\">\n<p>El importe individualizado de la subvenci\u00f3n a cada persona beneficiaria corresponder\u00e1 al 100% del coste de la actuaci\u00f3n.<\/p>\n<p>No podr\u00e1 exceder de la cantidad m\u00e1xima de QUINCE MIL (15.000,00) euros.<\/p>\n<p>En el supuesto de que la actuaci\u00f3n a realizar, afecte a zonas comunes de un edificio, si hubiera comunidad de propietarios constituida, estar\u00e1 obligada asumir el coste de las obras correspondiente a doce mensualidades ordinarias de gastos comunes (prorrateadas seg\u00fan cuotas de participaci\u00f3n), asumiendo el beneficiario\/a de la ayuda el coste del resto de la actuaci\u00f3n, en cumplimiento con la Ley de Propiedad Horizontal Art.10.1.b), y RDL 1\/2013, Cap\u00edtulo I. Art. 2 \u201cajuste razonable\u201d, Disposici\u00f3n adicional tercera, Exigibilidad de las condiciones b\u00e1sicas de accesibilidad y no discriminaci\u00f3n.<\/p>\n<p>Si la comunidad no tiene solvencia, habr\u00e1 que presentar una declaraci\u00f3n responsable por parte del representante legal de la comunidad justificando la imposibilidad de asumir el coste de las obras que le corresponde.<\/p>\n<\/p><\/div>\n<\/p><\/div>\n<\/p><\/div>\n<\/details>\n<details id=\"e-n-accordion-item-2505\" class=\"e-n-accordion-item\">\n<summary class=\"e-n-accordion-item-title\" data-accordion-index=\"6\" aria-expanded=\"false\" aria-controls=\"e-n-accordion-item-2505\">\n\t\t\t\t\t<span class=\"e-n-accordion-item-title-header\"><\/p>\n<h3 class=\"e-n-accordion-item-title-text\"> Lugar de presentaci\u00f3n de la solicitud <\/h3>\n<p><\/span><br \/>\n\t\t\t\t\t\t\t<span class=\"e-n-accordion-item-title-icon\"><br \/>\n\t\t\t<span class=\"e-opened\"><\/span><br \/>\n\t\t\t<span class=\"e-closed\"><\/span><br \/>\n\t\t<\/span><\/p>\n<\/summary>\n<div role=\"region\" aria-labelledby=\"e-n-accordion-item-2505\" class=\"elementor-element elementor-element-fc72c56 e-flex e-con-boxed wpr-particle-no wpr-jarallax-no wpr-parallax-no wpr-sticky-section-no wpr-column-slider-no wpr-equal-height-no e-con e-child\" data-id=\"fc72c56\" data-element_type=\"container\" data-e-type=\"container\">\n<div class=\"e-con-inner\">\n<div class=\"elementor-element elementor-element-60ba706 elementor-widget elementor-widget-text-editor\" data-id=\"60ba706\" data-element_type=\"widget\" data-e-type=\"widget\" data-widget_type=\"text-editor.default\">\n<p>La presentaci\u00f3n de la solicitud podr\u00e1 realizarse por cualquiera de los medios a que se refiere el art\u00edculo 16 de la Ley 39\/2015, de 1 de octubre, del Procedimiento Administrativo Com\u00fan de las Administraciones P\u00fablicas.<\/p>\n<p>Dicha solicitud podr\u00e1 presentarse de forma telem\u00e1tica o presencial:<\/p>\n<p><strong>PRESENCIAL (acudiendo el solicitante personalmente):<\/strong><\/p>\n<p>A FIN DE AGILIZAR EL PROCEDIMIENTO ADMINISTRATIVO SE RECOMIENDA PRESENTAR LA INSTANCIA EN EL AYUNTAMIENTO DONDE EST\u00c1 SITUADA LA VIVIENDA A REHABILITAR, POR LO QUE RECOMENDAMOS QUE ACUDA AL AYUNTAMIENTO DE SU MUNICIPIO (previa solicitud de cita previa, si tuvieran establecido este sistema).<\/p>\n<p><strong>TELEM\u00c1TICA O NO PRESENCIAL (SOLICITANTES):<\/strong><\/p>\n<p>A trav\u00e9s del registro electr\u00f3nico de cualquiera de organismos p\u00fablicos a los que se refiere el art. 16.4 de la Ley 39\/201, de 1 de octubre, del Procedimiento Administrativo Com\u00fan de las Administraciones P\u00fablicas.<\/p>\n<\/p><\/div>\n<\/p><\/div>\n<\/p><\/div>\n<\/details><\/div>\n<\/p><\/div>\n<\/p><\/div>\n<\/p><\/div>\n<\/p><\/div>\n<\/p><\/div>\n","protected":false},"excerpt":{"rendered":"<p>Mejora de la Accesibilidad de la Vivienda CONVOCATORIA DEL PROCEDIMIENTO DE CONCESI\u00d3N DE SUBVENCIONES PARA LA EJECUCI\u00d3NDE ACTUACIONES QUE TENGAN COMO FINALIDAD LA MEJORA DE LA ACCESIBILIDAD Y LA SUPRESI\u00d3N&hellip;<\/p>\n","protected":false},"author":1,"featured_media":3050,"comment_status":"open","ping_status":"open","sticky":false,"template":"","format":"standard","meta":{"wpai_generated_summary":"","wpai_meta_description":"","footnotes":""},"categories":[121],"tags":[],"class_list":["post-3047","post","type-post","status-publish","format-standard","has-post-thumbnail","hentry","category-noticias"],"_links":{"self":[{"href":"https:\/\/nublo.tv\/index.php\/wp-json\/wp\/v2\/posts\/3047","targetHints":{"allow":["GET"]}}],"collection":[{"href":"https:\/\/nublo.tv\/index.php\/wp-json\/wp\/v2\/posts"}],"about":[{"href":"https:\/\/nublo.tv\/index.php\/wp-json\/wp\/v2\/types\/post"}],"author":[{"embeddable":true,"href":"https:\/\/nublo.tv\/index.php\/wp-json\/wp\/v2\/users\/1"}],"replies":[{"embeddable":true,"href":"https:\/\/nublo.tv\/index.php\/wp-json\/wp\/v2\/comments?post=3047"}],"version-history":[{"count":1,"href":"https:\/\/nublo.tv\/index.php\/wp-json\/wp\/v2\/posts\/3047\/revisions"}],"predecessor-version":[{"id":3055,"href":"https:\/\/nublo.tv\/index.php\/wp-json\/wp\/v2\/posts\/3047\/revisions\/3055"}],"wp:featuredmedia":[{"embeddable":true,"href":"https:\/\/nublo.tv\/index.php\/wp-json\/wp\/v2\/media\/3050"}],"wp:attachment":[{"href":"https:\/\/nublo.tv\/index.php\/wp-json\/wp\/v2\/media?parent=3047"}],"wp:term":[{"taxonomy":"category","embeddable":true,"href":"https:\/\/nublo.tv\/index.php\/wp-json\/wp\/v2\/categories?post=3047"},{"taxonomy":"post_tag","embeddable":true,"href":"https:\/\/nublo.tv\/index.php\/wp-json\/wp\/v2\/tags?post=3047"}],"curies":[{"name":"wp","href":"https:\/\/api.w.org\/{rel}","templated":true}]}}