{"id":3063,"date":"2026-08-10T23:39:57","date_gmt":"2026-08-10T22:39:57","guid":{"rendered":"https:\/\/nublo.tv\/?p=3063"},"modified":"2026-08-10T23:39:58","modified_gmt":"2026-08-10T22:39:58","slug":"el-caam-activa-su-programa-de-conciertos-de-musica-clasica-con-siete-artistas-de-talla-internacional","status":"publish","type":"post","link":"https:\/\/nublo.tv\/index.php\/2026\/08\/10\/el-caam-activa-su-programa-de-conciertos-de-musica-clasica-con-siete-artistas-de-talla-internacional\/","title":{"rendered":"El CAAM activa su programa de conciertos de m\u00fasica cl\u00e1sica con siete artistas de talla internacional"},"content":{"rendered":"\n<p class=\"wp-block-paragraph\"><strong>Las Palmas de Gran Canaria, 6 de agosto de 2026.-<\/strong>&nbsp;El Centro Atl\u00e1ntico de Arte Moderno (CAAM) del Cabildo de Gran Canaria arranca por todo lo alto la segunda edici\u00f3n del ciclo&nbsp;<a href=\"https:\/\/caam.net\/ciclo\/caamclasico-2026\/\">\u2018CAAMcl\u00e1sico\u2019<\/a>. Con una propuesta de cuatro conciertos, el centro de arte recibir\u00e1 a grandes figuras de la m\u00fasica cl\u00e1sica, de reconocido prestigio y procedentes de Canarias.<\/p>\n\n\n\n<p class=\"wp-block-paragraph\">Este a\u00f1o el programa \u201cda un trato preferencial al piano, instrumento recientemente adquirido por el CAAM\u201d \u2013avanza el violonchelista \u00c1ngel Luis Quintana, director del ciclo\u2014, y centra la atenci\u00f3n en artistas de las islas \u201ccon sobresaliente trayectoria y presencia internacional\u201d. La entrada a todos los conciertos es libre, por orden de llegada y hasta completar el aforo de la sala polivalente.<\/p>\n\n\n\n<p class=\"wp-block-paragraph\">Programa<\/p>\n\n\n\n<figure class=\"wp-block-image\"><img decoding=\"async\" src=\"https:\/\/caam.net\/wp-content\/uploads\/Angel-Luis-Quintana-director-del-ciclo-CAAMclasico.-Foto-Quique-Curbelo-3-scaled.jpg\" alt=\"\" class=\"wp-image-35436\"\/><figcaption class=\"wp-element-caption\">El m\u00fasico \u00c1ngel Luis Quintana, director de \u2018CAAMcl\u00e1sico\u2019 . Foto Quique Curbelo<\/figcaption><\/figure>\n\n\n\n<p class=\"wp-block-paragraph\">La agenda comienza el pr\u00f3ximo mi\u00e9rcoles 12 de agosto, a las 19.00 horas, con la actuaci\u00f3n del excepcional pianista canario&nbsp;<strong>Miguel \u00c1ngel Castro<\/strong>, colaborador de la Orquesta Nacional de Espa\u00f1a y profesor del Conservatorio Moreno Torroba de Madrid. El galardonado int\u00e9rprete presenta en el CAAM un repertorio con obras de tres grandes compositores rusos: una selecci\u00f3n de las \u2018Estaciones\u2019 de Tchaikovsky y de la&nbsp;<em>suite<\/em>&nbsp;\u2018Romeo y Julieta\u2019 de Prokofiev, que culminar\u00e1 en la \u2018Sonata op. 36 n. 2\u2019 de Rachmaninov.<\/p>\n\n\n\n<p class=\"wp-block-paragraph\">Formado en el conservatorio Tchaikovsky de Mosc\u00fa y con un curr\u00edculum de primer nivel, Castro se ha consolidado como uno de los pianistas espa\u00f1oles m\u00e1s notables de su generaci\u00f3n. Desde Madrid, combina su labor pedag\u00f3gica con una intensa actividad concert\u00edstica en el Auditorio Nacional, as\u00ed como en giras por toda Espa\u00f1a y el extranjero.<\/p>\n\n\n\n<p class=\"wp-block-paragraph\">El programa contin\u00faa el 23 de septiembre con un recital de piano a cuatro manos a cargo de dos reconocidos pianistas grancanarios:&nbsp;<strong>Jos\u00e9 Luis Castillo<\/strong>&nbsp;e&nbsp;<strong>Ignacio Clemente<\/strong>. Bajo el t\u00edtulo \u2018L\u00e4ndler\u2019, el d\u00fao interpretar\u00e1 una propuesta variada que navega entre la m\u00e1gica obra de Ravel \u2018Ma m\u00e8re l\u2019Oye\u2019, inspirada en cinco cuentos de hadas infantiles, una selecci\u00f3n de \u2018Valses, Op. 39\u2019 de Brahms y dos composiciones de Franz Schubert: la danza \u20184 L\u00e4ndler D 814\u2019 y la \u2018Fantas\u00eda en fa menor D 940\u2019.<\/p>\n\n\n\n<p class=\"wp-block-paragraph\">Miembros de la Real Academia Canaria de Bellas Artes de San Miguel Arc\u00e1ngel, Jos\u00e9 Luis Castillo e Ignacio Clemente combinan su actividad como int\u00e9rpretes solistas y en diversas formaciones con la docencia en el conservatorio de la capital grancanaria. \u201cUn recital memorable\u201d, adelanta el director del ciclo, \u00c1ngel Luis Castillo, citando la excelente trayectoria y calidad de ambos m\u00fasicos, formados en la Escuela Reina Sof\u00eda de Madrid y en Nueva York en el caso de Castillo, y en \u00c1msterdam y Boston en el caso de Clemente, y que cuentan con innumerables premios nacionales e internacionales.<\/p>\n\n\n\n<p class=\"wp-block-paragraph\">El 28 de octubre subir\u00e1n al escenario&nbsp;<strong>\u00dclker T\u00fcmer<\/strong>, \u201cuna joven extraordinaria violonchelista nacida en Turqu\u00eda, residente en las islas, recientemente incorporada como solista a las filas de la Orquesta Sinf\u00f3nica de Tenerife\u201d, junto al reconocido pianista grancanario&nbsp;<strong>Miguel \u00c1ngel Ortega<\/strong>, un m\u00fasico \u201ccon una trayectoria excepcional, tanto en el repertorio solista como en el repertorio camer\u00edstico\u201d, que ha actuado en auditorios de todo el globo. Catedr\u00e1tico de Piano en el Conservatorio Superior de Canarias, actualmente ejerce la docencia musical entre Arag\u00f3n y Madrid.<\/p>\n\n\n\n<p class=\"wp-block-paragraph\">T\u00fcmer y Ortega interpretar\u00e1n un espectacular repertorio que puentea entre el Clasicismo, el Romanticismo y el siglo XX: la \u2018Sonata en do mayor para violonchelo y piano, n\u00ba 4\u2019 de Beethoven; la sonoridad rom\u00e1ntica de Clara Schumann en la obra \u2018Drei Romanzen\u2019 y de C\u00e9sar Franck en la \u2018Sonata en la mayor para viol\u00edn\u2019, en un arreglo de violonchelo, y la moderna \u2018Suite Italienne\u2019 de Stravinsky.<\/p>\n\n\n\n<p class=\"wp-block-paragraph\">Grandes compositoras y un estreno<\/p>\n\n\n\n<p class=\"wp-block-paragraph\">El ciclo tendr\u00e1 su broche final el 18 de noviembre con la actuaci\u00f3n de otras dos grandes figuras nacidas en Gran Canaria y con una ampl\u00edsima trayectoria: la flautista&nbsp;<strong>Charina Quintana<\/strong>&nbsp;y el pianista&nbsp;<strong>Jos\u00e9 Mar\u00eda Curbelo<\/strong>. El d\u00fao reivindicar\u00e1 a algunas de las grandes autoras del Romanticismo europeo, como la compositora francesa Mel Bonis y su \u2018Sonata para flauta y piano, Op. 64\u2019, o la autora sueca Amanda R\u00f6ntgen-Maier, con la \u2018Sonata para flauta y piano en si menor\u2019. El programa incluye tambi\u00e9n obras contempor\u00e1neas como \u2018Allegro R\u00fastico\u2019, de la rusa Sof\u00eda Gubaidulina, y \u2018Eleg\u00eda\u2019, de la pianista y pedagoga espa\u00f1ola Carlota Garriga.<\/p>\n\n\n\n<p class=\"wp-block-paragraph\">Como guinda, \u00c1ngel Luis Quintana destaca el \u201cestreno absoluto en el CAAM\u201d de \u2018Espejos\u2019, \u201cobra de encargo y dedicatoria para Charina Quintana\u201d, que firma la joven compositora canaria M\u00f3nica Su\u00e1rez.<\/p>\n\n\n\n<p class=\"wp-block-paragraph\">Charina Quintana, reconocida pedagoga del instrumento, es docente en el Conservatorio Profesional de M\u00fasica de Las Palmas de Gran Canaria, con m\u00e1s de 20 a\u00f1os de impartici\u00f3n en el Conservatorio Superior de M\u00fasica de Canarias. Ha colaborado como int\u00e9rprete con orquestas de talla internacional, especialmente en Canarias, Italia y Estados Unidos. Jos\u00e9 Mar\u00eda Curbelo, tambi\u00e9n concertista y pedagogo, se distingue por una experimentada labor como solista y en agrupaciones de diverso formato, con giras internacionales por Europa y Am\u00e9rica. Es profesor de piano en el Conservatorio Superior de M\u00fasica de Canarias y ha impartido clases magistrales y conferencias en diferentes instituciones de Europa y Estados Unidos.<\/p>\n\n\n\n<p class=\"wp-block-paragraph\">Brillante coordinaci\u00f3n musical<\/p>\n\n\n\n<p class=\"wp-block-paragraph\">El CAAM estrena as\u00ed la segunda edici\u00f3n de un programa exitoso que celebra la m\u00fasica cl\u00e1sica en el emblem\u00e1tico centro de arte contempor\u00e1neo, bajo la direcci\u00f3n del prestigioso violonchelista&nbsp;<a href=\"https:\/\/angelluisquintana.com\/\">\u00c1ngel Luis Quintana<\/a>. En palabras del director del CAAM, Orlando Britto Jinorio, \u201ccontar con este m\u00fasico grancanario para la coordinaci\u00f3n de los conciertos representa un verdadero privilegio y una oportunidad para el p\u00fablico de Gran Canaria de disfrutar de actuaciones en directo de alt\u00edsima calidad\u201d.<\/p>\n\n\n\n<p class=\"wp-block-paragraph\">\u00c1ngel Luis Quintana es actualmente director art\u00edstico de la Orquesta de C\u00e1mara de Canarias. Combina estos proyectos de coordinaci\u00f3n con su actividad concert\u00edstica \u2013solista y en distintas agrupaciones\u2014 y pedag\u00f3gica, cuya \u00faltima parada fue este verano, en el encuentro de la Asian Youth Orchestra en la ciudad china de Tianjin. Es profesor asistente en la C\u00e1tedra de Violonchelo Sony de la Escuela Superior de M\u00fasica Reina Sof\u00eda de Madrid y ha impartido clases y lecciones magistrales en numerosos conservatorios de Espa\u00f1a y Europa.<\/p>\n\n\n\n<p class=\"wp-block-paragraph\">Quintana fue solista de la Orquesta Nacional de Espa\u00f1a y ha actuado en este rol en muchas otras: la Orquesta Filarm\u00f3nica de Gran Canaria, la Orquesta de RTVE, la Orquesta Filarm\u00f3nica de Madrid o la Orquesta de C\u00e1mara Reina Sof\u00eda.<\/p>\n\n\n\n<p class=\"wp-block-paragraph\">M\u00e1ster en Investigaci\u00f3n Musical por la Universidad Internacional de Valencia, \u00c1ngel Luis Quintana acumula una s\u00f3lida carrera en la direcci\u00f3n art\u00edstica de programas y agrupaciones, como jurado de concursos, y por supuesto en la interpretaci\u00f3n del instrumento, con el violonchelo \u2018Il Soldato\u2019, construido por J.Guadagnini en 1800 y cedido por la Fundaci\u00f3n Columbus, dedicada al tratamiento e investigaci\u00f3n de enfermedades raras en la infancia.<\/p>\n\n\n\n<p class=\"wp-block-paragraph\">PROGRAMA 2026<\/p>\n\n\n\n<ul class=\"wp-block-list\">\n<li>12 de agosto\u200b, a las 19 h.\u00a0<a href=\"https:\/\/caam.net\/actividad\/concierto-de-miguel-angel-castro\/\">Miguel \u00c1ngel Castro<\/a><\/li>\n\n\n\n<li>23 de septiembre\u200b, a las 19 h.\u00a0<a href=\"https:\/\/caam.net\/actividad\/concierto-de-jose-luis-castillo-e-ignacio-clemente\/\">Jos\u00e9 Luis Castillo e Ignacio Clemente<\/a><\/li>\n\n\n\n<li>28 de octubre\u200b, a las 19 h.\u00a0<a href=\"https:\/\/caam.net\/actividad\/concierto-de-ulker-tumer-y-miguel-angel-ortega\/\">\u00dclker T\u00fcmer y Miguel \u00c1ngel Ortega<\/a><\/li>\n\n\n\n<li>18 de noviembre\u200b, a las 19 h.\u00a0<a href=\"https:\/\/caam.net\/actividad\/concierto-de-charina-quintana-y-jose-maria-curbelo\/\">Charina Quintana y Jos\u00e9 Mar\u00eda Curbelo<\/a><\/li>\n\n\n\n<li><\/li>\n<\/ul>\n","protected":false},"excerpt":{"rendered":"<p>Este art\u00edculo ( El CAAM activa su programa de conciertos de m\u00fasica cl\u00e1sica con siete artistas de talla internacional) se public\u00f3 en CAAM. Las Palmas de Gran Canaria, 6 de&hellip;<\/p>\n","protected":false},"author":1,"featured_media":3064,"comment_status":"open","ping_status":"open","sticky":false,"template":"","format":"standard","meta":{"wpai_generated_summary":"","wpai_meta_description":"","footnotes":""},"categories":[121],"tags":[],"class_list":["post-3063","post","type-post","status-publish","format-standard","has-post-thumbnail","hentry","category-noticias"],"_links":{"self":[{"href":"https:\/\/nublo.tv\/index.php\/wp-json\/wp\/v2\/posts\/3063","targetHints":{"allow":["GET"]}}],"collection":[{"href":"https:\/\/nublo.tv\/index.php\/wp-json\/wp\/v2\/posts"}],"about":[{"href":"https:\/\/nublo.tv\/index.php\/wp-json\/wp\/v2\/types\/post"}],"author":[{"embeddable":true,"href":"https:\/\/nublo.tv\/index.php\/wp-json\/wp\/v2\/users\/1"}],"replies":[{"embeddable":true,"href":"https:\/\/nublo.tv\/index.php\/wp-json\/wp\/v2\/comments?post=3063"}],"version-history":[{"count":1,"href":"https:\/\/nublo.tv\/index.php\/wp-json\/wp\/v2\/posts\/3063\/revisions"}],"predecessor-version":[{"id":3078,"href":"https:\/\/nublo.tv\/index.php\/wp-json\/wp\/v2\/posts\/3063\/revisions\/3078"}],"wp:featuredmedia":[{"embeddable":true,"href":"https:\/\/nublo.tv\/index.php\/wp-json\/wp\/v2\/posts\/3064"}],"wp:attachment":[{"href":"https:\/\/nublo.tv\/index.php\/wp-json\/wp\/v2\/media?parent=3063"}],"wp:term":[{"taxonomy":"category","embeddable":true,"href":"https:\/\/nublo.tv\/index.php\/wp-json\/wp\/v2\/categories?post=3063"},{"taxonomy":"post_tag","embeddable":true,"href":"https:\/\/nublo.tv\/index.php\/wp-json\/wp\/v2\/tags?post=3063"}],"curies":[{"name":"wp","href":"https:\/\/api.w.org\/{rel}","templated":true}]}}