{"id":3064,"date":"2026-08-10T23:40:10","date_gmt":"2026-08-10T22:40:10","guid":{"rendered":"https:\/\/nublo.tv\/?p=3064"},"modified":"2026-08-27T12:35:27","modified_gmt":"2026-08-27T11:35:27","slug":"el-caam-convoca-dos-residencias-para-artistas-de-canarias-y-del-resto-de-espana","status":"publish","type":"post","link":"https:\/\/nublo.tv\/index.php\/2026\/08\/10\/el-caam-convoca-dos-residencias-para-artistas-de-canarias-y-del-resto-de-espana\/","title":{"rendered":"El CAAM convoca dos residencias para artistas de Canarias y del resto de Espa\u00f1a"},"content":{"rendered":"<p>Pueden optar a estas plazas los y las artistas que trabajan en las artes pl\u00e1sticas y visuales con una trayectoria acreditada de, al menos, cinco a\u00f1os<br \/>\nLas Palmas de Gran Canaria, 4 de agosto de 2026. El Centro Atl\u00e1ntico de Arte Moderno (CAAM) de Gran Canaria convoca un nuevo proceso de selecci\u00f3n para cubrir dos plazas del programa \u2018Artistas en Residencia\u2019 2026 al que podr\u00e1n optar creadoras y creadores de Canarias y del resto de Espa\u00f1a, con el fin de desarrollar un proyecto in\u00e9dito en este centro de arte, durante tres semanas, y exhibirlo en una de las salas expositivas de nuestra sede principal.<\/p>\n<p>La convocatoria est\u00e1 dirigida a artistas mayores de 18 a\u00f1os que trabajan en el \u00e1mbito de las artes pl\u00e1sticas y visuales con una trayectoria acreditada de, al menos, cinco a\u00f1os. Deber\u00e1n ser personas con residencia legal en las Islas Canarias y en el resto del territorio espa\u00f1ol con un m\u00ednimo de seis meses de antig\u00fcedad anteriores a la publicaci\u00f3n de esta convocatoria. <\/p>\n<p>El plazo para la presentaci\u00f3n de las solicitudes abarca del 7 de agosto al7septiembre, a las 14.00 horas, a trav\u00e9s de la sede electr\u00f3nica del CAAM, espacio en el que los y las aspirantes encontrar\u00e1n las bases para optar a estas residencias.<\/p>\n<p>En cuanto a fechas, el periodo de la residencia se extiende del 1 al 29 de octubre de 2026, mientras que la exposici\u00f3n de los dos proyectos seleccionados tendr\u00e1 lugar del 30 de octubre de 2026 al 31 de enero de 2027, en dos salas de arte de la segunda planta de la sede principal del CAAM.<\/p>\n<p>Dotaci\u00f3n<\/p>\n<p>Las bases establecen que el CAAM aportar\u00e1 en concepto de honorarios a cada artista una cantidad de 2.400 euros brutos, incluyendo el pago por derechos de reproducci\u00f3n, exhibici\u00f3n y comunicaci\u00f3n p\u00fablica, cuyo pago se realizar\u00e1 por transferencia bancaria a la cuenta titular de la persona beneficiaria, previa presentaci\u00f3n de las correspondientes facturas debidamente cumplimentadas y en los siguientes plazos indicados: 1.200 euros brutos al comienzo del per\u00edodo de residencia y 1.200 euros brutos a la clausura del per\u00edodo de residencia, previa presentaci\u00f3n de una memoria justificativa del proyecto realizado.  Cada artista deber\u00e1 hacerse cargo de su traslado, hospedaje y manutenci\u00f3n.<\/p>\n<p>Por gastos de producci\u00f3n, la Instituci\u00f3n cultural abonar\u00e1 hasta un m\u00e1ximo de 1.500 euros brutos, en aquellos materiales incluidos en la propuesta presentada. Los materiales ser\u00e1n adquiridos directamente por el CAAM a proveedores ubicados en la isla de Gran Canaria.<\/p>\n<p>Cabe recordar que este programa de \u2018Artistas en Residencia\u2019 es una iniciativa que puso en marcha el CAAM en el a\u00f1o 2017 con la idea de fomentar la creaci\u00f3n art\u00edstica, la actividad investigadora y la convivencia entre artistas de distintas procedencias, as\u00ed como contribuir a dar visibilidad al trabajo de creadoras y creadores del archipi\u00e9lago y del resto de Espa\u00f1a.<\/p>\n<p>La convocatoria se articula bajo la modalidad de residencia art\u00edstica abierta, de manera que las dos personas seleccionadas desarrollar\u00e1n durante un mes su proyecto en el centro, con la particularidad de que el p\u00fablico podr\u00e1 ir conociendo el proceso de creaci\u00f3n.<\/p>\n","protected":false},"excerpt":{"rendered":"<p>Este art\u00edculo ( El CAAM convoca dos residencias para artistas de Canarias y del resto de Espa\u00f1a) se public\u00f3 en CAAM. Las Palmas de Gran Canaria, 4 de agosto de&hellip;<\/p>\n","protected":false},"author":1,"featured_media":3075,"comment_status":"open","ping_status":"open","sticky":false,"template":"","format":"standard","meta":{"wpai_generated_summary":"","wpai_meta_description":"","footnotes":""},"categories":[121],"tags":[],"class_list":["post-3064","post","type-post","status-publish","format-standard","has-post-thumbnail","hentry","category-noticias"],"_links":{"self":[{"href":"https:\/\/nublo.tv\/index.php\/wp-json\/wp\/v2\/posts\/3064","targetHints":{"allow":["GET"]}}],"collection":[{"href":"https:\/\/nublo.tv\/index.php\/wp-json\/wp\/v2\/posts"}],"about":[{"href":"https:\/\/nublo.tv\/index.php\/wp-json\/wp\/v2\/types\/post"}],"author":[{"embeddable":true,"href":"https:\/\/nublo.tv\/index.php\/wp-json\/wp\/v2\/users\/1"}],"replies":[{"embeddable":true,"href":"https:\/\/nublo.tv\/index.php\/wp-json\/wp\/v2\/comments?post=3064"}],"version-history":[{"count":1,"href":"https:\/\/nublo.tv\/index.php\/wp-json\/wp\/v2\/posts\/3064\/revisions"}],"predecessor-version":[{"id":3079,"href":"https:\/\/nublo.tv\/index.php\/wp-json\/wp\/v2\/posts\/3064\/revisions\/3079"}],"wp:featuredmedia":[{"embeddable":true,"href":"https:\/\/nublo.tv\/index.php\/wp-json\/wp\/v2\/media\/3075"}],"wp:attachment":[{"href":"https:\/\/nublo.tv\/index.php\/wp-json\/wp\/v2\/media?parent=3064"}],"wp:term":[{"taxonomy":"category","embeddable":true,"href":"https:\/\/nublo.tv\/index.php\/wp-json\/wp\/v2\/categories?post=3064"},{"taxonomy":"post_tag","embeddable":true,"href":"https:\/\/nublo.tv\/index.php\/wp-json\/wp\/v2\/tags?post=3064"}],"curies":[{"name":"wp","href":"https:\/\/api.w.org\/{rel}","templated":true}]}}