{"id":3065,"date":"2026-08-10T23:40:13","date_gmt":"2026-08-10T22:40:13","guid":{"rendered":"https:\/\/nublo.tv\/?p=3065"},"modified":"2026-08-27T12:35:27","modified_gmt":"2026-08-27T11:35:27","slug":"el-musico-grancanario-ernesto-mateo-presenta-en-el-caam-una-obra-de-arte-sonoro-a-partir-del-pulso-de-las-plantas","status":"publish","type":"post","link":"https:\/\/nublo.tv\/index.php\/2026\/08\/10\/el-musico-grancanario-ernesto-mateo-presenta-en-el-caam-una-obra-de-arte-sonoro-a-partir-del-pulso-de-las-plantas\/","title":{"rendered":"El m\u00fasico grancanario Ernesto Mateo presenta en el CAAM una obra de arte sonoro a partir del pulso de las plantas"},"content":{"rendered":"<p>El centro de arte acoge este jueves 6 de agosto, a las 19.00 horas, la nueva actividad del ciclo \u2018CAAMsonora\u2019<br \/>\nLas Palmas de Gran Canaria, 4 de agosto de 2026. El m\u00fasico y compositor grancanario Ernesto Mateo presenta en el Centro Atl\u00e1ntico de Arte Moderno (CAAM) una acci\u00f3n sonora de m\u00fasica electr\u00f3nica que utiliza como materia prima y creativa la actividad de las plantas. Una cita cultural imprescindible para amantes de la experimentaci\u00f3n sonora.<\/p>\n<p>Bajo el t\u00edtulo De plantas y m\u00e1quinas, el CAAM acoge esta obra el jueves 6 de agosto, a las 19.00 horas, con entrada libre y gratuita, dentro del programa CAAMSonora, que este a\u00f1o cumple el d\u00e9cimo aniversario de su creaci\u00f3n, bajo la direcci\u00f3n del artista grancanario Paco Rossique.<\/p>\n<p>Esta propuesta musical se basa en la biosonificaci\u00f3n; una t\u00e9cnica que permite traducir a sonidos y ritmos la actividad el\u00e9ctrica de los organismos vivos. Los impulsos de las plantas se convierten en se\u00f1ales que activan sintetizadores y generan material musical en tiempo real, mientras que el artista improvisa con aparatos electr\u00f3nicos. Esta acci\u00f3n sonora tiende un puente entre el reino vegetal y el humano para una experiencia musical contemplativa y ritual, en la que confluyen naturaleza, tecnolog\u00eda y arte.<\/p>\n<p>Natural de Arucas, el pianista y compositor Ernesto Mateo compagina la docencia en el Conservatorio Superior de M\u00fasica de Canarias con su actividad art\u00edstica. Entre sus intereses destaca la composici\u00f3n con nuevas tecnolog\u00edas, enfocada principalmente a la fusi\u00f3n del folklore canario con la electr\u00f3nica y a la creaci\u00f3n audiovisual.<\/p>\n<p>Realiza su formaci\u00f3n musical en Canarias, licenci\u00e1ndose con las m\u00e1ximas calificaciones y recibiendo adem\u00e1s lecciones de grandes pianistas y compositores como Nicolai Lugansky, Galina Neporozhnya, Laura Vega y Agust\u00ed Charles Soler. Es el artista m\u00e1s joven al que se ha otorgado el premio Excellens en m\u00fasica, que la Real Academia Canaria de Bellas Artes concede a artistas con \u201cuna notable capacidad t\u00e9cnica en su arte, unida a una marcada personalidad y originalidad\u201d. Su cat\u00e1logo abarca todo tipo de g\u00e9neros, con m\u00e1s de setenta obras que van desde la m\u00fasica sinf\u00f3nica hasta la electroac\u00fastica. Su segunda \u00f3pera, Fayc\u00e1n, con libreto de Jos\u00e9 Carlos Campos basado en la novela de V\u00edctor Doreste, se estren\u00f3 en 2025 en el Teatro P\u00e9rez Gald\u00f3s de Las Palmas de Gran Canaria.<\/p>\n<p>En el campo de la composici\u00f3n experimental, se especializa en el g\u00e9nero documental, con piezas emitidas por RTVE y HBO como Islas Canarias, Las hijas del volc\u00e1n o Centinelas del viento. Su estilo abarca influencias de la m\u00fasica cl\u00e1sica, el minimalismo y el ambient.<\/p>\n","protected":false},"excerpt":{"rendered":"<p>Este art\u00edculo ( El m\u00fasico grancanario Ernesto Mateo presenta en el CAAM una obra de arte sonoro a partir del pulso de las plantas) se public\u00f3 en CAAM. Las Palmas&hellip;<\/p>\n","protected":false},"author":1,"featured_media":3074,"comment_status":"open","ping_status":"open","sticky":false,"template":"","format":"standard","meta":{"wpai_generated_summary":"","wpai_meta_description":"","footnotes":""},"categories":[121],"tags":[],"class_list":["post-3065","post","type-post","status-publish","format-standard","has-post-thumbnail","hentry","category-noticias"],"_links":{"self":[{"href":"https:\/\/nublo.tv\/index.php\/wp-json\/wp\/v2\/posts\/3065","targetHints":{"allow":["GET"]}}],"collection":[{"href":"https:\/\/nublo.tv\/index.php\/wp-json\/wp\/v2\/posts"}],"about":[{"href":"https:\/\/nublo.tv\/index.php\/wp-json\/wp\/v2\/types\/post"}],"author":[{"embeddable":true,"href":"https:\/\/nublo.tv\/index.php\/wp-json\/wp\/v2\/users\/1"}],"replies":[{"embeddable":true,"href":"https:\/\/nublo.tv\/index.php\/wp-json\/wp\/v2\/comments?post=3065"}],"version-history":[{"count":1,"href":"https:\/\/nublo.tv\/index.php\/wp-json\/wp\/v2\/posts\/3065\/revisions"}],"predecessor-version":[{"id":3080,"href":"https:\/\/nublo.tv\/index.php\/wp-json\/wp\/v2\/posts\/3065\/revisions\/3080"}],"wp:featuredmedia":[{"embeddable":true,"href":"https:\/\/nublo.tv\/index.php\/wp-json\/wp\/v2\/media\/3074"}],"wp:attachment":[{"href":"https:\/\/nublo.tv\/index.php\/wp-json\/wp\/v2\/media?parent=3065"}],"wp:term":[{"taxonomy":"category","embeddable":true,"href":"https:\/\/nublo.tv\/index.php\/wp-json\/wp\/v2\/categories?post=3065"},{"taxonomy":"post_tag","embeddable":true,"href":"https:\/\/nublo.tv\/index.php\/wp-json\/wp\/v2\/tags?post=3065"}],"curies":[{"name":"wp","href":"https:\/\/api.w.org\/{rel}","templated":true}]}}