{"id":3066,"date":"2026-08-10T23:37:41","date_gmt":"2026-08-10T22:37:41","guid":{"rendered":"https:\/\/nublo.tv\/?p=3066"},"modified":"2026-08-10T23:37:42","modified_gmt":"2026-08-10T22:37:42","slug":"el-caam-reivindica-la-obra-de-las-artistas-lola-del-castillo-y-maria-jesus-perez-vilar-integrantes-de-la-generacion-de-los-setenta-en-canarias","status":"publish","type":"post","link":"https:\/\/nublo.tv\/index.php\/2026\/08\/10\/el-caam-reivindica-la-obra-de-las-artistas-lola-del-castillo-y-maria-jesus-perez-vilar-integrantes-de-la-generacion-de-los-setenta-en-canarias\/","title":{"rendered":"El CAAM reivindica la obra de las artistas\u00a0Lola del Castillo y Mar\u00eda Jes\u00fas P\u00e9rez Vilar, integrantes\u00a0de la Generaci\u00f3n de los Setenta en Canarias"},"content":{"rendered":"\n<ul class=\"wp-block-list\">\n<li><strong>El centro de arte del Cabildo de Gran Canaria exhibe cinco piezas de pintura y dibujo de las dos creadoras isle\u00f1as con la idea de visibilizar su trabajo y seguir incidiendo en la tarea de equilibrar los fondos de su Colecci\u00f3n<\/strong><\/li>\n<\/ul>\n\n\n\n<figure class=\"wp-block-image\"><img decoding=\"async\" src=\"https:\/\/caam.net\/wp-content\/uploads\/Las-artistas-con-la-consejera-de-Cultura-del-Cabildo-GC-Guacimara-Medina-y-el-director-del-CAAM-Orlando-Britto-scaled.jpg\" alt=\"Las artistas con la consejera de Cultura del Cabildo GC Guacimara Medina y el director del CAAM Orlando Britto\" class=\"wp-image-35286\"\/><\/figure>\n\n\n\n<p class=\"wp-block-paragraph\"><strong>Las Palmas de Gran Canaria, 29 de julio de 2026.<\/strong>&nbsp;El Centro Atl\u00e1ntico de Arte Moderno (CAAM) ha abierto hoy al p\u00fablico la muestra&nbsp;<em>Iluminar el silencio. Hacia una colecci\u00f3n y un relato igualitarios,&nbsp;<\/em>integrada por una selecci\u00f3n de cinco obras de las artistas canarias Lola del Castillo y Mar\u00eda Jes\u00fas P\u00e9rez Vilar. La propuesta expositiva pretende visibilizar el trabajo de estas dos creadoras que, pese a que formaron parte de la conocida Generaci\u00f3n de los Setenta en las Islas, no han tenido el reconocimiento que s\u00ed lograron otros artistas coet\u00e1neos con quienes compartieron formaci\u00f3n y primeras exposiciones.<\/p>\n\n\n\n<p class=\"wp-block-paragraph\">Las cinco piezas que integran esta muestra son obras de pintura y dibujo fechadas entre 1970 y 1996. Tres de las obras son de Lola del Castillo y las dos restantes, de Mar\u00eda Jes\u00fas P\u00e9rez Vilar. Una de las pinturas que se exhibe, de Mar\u00eda Jes\u00fas P\u00e9rez Vilar, ya pertenece a la Colecci\u00f3n de la Casa de Col\u00f3n, del Cabildo de Gran Canaria. Sobre las restantes, el CAAM tiene la intenci\u00f3n de incorporarlas a los fondos de su colecci\u00f3n. La muestra se completa con dos piezas audiovisuales de corta duraci\u00f3n que reflejan el perfil profesional de ambas artistas.<\/p>\n\n\n\n<p class=\"wp-block-paragraph\"><em><a href=\"https:\/\/caam.net\/exposicion\/iluminar-el-silencio\/\">Iluminar el silencio<\/a>&nbsp;<\/em>es una iniciativa que se gest\u00f3 en 2017 en el contexto de la exposici\u00f3n&nbsp;<em>Renovaci\u00f3n y utop\u00eda,&nbsp;<\/em>producida por el CAAM, que se exhibi\u00f3 en el antiguo San Mart\u00edn Centro de Cultura Contempor\u00e1nea, con una selecci\u00f3n de obras de la Colecci\u00f3n CAAM de artistas con una presencia significativa en los a\u00f1os setenta en Canarias.<\/p>\n\n\n\n<p class=\"wp-block-paragraph\">Ese proyecto puso de manifiesto la ausencia en los fondos del CAAM de mujeres creadoras como Lola del Castillo, Valme Garc\u00eda Mor\u00e1n, Pepa Izquierdo, Elena Lecuona o Mar\u00eda Jes\u00fas P\u00e9rez Vilar, entre otras, y desde entonces se traz\u00f3 la meta y el compromiso desde la Direcci\u00f3n del CAAM de investigar y visibilizar el trabajo de las artistas de ese per\u00edodo. Esa fue la g\u00e9nesis de la nueva muestra que se abre hoy al p\u00fablico y la decisi\u00f3n de ir equilibrando los fondos.<\/p>\n\n\n\n<p class=\"wp-block-paragraph\"><em>Iluminar el silencio<\/em>&nbsp;persigue el objetivo de mostrar la realidad art\u00edstica referida a la Generaci\u00f3n de los Setenta desde un enfoque igualitario y ampliar el conocimiento sobre este per\u00edodo creativo en Canarias. De cara al futuro, se pretende mantener trabajos de investigaci\u00f3n sobre el trabajo de las creadoras de esta generaci\u00f3n y llevar a cabo tareas de estudio y catalogaci\u00f3n, fundamentales para su difusi\u00f3n y reconocimiento. Todo ello con el prop\u00f3sito de completar una lectura equilibrada del per\u00edodo de los a\u00f1os setenta en las artes pl\u00e1sticas en Canarias.<\/p>\n\n\n\n<p class=\"wp-block-paragraph\">RESE\u00d1AS BIOGR\u00c1FICAS<\/p>\n\n\n\n<p class=\"wp-block-paragraph\"><strong>Lola del Castillo<\/strong>&nbsp;(San Crist\u00f3bal de La Laguna, Tenerife, 1952) es una de las figuras destacadas de la generaci\u00f3n art\u00edstica canaria de los a\u00f1os setenta. Formada en la Escuela de Bellas Artes de San Fernando de Madrid, regres\u00f3 a Canarias en un momento de renovaci\u00f3n del panorama art\u00edstico insular y se vincul\u00f3 de forma temprana a la Galer\u00eda Conca, espacio fundamental para la difusi\u00f3n del arte contempor\u00e1neo en las islas. Su primera exposici\u00f3n individual, celebrada en 1978, marc\u00f3 el inicio de una trayectoria s\u00f3lida y coherente.<\/p>\n\n\n\n<p class=\"wp-block-paragraph\">Su obra abarca pintura, obra gr\u00e1fica e instalaci\u00f3n, y se caracteriza por una constante exploraci\u00f3n de la luz, el espacio y los mecanismos de la percepci\u00f3n. El dibujo, entendido como herramienta de pensamiento e investigaci\u00f3n visual, constituye el eje vertebrador de toda su producci\u00f3n. Doctora en Bellas Artes y profesora titular de la Universidad de La Laguna durante m\u00e1s de dos d\u00e9cadas, ha compaginado su pr\u00e1ctica art\u00edstica con una intensa labor docente. Su trabajo invita a cuestionar los l\u00edmites entre realidad, representaci\u00f3n y experiencia, convirtiendo la mirada en un espacio de reflexi\u00f3n.<\/p>\n\n\n\n<p class=\"wp-block-paragraph\"><strong>Mar\u00eda Jes\u00fas P\u00e9rez Vilar<\/strong>&nbsp;(Santander, 1950) es otra de las creadoras que formaron parte de la Generaci\u00f3n de los Setenta, el grupo de artistas que contribuy\u00f3 a la renovaci\u00f3n de los lenguajes art\u00edsticos en Canarias durante las \u00faltimas d\u00e9cadas del siglo XX. Tras trasladarse a Tenerife en 1956, inici\u00f3 su formaci\u00f3n en la Escuela Superior de Bellas Artes de Santa Cruz de Tenerife y la complet\u00f3 en la Escuela Superior de Bellas Artes de San Fernando de Madrid. A finales de los a\u00f1os setenta se vincul\u00f3 a la Sala Conca.<\/p>\n\n\n\n<p class=\"wp-block-paragraph\">Su pintura se caracteriza por una constante investigaci\u00f3n sobre el color y por una profunda conexi\u00f3n con la naturaleza. Entre la figuraci\u00f3n y la abstracci\u00f3n l\u00edrica, construye paisajes que surgen de la observaci\u00f3n, la memoria y la imaginaci\u00f3n. La poes\u00eda, la m\u00fasica y la experiencia sensible del entorno alimentan una obra de gran intensidad evocadora, donde las formas, la luz y la atm\u00f3sfera invitan a una contemplaci\u00f3n abierta y personal.<\/p>\n\n\n\n<p class=\"wp-block-paragraph\"><em>Iluminar el silencio<\/em>.&nbsp;<em>Hacia una colecci\u00f3n y un relato igualitarios<\/em>&nbsp;<strong>permanece expuesta<\/strong>&nbsp;<strong>hasta el 18 de octubre<\/strong>, en la sala expositiva de Balcones 9, en el horario habitual del CAAM, de martes a s\u00e1bado de 10.00 a 21.00 horas y domingo de 10.00 a 14.00 horas, con entrada libre para todos los p\u00fablicos.<\/p>\n\n\n\n<figure class=\"wp-block-image\"><img decoding=\"async\" src=\"https:\/\/caam.net\/wp-content\/uploads\/Las-artistas-con-la-consejera-de-Cultura-del-Cabildo-GC-Guacimara-Medina-y-el-director-del-CAAM-Orlando-Britto-scaled.jpg\" alt=\"Las artistas con la consejera de Cultura del Cabildo GC Guacimara Medina y el director del CAAM Orlando Britto\" class=\"wp-image-35286\"\/><\/figure>\n\n\n\n<figure class=\"wp-block-image\"><img decoding=\"async\" src=\"https:\/\/caam.net\/wp-content\/uploads\/Las-artistas-Lola-del-Castillo-y-Maria-Jesus-Perez-Vilar-en-el-CAAM.-Foto-Angel-Medina-scaled.jpg\" alt=\"Las artistas Lola del Castillo y Mar\u00eda Jes\u00fas P\u00e9rez Vilar en el CAAM. Foto \u00c1ngel Medina\" class=\"wp-image-35283\"\/><\/figure>\n\n\n\n<figure class=\"wp-block-image\"><img decoding=\"async\" src=\"https:\/\/caam.net\/wp-content\/uploads\/Las-artistas-con-la-consejera-de-Cultura-del-Cabildo-GC-Guacimara-Medina-y-el-director-del-CAAM-Orlando-Britto-1-scaled.jpg\" alt=\"Las artistas con la consejera de Cultura del Cabildo GC Guacimara Medina y el director del CAAM Orlando Britto\" class=\"wp-image-35284\"\/><\/figure>\n\n\n\n<figure class=\"wp-block-image\"><img decoding=\"async\" src=\"https:\/\/caam.net\/wp-content\/uploads\/759849594_1472379088258687_4389799837503342779_n-scaled.jpg\" alt=\"Imagen\" class=\"wp-image-35294\"\/><\/figure>\n\n\n\n<figure class=\"wp-block-image\"><img decoding=\"async\" src=\"https:\/\/caam.net\/wp-content\/uploads\/Lola-del-Castillo-en-el-CAAM.-Foto-Angel-Medina-scaled.jpg\" alt=\"Lola del Castillo en el CAAM. Foto \u00c1ngel Medina\" class=\"wp-image-35285\"\/><\/figure>\n\n\n\n<figure class=\"wp-block-image\"><img decoding=\"async\" src=\"https:\/\/caam.net\/wp-content\/uploads\/Maria-Jesus-Perez-Vilar-en-el-CAAM.-Foto-Angel-Medina-scaled.jpg\" alt=\"Mar\u00eda Jes\u00fas P\u00e9rez Vilar en el CAAM. Foto \u00c1ngel Medina\" class=\"wp-image-35281\"\/><\/figure>\n\n\n\n<figure class=\"wp-block-image\"><img decoding=\"async\" src=\"https:\/\/caam.net\/wp-content\/uploads\/Las-artistas-Lola-del-Castillo-y-Maria-Jesus-Perez-Vilar-en-el-CAAM.-Foto-Angel-Medina-2-scaled.jpg\" alt=\"Las artistas Lola del Castillo y Mar\u00eda Jes\u00fas P\u00e9rez Vilar en el CAAM. Foto \u00c1ngel Medina\" class=\"wp-image-35282\"\/><\/figure>\n\n\n\n<figure class=\"wp-block-image\"><img decoding=\"async\" src=\"https:\/\/caam.net\/wp-content\/uploads\/756444316_1472378981592031_4927437665604483426_n-scaled.jpg\" alt=\"Imagen\" class=\"wp-image-35293\"\/><\/figure>\n\n\n\n<figure class=\"wp-block-image\"><img decoding=\"async\" src=\"https:\/\/caam.net\/wp-content\/uploads\/756342283_1472379011592028_4650411288006229007_n-scaled.jpg\" alt=\"Imagen\" class=\"wp-image-35292\"\/><\/figure>\n\n\n\n<figure class=\"wp-block-image\"><img decoding=\"async\" src=\"https:\/\/caam.net\/wp-content\/uploads\/Las-artistas-con-la-consejera-de-Cultura-del-Cabildo-GC-Guacimara-Medina-y-el-director-del-CAAM-Orlando-Britto-scaled.jpg\" alt=\"Las artistas con la consejera de Cultura del Cabildo GC Guacimara Medina y el director del CAAM Orlando Britto\"\/><\/figure>\n\n\n\n<figure class=\"wp-block-image\"><img decoding=\"async\" src=\"https:\/\/caam.net\/wp-content\/uploads\/Las-artistas-Lola-del-Castillo-y-Maria-Jesus-Perez-Vilar-en-el-CAAM.-Foto-Angel-Medina-scaled.jpg\" alt=\"Las artistas Lola del Castillo y Mar\u00eda Jes\u00fas P\u00e9rez Vilar en el CAAM. Foto \u00c1ngel Medina\"\/><\/figure>\n\n\n\n<figure class=\"wp-block-image\"><img decoding=\"async\" src=\"https:\/\/caam.net\/wp-content\/uploads\/Las-artistas-con-la-consejera-de-Cultura-del-Cabildo-GC-Guacimara-Medina-y-el-director-del-CAAM-Orlando-Britto-1-scaled.jpg\" alt=\"Las artistas con la consejera de Cultura del Cabildo GC Guacimara Medina y el director del CAAM Orlando Britto\"\/><\/figure>\n\n\n\n<figure class=\"wp-block-image\"><img decoding=\"async\" src=\"https:\/\/caam.net\/wp-content\/uploads\/759849594_1472379088258687_4389799837503342779_n-scaled.jpg\" alt=\"Imagen\"\/><\/figure>\n\n\n\n<figure class=\"wp-block-image\"><img decoding=\"async\" src=\"https:\/\/caam.net\/wp-content\/uploads\/Lola-del-Castillo-en-el-CAAM.-Foto-Angel-Medina-scaled.jpg\" alt=\"Lola del Castillo en el CAAM. Foto \u00c1ngel Medina\"\/><\/figure>\n\n\n\n<figure class=\"wp-block-image\"><img decoding=\"async\" src=\"https:\/\/caam.net\/wp-content\/uploads\/Maria-Jesus-Perez-Vilar-en-el-CAAM.-Foto-Angel-Medina-scaled.jpg\" alt=\"Mar\u00eda Jes\u00fas P\u00e9rez Vilar en el CAAM. Foto \u00c1ngel Medina\"\/><\/figure>\n\n\n\n<figure class=\"wp-block-image\"><img decoding=\"async\" src=\"https:\/\/caam.net\/wp-content\/uploads\/Las-artistas-Lola-del-Castillo-y-Maria-Jesus-Perez-Vilar-en-el-CAAM.-Foto-Angel-Medina-2-scaled.jpg\" alt=\"Las artistas Lola del Castillo y Mar\u00eda Jes\u00fas P\u00e9rez Vilar en el CAAM. Foto \u00c1ngel Medina\"\/><\/figure>\n\n\n\n<figure class=\"wp-block-image\"><img decoding=\"async\" src=\"https:\/\/caam.net\/wp-content\/uploads\/756444316_1472378981592031_4927437665604483426_n-scaled.jpg\" alt=\"Imagen\"\/><\/figure>\n\n\n\n<figure class=\"wp-block-image\"><img decoding=\"async\" src=\"https:\/\/caam.net\/wp-content\/uploads\/756342283_1472379011592028_4650411288006229007_n-scaled.jpg\" alt=\"Imagen\"\/><\/figure>\n","protected":false},"excerpt":{"rendered":"<p>Este art\u00edculo ( El CAAM reivindica la obra de las artistas\u00a0Lola del Castillo y Mar\u00eda Jes\u00fas P\u00e9rez Vilar, integrantes\u00a0de la Generaci\u00f3n de los Setenta en Canarias) se public\u00f3 en CAAM.&hellip;<\/p>\n","protected":false},"author":1,"featured_media":0,"comment_status":"open","ping_status":"open","sticky":false,"template":"","format":"standard","meta":{"wpai_generated_summary":"","wpai_meta_description":"","footnotes":""},"categories":[121],"tags":[],"class_list":["post-3066","post","type-post","status-publish","format-standard","hentry","category-noticias"],"_links":{"self":[{"href":"https:\/\/nublo.tv\/index.php\/wp-json\/wp\/v2\/posts\/3066","targetHints":{"allow":["GET"]}}],"collection":[{"href":"https:\/\/nublo.tv\/index.php\/wp-json\/wp\/v2\/posts"}],"about":[{"href":"https:\/\/nublo.tv\/index.php\/wp-json\/wp\/v2\/types\/post"}],"author":[{"embeddable":true,"href":"https:\/\/nublo.tv\/index.php\/wp-json\/wp\/v2\/users\/1"}],"replies":[{"embeddable":true,"href":"https:\/\/nublo.tv\/index.php\/wp-json\/wp\/v2\/comments?post=3066"}],"version-history":[{"count":1,"href":"https:\/\/nublo.tv\/index.php\/wp-json\/wp\/v2\/posts\/3066\/revisions"}],"predecessor-version":[{"id":3076,"href":"https:\/\/nublo.tv\/index.php\/wp-json\/wp\/v2\/posts\/3066\/revisions\/3076"}],"wp:attachment":[{"href":"https:\/\/nublo.tv\/index.php\/wp-json\/wp\/v2\/media?parent=3066"}],"wp:term":[{"taxonomy":"category","embeddable":true,"href":"https:\/\/nublo.tv\/index.php\/wp-json\/wp\/v2\/categories?post=3066"},{"taxonomy":"post_tag","embeddable":true,"href":"https:\/\/nublo.tv\/index.php\/wp-json\/wp\/v2\/tags?post=3066"}],"curies":[{"name":"wp","href":"https:\/\/api.w.org\/{rel}","templated":true}]}}