{"id":3067,"date":"2026-08-10T23:40:17","date_gmt":"2026-08-10T22:40:17","guid":{"rendered":"https:\/\/nublo.tv\/?p=3067"},"modified":"2026-08-10T23:43:03","modified_gmt":"2026-08-10T22:43:03","slug":"art-al-quadrat-activa-la-performance-que-reivindica-desde-el-arte-los-derechos-del-colectivo-lgtb-anulados-durante-el-franquismo","status":"publish","type":"post","link":"https:\/\/nublo.tv\/index.php\/2026\/08\/10\/art-al-quadrat-activa-la-performance-que-reivindica-desde-el-arte-los-derechos-del-colectivo-lgtb-anulados-durante-el-franquismo\/","title":{"rendered":"Art al Quadrat activa la performance que reivindica desde el arte los derechos del colectivo LGTB anulados durante el franquismo"},"content":{"rendered":"\n<div class=\"wp-block-group ai-summarization-summary\"><div class=\"wp-block-group__inner-container is-layout-flow wp-block-group-is-layout-flow\">\n<p class=\"wp-block-paragraph\">El Centro Atl\u00e1ntico de Arte Moderno organiza la performance colectiva Transmutaci\u00f3n IV, liderada por Art al Quadrat. La actividad utiliza documentos hist\u00f3ricos para transformar insultos dirigidos al colectivo LGTB durante el franquismo en t\u00e9rminos de lucha y libertad, vinculando la represi\u00f3n hist\u00f3rica con el contexto pol\u00edtico actual.<\/p>\n\n\n\n<p class=\"wp-block-paragraph\">La acci\u00f3n art\u00edstica recorre el trayecto desde la plaza de Santa Ana hasta el espacio San Antonio Abad. El p\u00fablico participa activamente recomponiendo palabras para otorgarles nuevos significados, culminando con una visita guiada a la exposici\u00f3n Memorias colectivas y Represiones cotidianas, abierta hasta el 27 de septiembre.<\/p>\n<\/div><\/div>\n\n\n<p>La acci\u00f3n participativa, que se celebra este viernes en la plaza de Santa Ana, toma como referencia documentos reales del Archivo Provincial de Las Palmas<br \/>\nSe trata de una actividad paralela a la exposici\u00f3n que el CAAM dedica a la obra de las artistas gemelas, en el espacio San Antonio Abad<br \/>\nLas Palmas de Gran Canaria, 23 de julio de 2026. El Centro Atl\u00e1ntico de Arte Moderno, CAAM, invita a la ciudadan\u00eda a participar en la performance colectiva liderada por Art al Quadrat -M\u00f3nica y Gema del Rey Jord\u00e0 (Valencia, 1982)-, en el contexto de la exposici\u00f3n Memorias colectivas \/ Represiones cotidianas, que exhibe este centro de arte con el comisariado de Jos\u00e9 Luis P\u00e9rez Pont.<\/p>\n<p>Bajo el t\u00edtulo Transmutaci\u00f3n IV, la activaci\u00f3n arrancar\u00e1 el viernes 24 de julio a las 18.00 horas, desde la plaza de Santa Ana de la capital grancanaria hasta el espacio CAAM-San Antonio Abad, con la colaboraci\u00f3n de LPGC 2031. Junto a las dos creadoras valencianas, participar\u00e1n seis artistas de la isla: Ninfa, Aythami Legendary, Gamora Poison, Demi, Virgen y Delirio, as\u00ed como todo el p\u00fablico que quiera sumarse a la propuesta.<\/p>\n<p>A partir de documentos custodiados por el Archivo Provincial de Las Palmas, las artistas proponen una transmutaci\u00f3n de palabras peyorativas \u2013dirigidas al colectivo LGTB en Canarias durante la dictadura franquista\u2014, en vocablos que representan la lucha colectiva por los derechos y la libertad sexual, y que hoy son t\u00e9rminos prohibidos en las comunicaciones de la administraci\u00f3n Trump.<\/p>\n<p>\u201cSe deja patente pues que el pasado y el presente no quedan tan lejos y que hay que seguir luchando contra nuevos fascismos que amenazan los avances conseguidos\u201d, expresan las artistas en un manifiesto previo. Utilizando papel y tijeras, se recompondr\u00e1n colectivamente estas palabras otorg\u00e1ndoles un nuevo significado.<\/p>\n<p>Visita guiada<\/p>\n<p>La acci\u00f3n culminar\u00e1 en un pasacalle festivo hasta el espacio CAAM-San Antonio Abad, donde el d\u00fao Art al Quadrat conducir\u00e1 una visita guiada a su exposici\u00f3n para todos los p\u00fablicos,a partir de las 19.00 horas. La muestra Memorias colectivas \/ Represiones cotidianas contin\u00faa abierta hasta el 27 de septiembre, con entrada libre y gratuita.<\/p>","protected":false},"excerpt":{"rendered":"<p>Este art\u00edculo ( Art al Quadrat activa la performance que reivindica desde el arte los derechos del colectivo LGTB anulados durante el franquismo) se public\u00f3 en CAAM. Las Palmas de&hellip;<\/p>\n","protected":false},"author":1,"featured_media":3077,"comment_status":"open","ping_status":"open","sticky":false,"template":"","format":"standard","meta":{"wpai_generated_summary":"El Centro Atl\u00e1ntico de Arte Moderno organiza la performance colectiva Transmutaci\u00f3n IV, liderada por Art al Quadrat. La actividad utiliza documentos hist\u00f3ricos para transformar insultos dirigidos al colectivo LGTB durante el franquismo en t\u00e9rminos de lucha y libertad, vinculando la represi\u00f3n hist\u00f3rica con el contexto pol\u00edtico actual.\n\nLa acci\u00f3n art\u00edstica recorre el trayecto desde la plaza de Santa Ana hasta el espacio San Antonio Abad. El p\u00fablico participa activamente recomponiendo palabras para otorgarles nuevos significados, culminando con una visita guiada a la exposici\u00f3n Memorias colectivas y Represiones cotidianas, abierta hasta el 27 de septiembre.","wpai_meta_description":"","footnotes":""},"categories":[121],"tags":[],"class_list":["post-3067","post","type-post","status-publish","format-standard","has-post-thumbnail","hentry","category-noticias"],"_links":{"self":[{"href":"https:\/\/nublo.tv\/index.php\/wp-json\/wp\/v2\/posts\/3067","targetHints":{"allow":["GET"]}}],"collection":[{"href":"https:\/\/nublo.tv\/index.php\/wp-json\/wp\/v2\/posts"}],"about":[{"href":"https:\/\/nublo.tv\/index.php\/wp-json\/wp\/v2\/types\/post"}],"author":[{"embeddable":true,"href":"https:\/\/nublo.tv\/index.php\/wp-json\/wp\/v2\/users\/1"}],"replies":[{"embeddable":true,"href":"https:\/\/nublo.tv\/index.php\/wp-json\/wp\/v2\/comments?post=3067"}],"version-history":[{"count":2,"href":"https:\/\/nublo.tv\/index.php\/wp-json\/wp\/v2\/posts\/3067\/revisions"}],"predecessor-version":[{"id":3087,"href":"https:\/\/nublo.tv\/index.php\/wp-json\/wp\/v2\/posts\/3067\/revisions\/3087"}],"wp:featuredmedia":[{"embeddable":true,"href":"https:\/\/nublo.tv\/index.php\/wp-json\/wp\/v2\/media\/3077"}],"wp:attachment":[{"href":"https:\/\/nublo.tv\/index.php\/wp-json\/wp\/v2\/media?parent=3067"}],"wp:term":[{"taxonomy":"category","embeddable":true,"href":"https:\/\/nublo.tv\/index.php\/wp-json\/wp\/v2\/categories?post=3067"},{"taxonomy":"post_tag","embeddable":true,"href":"https:\/\/nublo.tv\/index.php\/wp-json\/wp\/v2\/tags?post=3067"}],"curies":[{"name":"wp","href":"https:\/\/api.w.org\/{rel}","templated":true}]}}