{"id":3090,"date":"2026-08-11T10:33:59","date_gmt":"2026-08-11T09:33:59","guid":{"rendered":"https:\/\/nublo.tv\/?p=3090"},"modified":"2026-08-27T12:35:27","modified_gmt":"2026-08-27T11:35:27","slug":"el-espectaculo-makasi-lleno-la-plaza-grande-de-guia-de-los-ritmos-de-la-macaronesia-en-las-fiestas-de-la-virgen-2026","status":"publish","type":"post","link":"https:\/\/nublo.tv\/index.php\/2026\/08\/11\/el-espectaculo-makasi-lleno-la-plaza-grande-de-guia-de-los-ritmos-de-la-macaronesia-en-las-fiestas-de-la-virgen-2026\/","title":{"rendered":"El espect\u00e1culo Makasi llen\u00f3 la Plaza Grande de Gu\u00eda de los ritmos de la Macaronesia en las Fiestas de La Virgen 2026"},"content":{"rendered":"<ul>\n<li><strong>En la voz de la cantante grancanaria Marta Bola\u00f1os acompa\u00f1ada por una extraordinaria banda de m\u00fasicos<\/strong><\/li>\n<\/ul>\n<p><strong>\u00a0<\/strong><strong>Gu\u00eda, 11 de agosto de 2026.-<\/strong> La Plaza Grande acogi\u00f3 el espect\u00e1culo <em>Makasi<\/em>, un concierto que este lunes recorri\u00f3 los ritmos de la Macaronesia en la voz de Marta Bola\u00f1os en el marco de las Fiestas de La Virgen 2026. La cantante grancanaria estuvo acompa\u00f1ada sobre el escenario por una magn\u00edfica banda de la que forman el guitarrista Misael Jord\u00e1n y el timplista Derque Mart\u00edn junto a Javier Rodr\u00edguez a la trompeta, el bajo el\u00e9ctrico de Tana Santana y Shang\u00f3 Dely en la percusi\u00f3n.<\/p>\n<p>Entre las canciones que se pudieron disfrutar en la velada festiva de este lunes destacan temas tan conocidos como <em>Coisas Bunitas<\/em>, <em>Madera de Deriva<\/em>, <em>L\u00faa<\/em>, <em>Tonada de Luna<\/em> o <em>Desfado<\/em> adem\u00e1s de las composiciones propias <em>A Cada Paso<\/em> y <em>Makumbia<\/em> mientras que el resto de temas interpretados son versiones inspiradas en los ritmos de artistas macaron\u00e9sicas como Ana Moura, Mayra Andrade o Sara Tabares.<\/p>\n<p><em>Makasi<\/em> se estren\u00f3 en el Teatro Hesp\u00e9rides de Gu\u00eda el pasado a\u00f1o y desde entonces ha visitado numerosos lugares del Archipi\u00e9lago, cosechando siempre un gran \u00e9xito en lugares como Teror durante el Festival <em>Teresa de Bol\u00edvar<\/em>, en el Festival <em>Biorritmo<\/em> de Lanzarote, en G\u00e1ldar y Agaete, entre otros.<\/p>\n<p>La m\u00fasica continuar\u00e1 hoy martes dentro del programa de las fiestas patronales de La Virgen con el festival Ra\u00edces Guienses donde se rinde homenaje al talento musical de artistas del municipio.<\/p>\n","protected":false},"excerpt":{"rendered":"<p>En la voz de la cantante grancanaria Marta Bola\u00f1os acompa\u00f1ada por una extraordinaria banda de m\u00fasicos \u00a0Gu\u00eda, 11 de agosto de 2026.- La Plaza Grande acogi\u00f3 el espect\u00e1culo Makasi, un&hellip;<\/p>\n","protected":false},"author":1,"featured_media":3091,"comment_status":"open","ping_status":"open","sticky":false,"template":"","format":"standard","meta":{"wpai_generated_summary":"","wpai_meta_description":"","footnotes":""},"categories":[138],"tags":[],"class_list":["post-3090","post","type-post","status-publish","format-standard","has-post-thumbnail","hentry","category-ayuntamiento-de-santa-maria-de-guia"],"_links":{"self":[{"href":"https:\/\/nublo.tv\/index.php\/wp-json\/wp\/v2\/posts\/3090","targetHints":{"allow":["GET"]}}],"collection":[{"href":"https:\/\/nublo.tv\/index.php\/wp-json\/wp\/v2\/posts"}],"about":[{"href":"https:\/\/nublo.tv\/index.php\/wp-json\/wp\/v2\/types\/post"}],"author":[{"embeddable":true,"href":"https:\/\/nublo.tv\/index.php\/wp-json\/wp\/v2\/users\/1"}],"replies":[{"embeddable":true,"href":"https:\/\/nublo.tv\/index.php\/wp-json\/wp\/v2\/comments?post=3090"}],"version-history":[{"count":1,"href":"https:\/\/nublo.tv\/index.php\/wp-json\/wp\/v2\/posts\/3090\/revisions"}],"predecessor-version":[{"id":3095,"href":"https:\/\/nublo.tv\/index.php\/wp-json\/wp\/v2\/posts\/3090\/revisions\/3095"}],"wp:featuredmedia":[{"embeddable":true,"href":"https:\/\/nublo.tv\/index.php\/wp-json\/wp\/v2\/media\/3091"}],"wp:attachment":[{"href":"https:\/\/nublo.tv\/index.php\/wp-json\/wp\/v2\/media?parent=3090"}],"wp:term":[{"taxonomy":"category","embeddable":true,"href":"https:\/\/nublo.tv\/index.php\/wp-json\/wp\/v2\/categories?post=3090"},{"taxonomy":"post_tag","embeddable":true,"href":"https:\/\/nublo.tv\/index.php\/wp-json\/wp\/v2\/tags?post=3090"}],"curies":[{"name":"wp","href":"https:\/\/api.w.org\/{rel}","templated":true}]}}