{"id":3092,"date":"2026-08-11T10:33:55","date_gmt":"2026-08-11T09:33:55","guid":{"rendered":"https:\/\/nublo.tv\/?p=3092"},"modified":"2026-08-27T12:35:27","modified_gmt":"2026-08-27T11:35:27","slug":"haz-visible-tu-negocio-rural","status":"publish","type":"post","link":"https:\/\/nublo.tv\/index.php\/2026\/08\/11\/haz-visible-tu-negocio-rural\/","title":{"rendered":"Haz visible tu negocio rural"},"content":{"rendered":"<p>Este art\u00edculo ( <a href=\"https:\/\/www.aidergc.com\/haz-visible-tu-negocio-rural\/\">Haz visible tu negocio rural<\/a>) se public\u00f3 en <a href=\"https:\/\/www.aidergc.com\">AIDER Gran Canaria<\/a>.<\/p>\n<p class=\"has-large-font-size wp-block-paragraph\"><strong>Marketing, redes sociales e IA<\/strong><\/p>\n<h3 class=\"wp-block-heading\">Marketing, redes sociales e IA<\/h3>\n<p class=\"wp-block-paragraph\"><strong>\ud83d\udcc5<\/strong><strong> 3 de septiembre de 2026<\/strong><br \/><strong>\ud83d\udd53<\/strong><strong> De 16:00 a 19:00 h<\/strong><br \/><strong>\ud83d\udcbb<\/strong><strong> Modalidad online<\/strong><br \/><strong>\ud83c\udf9f\ufe0f<\/strong><strong> Inscripci\u00f3n gratuita y obligatoria<\/strong><\/p>\n<p class=\"wp-block-paragraph\">\u00bfTienes un negocio o proyecto en el medio rural y quieres mejorar su presencia en Internet y redes sociales?<\/p>\n<p class=\"wp-block-paragraph\">En este taller pr\u00e1ctico aprender\u00e1s a utilizar el <strong>marketing digital, las redes sociales y la inteligencia artificial<\/strong> para dar visibilidad a tu negocio, conectar con tus clientes y crear contenidos de una forma m\u00e1s sencilla y eficaz.<\/p>\n<p class=\"wp-block-paragraph\">No necesitas conocimientos t\u00e9cnicos previos. Trabajaremos con ejemplos y ejercicios para que puedas aplicar lo aprendido <strong>directamente a tu propio negocio o proyecto<\/strong>.<\/p>\n<h3 class=\"wp-block-heading\">\ud83d\udccc Programa<\/h3>\n<p class=\"wp-block-paragraph\"><strong>1. Haz visible tu negocio: empieza por la estrategia<\/strong><br \/>Descubre qu\u00e9 hace diferente a tu negocio, a qui\u00e9n quieres llegar y qu\u00e9 canales digitales te interesa utilizar.<\/p>\n<p class=\"wp-block-paragraph\"><strong>2. Conoce mejor a tus clientes con ayuda de la IA<\/strong><br \/>Aprende a identificar las necesidades, intereses y dudas de tus potenciales clientes y a utilizar la inteligencia artificial para conocerlos mejor.<\/p>\n<p class=\"wp-block-paragraph\"><strong>3. \u00bfQu\u00e9 publico en redes sociales?<\/strong><br \/>Crea tus propios pilares de contenido y descubre c\u00f3mo generar ideas para hablar de tus productos, servicios, territorio, experiencia y valores sin caer siempre en publicaciones de venta.<\/p>\n<p class=\"wp-block-paragraph\"><strong>4. Crea contenidos con inteligencia artificial<\/strong><br \/>Aprende a utilizar herramientas como ChatGPT para generar ideas, redactar publicaciones, crear titulares y llamadas a la acci\u00f3n y adaptar un mismo contenido a diferentes redes sociales.<\/p>\n<p class=\"wp-block-paragraph\"><strong>5. Im\u00e1genes y contenidos visuales con IA<\/strong><br \/>Descubre c\u00f3mo combinar tus propias fotograf\u00edas con herramientas de dise\u00f1o e inteligencia artificial para crear contenidos visuales atractivos.<\/p>\n<p class=\"wp-block-paragraph\"><strong>6. Organiza tu calendario de contenidos<\/strong><br \/>Utiliza la IA para pasar de las ideas a la acci\u00f3n y crear un calendario de publicaciones sencillo, realista y adaptado a tu negocio.<\/p>\n<p class=\"wp-block-paragraph\"><strong>7. Mide, aprende y mejora<\/strong><br \/>Conoce las m\u00e9tricas realmente importantes en redes sociales y descubre c\u00f3mo la IA puede ayudarte a interpretar los resultados y mejorar tus pr\u00f3ximos contenidos.<\/p>\n<h3 class=\"wp-block-heading\">\ud83d\udee0\ufe0f Un taller para aprender haciendo<\/h3>\n<p class=\"wp-block-paragraph\">Ser\u00e1 una formaci\u00f3n <strong>eminentemente pr\u00e1ctica<\/strong>. Durante las tres horas podr\u00e1s trabajar sobre tu propio negocio y utilizar la inteligencia artificial como herramienta de apoyo. Esta metodolog\u00eda pr\u00e1ctica y participativa forma parte del planteamiento del programa <em>Tierra de Oportunidades<\/em>.<\/p>\n<p class=\"wp-block-paragraph\">Al finalizar el taller tendr\u00e1s:<\/p>\n<ul class=\"wp-block-list\">\n<li>una propuesta de valor m\u00e1s clara para comunicar tu negocio;<\/li>\n<li>una definici\u00f3n de tu p\u00fablico objetivo;<\/li>\n<li>nuevas ideas de contenidos para redes sociales;<\/li>\n<li>publicaciones creadas con ayuda de IA;<\/li>\n<li>un peque\u00f1o calendario de contenidos para empezar a aplicar lo aprendido;<\/li>\n<li>recursos y prompts que podr\u00e1s seguir utilizando despu\u00e9s del taller.<\/li>\n<\/ul>\n<p class=\"wp-block-paragraph\"><strong>\ud83d\udc49<\/strong><strong> Recomendaci\u00f3n:<\/strong> participa desde un ordenador para poder realizar c\u00f3modamente los ejercicios pr\u00e1cticos.<\/p>\n<p class=\"wp-block-paragraph\"><strong>Inscripci\u00f3n obligatoria y gratuita:&nbsp;<a href=\"https:\/\/bit.ly\/cursoAIDERGC\">https:\/\/bit.ly\/cursoAIDERGC<\/a><\/strong><\/p>\n<p class=\"wp-block-paragraph\"><em>Formaci\u00f3n enmarcada en el proyecto \u00abTierra de Oportunidades\u00bb, desarrollado por CaixaBank y AIDER Gran Canaria para fomentar el emprendimiento y la creaci\u00f3n de empleo en el medio rural.<\/em><\/p>\n<p class=\"wp-block-paragraph\">\n<p>Este art\u00edculo ( <a href=\"https:\/\/www.aidergc.com\/haz-visible-tu-negocio-rural\/\">Haz visible tu negocio rural<\/a>) se public\u00f3 en <a href=\"https:\/\/www.aidergc.com\">AIDER Gran Canaria<\/a>.<\/p>\n","protected":false},"excerpt":{"rendered":"<p>Este art\u00edculo ( Haz visible tu negocio rural) se public\u00f3 en AIDER Gran Canaria. Marketing, redes sociales e IA Marketing, redes sociales e IA \ud83d\udcc5 3 de septiembre de 2026\ud83d\udd53&hellip;<\/p>\n","protected":false},"author":1,"featured_media":3093,"comment_status":"open","ping_status":"open","sticky":false,"template":"","format":"standard","meta":{"wpai_generated_summary":"","wpai_meta_description":"","footnotes":""},"categories":[121],"tags":[],"class_list":["post-3092","post","type-post","status-publish","format-standard","has-post-thumbnail","hentry","category-noticias"],"_links":{"self":[{"href":"https:\/\/nublo.tv\/index.php\/wp-json\/wp\/v2\/posts\/3092","targetHints":{"allow":["GET"]}}],"collection":[{"href":"https:\/\/nublo.tv\/index.php\/wp-json\/wp\/v2\/posts"}],"about":[{"href":"https:\/\/nublo.tv\/index.php\/wp-json\/wp\/v2\/types\/post"}],"author":[{"embeddable":true,"href":"https:\/\/nublo.tv\/index.php\/wp-json\/wp\/v2\/users\/1"}],"replies":[{"embeddable":true,"href":"https:\/\/nublo.tv\/index.php\/wp-json\/wp\/v2\/comments?post=3092"}],"version-history":[{"count":1,"href":"https:\/\/nublo.tv\/index.php\/wp-json\/wp\/v2\/posts\/3092\/revisions"}],"predecessor-version":[{"id":3094,"href":"https:\/\/nublo.tv\/index.php\/wp-json\/wp\/v2\/posts\/3092\/revisions\/3094"}],"wp:featuredmedia":[{"embeddable":true,"href":"https:\/\/nublo.tv\/index.php\/wp-json\/wp\/v2\/media\/3093"}],"wp:attachment":[{"href":"https:\/\/nublo.tv\/index.php\/wp-json\/wp\/v2\/media?parent=3092"}],"wp:term":[{"taxonomy":"category","embeddable":true,"href":"https:\/\/nublo.tv\/index.php\/wp-json\/wp\/v2\/categories?post=3092"},{"taxonomy":"post_tag","embeddable":true,"href":"https:\/\/nublo.tv\/index.php\/wp-json\/wp\/v2\/tags?post=3092"}],"curies":[{"name":"wp","href":"https:\/\/api.w.org\/{rel}","templated":true}]}}