{"id":3099,"date":"2026-08-11T11:31:45","date_gmt":"2026-08-11T10:31:45","guid":{"rendered":"https:\/\/nublo.tv\/?p=3099"},"modified":"2026-08-11T13:00:39","modified_gmt":"2026-08-11T12:00:39","slug":"pleno-extraordinario-del-ayuntamiento-de-galdar","status":"publish","type":"post","link":"https:\/\/nublo.tv\/index.php\/2026\/08\/11\/pleno-extraordinario-del-ayuntamiento-de-galdar\/","title":{"rendered":"Pleno extraordinario del Ayuntamiento de G\u00e1ldar"},"content":{"rendered":"\r\n<figure class=\"wp-block-image size-large\"><img loading=\"lazy\" decoding=\"async\" width=\"1024\" height=\"728\" class=\"wp-image-3103\" src=\"https:\/\/nublo.tv\/wp-content\/uploads\/2026\/08\/image-20-1024x728.png\" alt=\"\" srcset=\"https:\/\/nublo.tv\/wp-content\/uploads\/2026\/08\/image-20-1024x728.png 1024w, https:\/\/nublo.tv\/wp-content\/uploads\/2026\/08\/image-20-300x213.png 300w, https:\/\/nublo.tv\/wp-content\/uploads\/2026\/08\/image-20-768x546.png 768w, https:\/\/nublo.tv\/wp-content\/uploads\/2026\/08\/image-20-1536x1091.png 1536w, https:\/\/nublo.tv\/wp-content\/uploads\/2026\/08\/image-20.png 2048w\" sizes=\"auto, (max-width: 1024px) 100vw, 1024px\" \/><\/figure>\r\n\r\n\r\n\r\n<p class=\"wp-block-paragraph\"><br \/>El Ayuntamiento de G\u00e1ldar<\/p>\r\n\r\n\r\n\r\n<p class=\"has-medium-font-size wp-block-paragraph\">aprueba su \u00faltima Cuenta General bajo la alcald\u00eda<\/p>\r\n\r\n\r\n\r\n<p class=\"has-medium-font-size wp-block-paragraph\">de Teodoro Sosa destacando \u00abpor la puerta<\/p>\r\n\r\n\r\n\r\n<p class=\"has-medium-font-size wp-block-paragraph\">grande\u00bb la eliminaci\u00f3n total de la deuda financiera<\/p>\r\n\r\n\r\n\r\n<p class=\"wp-block-paragraph\">&nbsp;<\/p>\r\n\r\n\r\n\r\n<p class=\"wp-block-paragraph\">G\u00e1ldar, 11 de agosto de 2026<\/p>\r\n\r\n\r\n\r\n<p class=\"wp-block-paragraph\">El Sal\u00f3n de Plenos del Ayuntamiento de G\u00e1ldar acogi\u00f3 a las 10:00 horas la sesi\u00f3n<\/p>\r\n\r\n\r\n\r\n<p class=\"wp-block-paragraph\">plenaria extraordinaria presidida por el alcalde, Teodoro Sosa, centrada en la aprobaci\u00f3n<\/p>\r\n\r\n\r\n\r\n<p class=\"wp-block-paragraph\">de las cuentas correspondientes al ejercicio 2025. El acto institucional transcurri\u00f3 con un<\/p>\r\n\r\n\r\n\r\n<p class=\"wp-block-paragraph\">tono de reconocimiento un\u00e1nime a la gesti\u00f3n econ\u00f3mica de las \u00faltimas dos d\u00e9cadas,<\/p>\r\n\r\n\r\n\r\n<p class=\"wp-block-paragraph\">sald\u00e1ndose con el respaldo del grupo de gobierno y la abstenci\u00f3n del grupo de la<\/p>\r\n\r\n\r\n\r\n<p class=\"wp-block-paragraph\">oposici\u00f3n.<\/p>\r\n\r\n\r\n\r\n<p class=\"wp-block-paragraph\">Hitos Principales<\/p>\r\n\r\n\r\n\r\n<p class=\"wp-block-paragraph\">Hito hist\u00f3rico: El consistorio ha transformado un escenario de 32 millones de<\/p>\r\n\r\n\r\n\r\n<p class=\"wp-block-paragraph\">euros de deuda en un modelo de solvencia que prev\u00e9 liquidar por completo sus<\/p>\r\n\r\n\r\n\r\n<p class=\"wp-block-paragraph\">compromisos financieros en la primavera de 2017.<\/p>\r\n\r\n\r\n\r\n<p class=\"wp-block-paragraph\">Gasto Social: El 77% del presupuesto se destina directamente a los vecinos<\/p>\r\n\r\n\r\n\r\n<p class=\"wp-block-paragraph\">(servicios p\u00fablicos, protecci\u00f3n social y bienes preferentes).<\/p>\r\n\r\n\r\n\r\n<p class=\"wp-block-paragraph\">Saneamiento: La p\u00f3liza de tesorer\u00eda fue cancelada definitivamente el pasado 16<\/p>\r\n\r\n\r\n\r\n<p class=\"wp-block-paragraph\">de julio de 2026.<\/p>\r\n\r\n\r\n\r\n<p class=\"wp-block-paragraph\">Detalles de la gesti\u00f3n<\/p>\r\n\r\n\r\n\r\n<p class=\"wp-block-paragraph\">La teniente de alcalde y concejala de Hacienda, Valeria Guerra, desgran\u00f3 los datos<\/p>\r\n\r\n\r\n\r\n<p class=\"wp-block-paragraph\">econ\u00f3micos, destacando el rendimiento de la empresa p\u00fablica municipal Galogra S.A.U.,<\/p>\r\n\r\n\r\n\r\n<p class=\"wp-block-paragraph\">que cerr\u00f3 con un resultado positivo de 77.099,49 euros. En cuanto a la entidad matriz, los<\/p>\r\n\r\n\r\n\r\n<p class=\"wp-block-paragraph\">ingresos ascendieron a 43.691.071 euros, manteni\u00e9ndose los gastos contenidos en<\/p>\r\n\r\n\r\n\r\n<p class=\"wp-block-paragraph\">42.440.300 euros.<\/p>\r\n\r\n\r\n\r\n<p class=\"wp-block-paragraph\">Sosa enfatiz\u00f3 que esta gesti\u00f3n demuestra que \u00abno todos los gobiernos ni las formas de<\/p>\r\n\r\n\r\n\r\n<p class=\"wp-block-paragraph\">gestionar son iguales\u00bb, agradeciendo el rigor del equipo de Hacienda. Por su parte, el<\/p>\r\n\r\n\r\n\r\n<p class=\"wp-block-paragraph\">portavoz de Unidos por Gran Canaria, Blas, felicit\u00f3 p\u00fablicamente al alcalde y al equipo deintervenci\u00f3n, se\u00f1alando: \u00abQuiero felicitarlo a usted personalmente, igual que a todo el<\/p>\r\n\r\n\r\n\r\n<p class=\"wp-block-paragraph\">grupo de intervenci\u00f3n, porque creo que se ha hecho una labor bien. Tener la buena noticia<\/p>\r\n\r\n\r\n\r\n<p class=\"wp-block-paragraph\">de que realmente en el 27 podamos tener ya la deuda liquidada, pues tiene que ser un<\/p>\r\n\r\n\r\n\r\n<p class=\"wp-block-paragraph\">orgullo para todos.\u00bb<\/p>\r\n\r\n\r\n\r\n<p class=\"wp-block-paragraph\">&nbsp;<\/p>\r\n","protected":false},"excerpt":{"rendered":"<p>El Ayuntamiento de G\u00e1ldar aprueba su \u00faltima Cuenta General bajo la alcald\u00eda de Teodoro Sosa destacando \u00abpor la puerta grande\u00bb la eliminaci\u00f3n total de la deuda financiera &nbsp; G\u00e1ldar, 11 de agosto de 2026 El Sal\u00f3n de Plenos del Ayuntamiento de G\u00e1ldar acogi\u00f3 a las 10:00 horas la sesi\u00f3n plenaria extraordinaria presidida por el alcalde, [&hellip;]<\/p>\n","protected":false},"author":1,"featured_media":3103,"comment_status":"open","ping_status":"open","sticky":false,"template":"","format":"standard","meta":{"wpai_generated_summary":"","wpai_meta_description":"","footnotes":""},"categories":[129,1],"tags":[],"class_list":["post-3099","post","type-post","status-publish","format-standard","has-post-thumbnail","hentry","category-ayuntamiento-de-galdar","category-opinion"],"_links":{"self":[{"href":"https:\/\/nublo.tv\/index.php\/wp-json\/wp\/v2\/posts\/3099","targetHints":{"allow":["GET"]}}],"collection":[{"href":"https:\/\/nublo.tv\/index.php\/wp-json\/wp\/v2\/posts"}],"about":[{"href":"https:\/\/nublo.tv\/index.php\/wp-json\/wp\/v2\/types\/post"}],"author":[{"embeddable":true,"href":"https:\/\/nublo.tv\/index.php\/wp-json\/wp\/v2\/users\/1"}],"replies":[{"embeddable":true,"href":"https:\/\/nublo.tv\/index.php\/wp-json\/wp\/v2\/comments?post=3099"}],"version-history":[{"count":5,"href":"https:\/\/nublo.tv\/index.php\/wp-json\/wp\/v2\/posts\/3099\/revisions"}],"predecessor-version":[{"id":3112,"href":"https:\/\/nublo.tv\/index.php\/wp-json\/wp\/v2\/posts\/3099\/revisions\/3112"}],"wp:featuredmedia":[{"embeddable":true,"href":"https:\/\/nublo.tv\/index.php\/wp-json\/wp\/v2\/media\/3103"}],"wp:attachment":[{"href":"https:\/\/nublo.tv\/index.php\/wp-json\/wp\/v2\/media?parent=3099"}],"wp:term":[{"taxonomy":"category","embeddable":true,"href":"https:\/\/nublo.tv\/index.php\/wp-json\/wp\/v2\/categories?post=3099"},{"taxonomy":"post_tag","embeddable":true,"href":"https:\/\/nublo.tv\/index.php\/wp-json\/wp\/v2\/tags?post=3099"}],"curies":[{"name":"wp","href":"https:\/\/api.w.org\/{rel}","templated":true}]}}