{"id":3105,"date":"2026-08-11T12:11:17","date_gmt":"2026-08-11T11:11:17","guid":{"rendered":"https:\/\/nublo.tv\/?p=3105"},"modified":"2026-08-27T12:35:27","modified_gmt":"2026-08-27T11:35:27","slug":"agotadas-las-citas-previas-para-la-unidad-movil-del-dni-y-pasaporte-del-25-de-agosto","status":"publish","type":"post","link":"https:\/\/nublo.tv\/index.php\/2026\/08\/11\/agotadas-las-citas-previas-para-la-unidad-movil-del-dni-y-pasaporte-del-25-de-agosto\/","title":{"rendered":"Agotadas las citas previas para la unidad m\u00f3vil del DNI y pasaporte del 25 de agosto"},"content":{"rendered":"<p>La unidad m\u00f3vil VIDOC de la Polic\u00eda Nacional para expedir DNI y pasaportes ha agotado las citas previas para el pr\u00f3ximo 25 de agosto. El servicio atender\u00e1 a un total de 35 personas en horario de 9:00 a 12:30 horas, en la unidad que se ubica junto a la Alameda P\u00edo XII, solo con cita previa<\/p>\n<p>La unidad VIDOC (Veh\u00edculo Integral de Documentaci\u00f3n) de la Polic\u00eda Nacional\u00a0inici\u00f3 su funcionamiento en octubre de 2025, itinerando por los municipios de Gran Canaria. Ha tenido una gran aceptaci\u00f3n en Teror acudiendo ya en varias ocasiones con una regularidad de unos dos veces al mes, ante la gran demanda por parte de la vecindad. Especialmente se ha tramitado renovaci\u00f3n de DNIs, pero tambi\u00e9n se realizan pasaportes y disponen de un Punto de Actualizaci\u00f3n de Documentos electr\u00f3nicos (PADS port\u00e1til), que permite realizar operaciones vinculadas al DNI electr\u00f3nico (DNIe).<\/p>\n<p class=\"p1\">El veh\u00edculo de la Unidad VIDOC est\u00e1 adaptado y dotado con el material t\u00e9cnico necesario para expedir tanto el DNI como el pasaporte en el acto, con los mismos niveles de seguridad y verificaci\u00f3n que en una comisar\u00eda.<\/p>\n<p><strong>DOCUMENTACI\u00d3N NECESARIA<\/strong><\/p>\n<p><strong>Renovaci\u00f3n de DNI:<\/strong><br \/>\n\u2013 DNI anterior.<br \/>\n\u2013 Foto tama\u00f1o carnet reciente, en color, con fondo blanco, liso y uniforme, centrada, de frente y sin gafas de cristales oscuros.<br \/>\n\u2013 Tasa: 12,00 euros (en efectivo o con tarjeta). Quedar\u00e1 exento del pago de la tasa en caso de familia numerosa (deber\u00e1 presentar tarjeta de familia numerosa en vigor, con c\u00f3digo de barras o QR, donde figure el solicitante del DNI).<br \/>\n\u2013 En caso de cambio de domicilio: Volante de Empadronamiento del Ayuntamiento (Caduca a los 3 meses).<br \/>\n\u2013 Adem\u00e1s, en el caso de menores de 14 a\u00f1os, deber\u00e1 acudir con uno de sus progenitores. Si el menor estuviera bajo la tutela del Gobierno de Canarias, deber\u00e1n acudir con autorizaci\u00f3n del mismo.<\/p>\n<p><strong>P\u00e9rdida\/Robo\/Deterioro de DNI<br \/>\n<\/strong>\u2013 DNI anterior en el caso de deterioro.<br \/>\n\u2013 Denuncia interpuesta ante las FFCC de Seguridad en el caso de robo.<br \/>\n\u2013 Denuncia, si se ha realizado, en caso de extrav\u00edo.<br \/>\n\u2013 Tasa: 12,00 euros (en efectivo o con tarjeta). Quedar\u00e1 exento del pago de la tasa en caso de familia numerosa (deber\u00e1 presentar tarjeta de familia numerosa en vigor, con c\u00f3digo de barras o QR, donde figure el solicitante del DNI).<br \/>\n\u2013 En caso de cambiar los datos de empadronamiento, pasar\u00e1 a ser una renovaci\u00f3n, debiendo aportar foto reciente y volante de empadronamiento.<br \/>\n\u2013 En caso de que el DNI est\u00e9 caducado o le quedan menos de 90 d\u00edas para caducar har\u00e1 falta foto reciente.<\/p>\n<p><strong>Expedici\u00f3n de PASAPORTE:<br \/>\n<\/strong>\u2013 DNI en vigor y en perfecto estado.<br \/>\n\u2013 Pasaporte anterior si lo tuviese.<br \/>\n\u2013 Foto tama\u00f1o carnet reciente, en color, con fondo blanco, liso y uniforme, centrada, de frente y sin gafas de cristales oscuros. Si la foto del DNI actual tiene menos de 2 a\u00f1os y no ha habido un gran cambio f\u00edsico, no es necesaria la foto.<br \/>\n\u2013 Adem\u00e1s, en el caso de menores de 18 a\u00f1os deber\u00e1n acudir ambos progenitores, presentando la documentaci\u00f3n de identificaci\u00f3n personal, en vigor y en perfecto estado de los 3 y el libro de familia.<br \/>\n\u2013 Tasa: 30,00 euros (en efectivo o con tarjeta). Quedar\u00e1 exento del pago de la tasa en caso de familia numerosa (deber\u00e1 presentar tarjeta de familia numerosa en vigor, con c\u00f3digo de barras o QR, donde figure el solicitante del DNI).<\/p>\n<p><strong>Extrav\u00edo\/Deterioro de PASAPORTE<\/strong><br \/>\n\u2013 DNI en VIGOR y en PERFECTO ESTADO.<br \/>\n\u2013 PASAPORTE anterior en el caso de deterioro.<br \/>\n\u2013 Denuncia interpuesta ante las FFCC de Seguridad en el caso de robo.<br \/>\n\u2013 Denuncia, si se ha realizado, en caso de extrav\u00edo.<br \/>\n\u2013\u00a0 Foto tama\u00f1o carnet reciente, en color, con fondo blanco, liso y uniforme, centrada, de frente y sin gafas de cristales oscuros. Si la foto del DNI actual tiene menos de 2 a\u00f1os y no ha habido un gran cambio f\u00edsico, no es necesaria la foto.<br \/>\n\u2013 Adem\u00e1s, en el caso de menores de 18 a\u00f1os deber\u00e1n acudir ambos progenitores, presentando la documentaci\u00f3n de identificaci\u00f3n personal, en vigor y en perfecto estado de los 3 y el libro de familia.<br \/>\n\u2013 Tasa: 30,00 euros (en efectivo o con tarjeta). Quedar\u00e1 exento del pago de la tasa en caso de familia numerosa (deber\u00e1 presentar tarjeta de familia numerosa en vigor, con c\u00f3digo de barras o QR, donde figure el solicitante del DNI).<\/p>\n","protected":false},"excerpt":{"rendered":"<p>La unidad m\u00f3vil VIDOC de la Polic\u00eda Nacional para expedir DNI y pasaportes ha agotado las citas previas para el pr\u00f3ximo 25 de agosto. El servicio atender\u00e1 a un total&hellip;<\/p>\n","protected":false},"author":1,"featured_media":3106,"comment_status":"open","ping_status":"open","sticky":false,"template":"","format":"standard","meta":{"wpai_generated_summary":"","wpai_meta_description":"","footnotes":""},"categories":[141],"tags":[],"class_list":["post-3105","post","type-post","status-publish","format-standard","has-post-thumbnail","hentry","category-ayuntamiento-de-teror"],"_links":{"self":[{"href":"https:\/\/nublo.tv\/index.php\/wp-json\/wp\/v2\/posts\/3105","targetHints":{"allow":["GET"]}}],"collection":[{"href":"https:\/\/nublo.tv\/index.php\/wp-json\/wp\/v2\/posts"}],"about":[{"href":"https:\/\/nublo.tv\/index.php\/wp-json\/wp\/v2\/types\/post"}],"author":[{"embeddable":true,"href":"https:\/\/nublo.tv\/index.php\/wp-json\/wp\/v2\/users\/1"}],"replies":[{"embeddable":true,"href":"https:\/\/nublo.tv\/index.php\/wp-json\/wp\/v2\/comments?post=3105"}],"version-history":[{"count":1,"href":"https:\/\/nublo.tv\/index.php\/wp-json\/wp\/v2\/posts\/3105\/revisions"}],"predecessor-version":[{"id":3110,"href":"https:\/\/nublo.tv\/index.php\/wp-json\/wp\/v2\/posts\/3105\/revisions\/3110"}],"wp:featuredmedia":[{"embeddable":true,"href":"https:\/\/nublo.tv\/index.php\/wp-json\/wp\/v2\/media\/3106"}],"wp:attachment":[{"href":"https:\/\/nublo.tv\/index.php\/wp-json\/wp\/v2\/media?parent=3105"}],"wp:term":[{"taxonomy":"category","embeddable":true,"href":"https:\/\/nublo.tv\/index.php\/wp-json\/wp\/v2\/categories?post=3105"},{"taxonomy":"post_tag","embeddable":true,"href":"https:\/\/nublo.tv\/index.php\/wp-json\/wp\/v2\/tags?post=3105"}],"curies":[{"name":"wp","href":"https:\/\/api.w.org\/{rel}","templated":true}]}}