{"id":3107,"date":"2026-08-11T12:11:20","date_gmt":"2026-08-11T11:11:20","guid":{"rendered":"https:\/\/nublo.tv\/?p=3107"},"modified":"2026-08-27T12:35:27","modified_gmt":"2026-08-27T11:35:27","slug":"el-infantil-inicio-ayer-la-pretemporada-2026-27-con-pablo-sanchez-al-frente","status":"publish","type":"post","link":"https:\/\/nublo.tv\/index.php\/2026\/08\/11\/el-infantil-inicio-ayer-la-pretemporada-2026-27-con-pablo-sanchez-al-frente\/","title":{"rendered":"El Infantil inici\u00f3 ayer la pretemporada 2026\/27 con Pablo S\u00e1nchez al frente"},"content":{"rendered":"<p>La principal novedad del conjunto amarillo estar\u00e1 en el banquillo, con Pablo S\u00e1nchez asumiendo el cargo de primer entrenador en su nueva etapa dentro de la cantera de la UD Las Palmas.<\/p>\n<p>La plantilla mantiene una importante continuidad respecto al pasado curso, ya que el 70 % de los jugadores proceden del Infantil Fundaci\u00f3n, dando continuidad al proceso formativo de una generaci\u00f3n que afronta ahora un nuevo reto dentro de su evoluci\u00f3n como futbolistas.<\/p>\n<p>El equipo comenzar\u00e1 pr\u00f3ximamente su preparaci\u00f3n de cara a la temporada 2026\/27, con el objetivo de seguir creciendo tanto a nivel deportivo como personal y continuar avanzando dentro de la metodolog\u00eda y los valores que identifican a la cantera amarilla.<\/p>\n<p>Cuerpo t\u00e9cnico:<\/p>\n<p>Pablo S\u00e1nchez \u2013 Primer entrenador<br \/>\nJos\u00e9 Alem\u00e1n \u2013 Segundo entrenador<br \/>\nGuillermo Hern\u00e1ndez \u2013 T\u00e9cnico asistente<br \/>\nJos\u00e9 Gonz\u00e1lez \u2013 Preparador de porteros<br \/>\nSanti Alem\u00e1n \u2013 Readaptador<br \/>\nV\u00edctor Pons \u2013 M\u00e9dico<br \/>\nPachi Naranjo \u2013 Psic\u00f3logo<br \/>\nJuan Ferrer \u2013 Coach mental<br \/>\nMario Ortega \u2013 Fisioterapeuta<br \/>\nDaniel Su\u00e1rez \u2013 Nutricionista<br \/>\nSamuel Rodr\u00edguez \u2013 Encargado de material<br \/>\nLeonardo Gil \u2013 Encargado de material<br \/>\nJosu\u00e9 Castellano \u2013 Encargado de material<br \/>\nAlfonso Castellano \u2013 Delegado de equipo<br \/>\nArturo P\u00e9rez \u2013 Coordinador de etapa<br \/>\nEl Infantil afronta as\u00ed una nueva temporada con la ilusi\u00f3n de seguir formando futbolistas y personas, consolidando el trabajo realizado desde las categor\u00edas de iniciaci\u00f3n y dando nuevos pasos en el camino de crecimiento de sus jugadores.<\/p>\n","protected":false},"excerpt":{"rendered":"<p>El Infantil de la UD Las Palmas ha celebrado la presentaci\u00f3n oficial de la plantilla y del cuerpo t\u00e9cnico para la temporada 2026\/27, dando as\u00ed el pistoletazo de salida a&hellip;<\/p>\n","protected":false},"author":1,"featured_media":3108,"comment_status":"open","ping_status":"open","sticky":false,"template":"","format":"standard","meta":{"wpai_generated_summary":"","wpai_meta_description":"","footnotes":""},"categories":[122],"tags":[],"class_list":["post-3107","post","type-post","status-publish","format-standard","has-post-thumbnail","hentry","category-deportes"],"_links":{"self":[{"href":"https:\/\/nublo.tv\/index.php\/wp-json\/wp\/v2\/posts\/3107","targetHints":{"allow":["GET"]}}],"collection":[{"href":"https:\/\/nublo.tv\/index.php\/wp-json\/wp\/v2\/posts"}],"about":[{"href":"https:\/\/nublo.tv\/index.php\/wp-json\/wp\/v2\/types\/post"}],"author":[{"embeddable":true,"href":"https:\/\/nublo.tv\/index.php\/wp-json\/wp\/v2\/users\/1"}],"replies":[{"embeddable":true,"href":"https:\/\/nublo.tv\/index.php\/wp-json\/wp\/v2\/comments?post=3107"}],"version-history":[{"count":1,"href":"https:\/\/nublo.tv\/index.php\/wp-json\/wp\/v2\/posts\/3107\/revisions"}],"predecessor-version":[{"id":3111,"href":"https:\/\/nublo.tv\/index.php\/wp-json\/wp\/v2\/posts\/3107\/revisions\/3111"}],"wp:featuredmedia":[{"embeddable":true,"href":"https:\/\/nublo.tv\/index.php\/wp-json\/wp\/v2\/media\/3108"}],"wp:attachment":[{"href":"https:\/\/nublo.tv\/index.php\/wp-json\/wp\/v2\/media?parent=3107"}],"wp:term":[{"taxonomy":"category","embeddable":true,"href":"https:\/\/nublo.tv\/index.php\/wp-json\/wp\/v2\/categories?post=3107"},{"taxonomy":"post_tag","embeddable":true,"href":"https:\/\/nublo.tv\/index.php\/wp-json\/wp\/v2\/tags?post=3107"}],"curies":[{"name":"wp","href":"https:\/\/api.w.org\/{rel}","templated":true}]}}