{"id":3115,"date":"2026-08-11T12:52:18","date_gmt":"2026-08-11T11:52:18","guid":{"rendered":"https:\/\/nublo.tv\/?p=3115"},"modified":"2026-08-27T12:35:27","modified_gmt":"2026-08-27T11:35:27","slug":"la-imagen-de-san-lorenzo-recorre-el-pueblo-en-la-tradicional-procesion-de-su-dia-grande","status":"publish","type":"post","link":"https:\/\/nublo.tv\/index.php\/2026\/08\/11\/la-imagen-de-san-lorenzo-recorre-el-pueblo-en-la-tradicional-procesion-de-su-dia-grande\/","title":{"rendered":"La imagen de San Lorenzo recorre el pueblo en la tradicional procesi\u00f3n de su d\u00eda grande"},"content":{"rendered":"<p>Las Palmas de Gran Canaria, 10 de agosto de 2026. <\/p>\n<p>La alcaldesa de Las Palmas de Gran Canaria, Carolina Darias, ha asistido este lunes a la tradicional procesi\u00f3n en honor a San Lorenzo, celebrada con motivo del d\u00eda grande de las fiestas del pueblo.<\/p>\n<p>Darias estuvo acompa\u00f1ada por la concejala de Igualdad, Participaci\u00f3n Ciudadana y Fiestas, Betsaida Gonz\u00e1lez; la concejala del distrito Tamaraceite \u2013 San Lorenzo &#8211; Tenoya, Esther Mart\u00edn; as\u00ed como otros miembros de la corporaci\u00f3n municipal.<\/p>\n<p>La tradicional procesi\u00f3n, acto religioso incluido en el programa festivo de San Lorenzo, ha ampliado este a\u00f1o su recorrido, que se extiende desde el puente del Barranco de San Lorenzo hasta el puente del Barranco del Pintor, dentro de una programaci\u00f3n que re\u00fane m\u00e1s de medio centenar de actos populares, religiosos, culturales y de ocio.<\/p>\n<p>Las Fiestas de San Lorenzo, declaradas Fiesta de la Ciudad y Fiesta de Inter\u00e9s Tur\u00edstico de Canarias, constituyen una de las celebraciones con mayor tradici\u00f3n y arraigo del municipio y re\u00fanen cada mes de agosto a numerosos vecinos, vecinas y visitantes en torno a sus actos populares, culturales y religiosos.<\/p>\n","protected":false},"excerpt":{"rendered":"<p>La alcaldesa de Las Palmas de Gran Canaria, Carolina Darias, ha asistido este lunes a la tradicional procesi\u00f3n en honor a San Lorenzo, celebrada con motivo del d\u00eda grande de&hellip;<\/p>\n","protected":false},"author":1,"featured_media":3116,"comment_status":"open","ping_status":"open","sticky":false,"template":"","format":"standard","meta":{"wpai_generated_summary":"","wpai_meta_description":"","footnotes":""},"categories":[132],"tags":[],"class_list":["post-3115","post","type-post","status-publish","format-standard","has-post-thumbnail","hentry","category-ayuntamiento-de-las-palmas-de-gran-canaria"],"_links":{"self":[{"href":"https:\/\/nublo.tv\/index.php\/wp-json\/wp\/v2\/posts\/3115","targetHints":{"allow":["GET"]}}],"collection":[{"href":"https:\/\/nublo.tv\/index.php\/wp-json\/wp\/v2\/posts"}],"about":[{"href":"https:\/\/nublo.tv\/index.php\/wp-json\/wp\/v2\/types\/post"}],"author":[{"embeddable":true,"href":"https:\/\/nublo.tv\/index.php\/wp-json\/wp\/v2\/users\/1"}],"replies":[{"embeddable":true,"href":"https:\/\/nublo.tv\/index.php\/wp-json\/wp\/v2\/comments?post=3115"}],"version-history":[{"count":1,"href":"https:\/\/nublo.tv\/index.php\/wp-json\/wp\/v2\/posts\/3115\/revisions"}],"predecessor-version":[{"id":3121,"href":"https:\/\/nublo.tv\/index.php\/wp-json\/wp\/v2\/posts\/3115\/revisions\/3121"}],"wp:featuredmedia":[{"embeddable":true,"href":"https:\/\/nublo.tv\/index.php\/wp-json\/wp\/v2\/media\/3116"}],"wp:attachment":[{"href":"https:\/\/nublo.tv\/index.php\/wp-json\/wp\/v2\/media?parent=3115"}],"wp:term":[{"taxonomy":"category","embeddable":true,"href":"https:\/\/nublo.tv\/index.php\/wp-json\/wp\/v2\/categories?post=3115"},{"taxonomy":"post_tag","embeddable":true,"href":"https:\/\/nublo.tv\/index.php\/wp-json\/wp\/v2\/tags?post=3115"}],"curies":[{"name":"wp","href":"https:\/\/api.w.org\/{rel}","templated":true}]}}