{"id":3117,"date":"2026-08-11T12:52:25","date_gmt":"2026-08-11T11:52:25","guid":{"rendered":"https:\/\/nublo.tv\/?p=3117"},"modified":"2026-08-27T12:35:27","modified_gmt":"2026-08-27T11:35:27","slug":"plazo-de-inscripcion-abierto-para-la-fase-autonomica-de-la-copa-federacion-2026-27","status":"publish","type":"post","link":"https:\/\/nublo.tv\/index.php\/2026\/08\/11\/plazo-de-inscripcion-abierto-para-la-fase-autonomica-de-la-copa-federacion-2026-27\/","title":{"rendered":"Plazo de inscripci\u00f3n abierto para la fase auton\u00f3mica de la Copa Federaci\u00f3n 2026\/27"},"content":{"rendered":"<p>Se repartir\u00e1n 3.000 euros en premios para los finalistas.<\/p>\n<p>La Federaci\u00f3n Canaria de F\u00fatbol ha publicado la Circular n\u00ba 01 correspondiente a la temporada 2026\/27, en la que se convoca de manera oficial la apertura del plazo para los equipos de las islas que deseen participar voluntariamente en la fase auton\u00f3mica de la Copa Federaci\u00f3n.<\/p>\n<p>Esta competici\u00f3n est\u00e1 dirigida a aquellos clubes masculinos con sede social en Canarias que hayan militado durante la campa\u00f1a 2025\/26 en las categor\u00edas de Segunda Federaci\u00f3n, Tercera Federaci\u00f3n o Categor\u00eda Preferente (tanto en la Regional Preferente de la FIFLP como en la Interinsular Preferente de la FIFT). No obstante, la normativa excluye expl\u00edcitamente de la participaci\u00f3n a los equipos filiales o dependientes, as\u00ed como a aquellos conjuntos que ya tengan asegurada su presencia en la pr\u00f3xima edici\u00f3n de la Copa de S.M. el Rey.<\/p>\n<p>Los clubes interesados en formalizar su plaza dispondr\u00e1n hasta las 23:59 horas del lunes 10 de agosto de 2026 para tramitar la solicitud. El procedimiento deber\u00e1 llevarse a cabo exclusivamente a trav\u00e9s del Gestor de Correo Federativo en la plataforma NOVANET SM. Para ello, los representantes de cada entidad deber\u00e1n ingresar en el perfil \u00abAUTON\u00d3MICO NACIONAL\u00bb, dirigirse a la ruta Federaci\u00f3n &gt; Correo Interno Web &gt; Nuevo Correo y redactar un mensaje dirigido al departamento de Competiciones manifestando de forma expresa su deseo de inscribirse, indicando en el asunto el texto: Inscripci\u00f3n Copa Federaci\u00f3n Club [Nombre del club].<\/p>\n<p>Respecto a las condiciones econ\u00f3micas y de log\u00edstica, la FCF informa de que esta fase regional no se encuentra cubierta por el Protocolo de Desplazamientos del Gobierno de Canarias, por lo que cada club participante deber\u00e1 asumir \u00edntegramente los costes asociados a sus trayectos interinsulares. En contrapartida, conforme a lo acordado en la Junta de Gobierno del pasado 5 de agosto de 2026, la organizaci\u00f3n ha fijado una asignaci\u00f3n econ\u00f3mica directa para los dos conjuntos que alcancen la final, otorgando un premio de 2.000 euros para el equipo que se proclame campe\u00f3n y 1.000 euros para el subcampe\u00f3n.<\/p>\n","protected":false},"excerpt":{"rendered":"<p>Se repartir\u00e1n 3.000 euros en premios para los finalistas &#8211; Federaci\u00f3n de F\u00fatbol de Las Palmas<\/p>\n","protected":false},"author":1,"featured_media":3118,"comment_status":"open","ping_status":"open","sticky":false,"template":"","format":"standard","meta":{"wpai_generated_summary":"","wpai_meta_description":"","footnotes":""},"categories":[122],"tags":[],"class_list":["post-3117","post","type-post","status-publish","format-standard","has-post-thumbnail","hentry","category-deportes"],"_links":{"self":[{"href":"https:\/\/nublo.tv\/index.php\/wp-json\/wp\/v2\/posts\/3117","targetHints":{"allow":["GET"]}}],"collection":[{"href":"https:\/\/nublo.tv\/index.php\/wp-json\/wp\/v2\/posts"}],"about":[{"href":"https:\/\/nublo.tv\/index.php\/wp-json\/wp\/v2\/types\/post"}],"author":[{"embeddable":true,"href":"https:\/\/nublo.tv\/index.php\/wp-json\/wp\/v2\/users\/1"}],"replies":[{"embeddable":true,"href":"https:\/\/nublo.tv\/index.php\/wp-json\/wp\/v2\/comments?post=3117"}],"version-history":[{"count":1,"href":"https:\/\/nublo.tv\/index.php\/wp-json\/wp\/v2\/posts\/3117\/revisions"}],"predecessor-version":[{"id":3123,"href":"https:\/\/nublo.tv\/index.php\/wp-json\/wp\/v2\/posts\/3117\/revisions\/3123"}],"wp:featuredmedia":[{"embeddable":true,"href":"https:\/\/nublo.tv\/index.php\/wp-json\/wp\/v2\/media\/3118"}],"wp:attachment":[{"href":"https:\/\/nublo.tv\/index.php\/wp-json\/wp\/v2\/media?parent=3117"}],"wp:term":[{"taxonomy":"category","embeddable":true,"href":"https:\/\/nublo.tv\/index.php\/wp-json\/wp\/v2\/categories?post=3117"},{"taxonomy":"post_tag","embeddable":true,"href":"https:\/\/nublo.tv\/index.php\/wp-json\/wp\/v2\/tags?post=3117"}],"curies":[{"name":"wp","href":"https:\/\/api.w.org\/{rel}","templated":true}]}}