{"id":3119,"date":"2026-08-11T12:52:14","date_gmt":"2026-08-11T11:52:14","guid":{"rendered":"https:\/\/nublo.tv\/?p=3119"},"modified":"2026-08-27T12:35:27","modified_gmt":"2026-08-27T11:35:27","slug":"el-cabildo-mejora-la-conexion-en-transporte-publico-del-alumnado-de-mogan-con-el-ies-de-arguineguin","status":"publish","type":"post","link":"https:\/\/nublo.tv\/index.php\/2026\/08\/11\/el-cabildo-mejora-la-conexion-en-transporte-publico-del-alumnado-de-mogan-con-el-ies-de-arguineguin\/","title":{"rendered":"El Cabildo mejora la conexio\u0301n en transporte pu\u0301blico del alumnado de Moga\u0301n con el IES de Arguinegui\u0301n"},"content":{"rendered":"<p>El Cabildo mejora la conexi\u00f3n en transporte p\u00fablico del alumnado de Mog\u00e1n con el IES de Arguinegu\u00edn\u00a0La Autoridad \u00danica del Transporte de Gran Canaria adapta a partir de septiembre dos servicios de la l\u00ednea 84 entre Mog\u00e1n y Puerto de Mog\u00e1n para adecuarlos al nuevo horario lectivoGran Canaria, 11 de agosto de 2026.- El Cabildo de Gran Canaria, a trav\u00e9s de la Autoridad \u00danica del Transporte de Gran Canaria (AUTGC), ajustar\u00e1 a partir del pr\u00f3ximo mes de septiembre los horarios de dos de los servicios de la l\u00ednea 84, que conectan Mog\u00e1n con Puerto de Mog\u00e1n, con el objetivo de mejorar los desplazamientos del alumnado del municipio que acude al IES de Arguinegu\u00edn y adaptar el servicio de transporte p\u00fablico a la nueva organizaci\u00f3n horaria del centro educativo para el curso 2026-2027.La medida ha sido adoptada por la AUTGC, organismo dependiente de la Consejer\u00eda de Presidencia y Movilidad del Cabildo de Gran Canaria, dirigida por Teodoro Sosa, a ra\u00edz de una solicitud planteada por el IES de Arguinegu\u00edn para adecuar las conexiones de transporte a las necesidades de su alumnado.En concreto, el trayecto de la l\u00ednea 84 que actualmente parte de Mog\u00e1n a las 7:10 horas en direcci\u00f3n a Puerto de Mog\u00e1n adelantar\u00e1 su salida a las 6:55 horas. Este cambio permitir\u00e1 al alumnado enlazar con la expedici\u00f3n de las 7:15 horas de la l\u00ednea 91, que conecta Puerto de Mog\u00e1n con Las Palmas de Gran Canaria, y continuar su desplazamiento hasta el centro educativo.Asimismo, la salida de regreso de la l\u00ednea 84 que sale de Puerto de Mog\u00e1n hacia Mog\u00e1n a las 15:20 horas adelantar\u00e1 su horario diez minutos, hasta las 15:10 horas, facilitando as\u00ed el retorno del alumnado una vez finalizada la jornada lectiva.La adaptaci\u00f3n responde a la reorganizaci\u00f3n del horario planteada por el IES de Arguinegu\u00edn y permitir\u00e1 que el alumnado procedente de Mog\u00e1n pueda llegar al centro con la antelaci\u00f3n necesaria para hacer compatible el transporte p\u00fablico con el adelanto de la jornada escolar.Al mismo tiempo, la mejora de la coordinaci\u00f3n entre las l\u00edneas 84 y 91 permitir\u00e1 reducir los tiempos de espera y, con ello, el tiempo total que los estudiantes permanecen fuera de sus domicilios como consecuencia de los desplazamientos diarios al centro educativo.Con esta actuaci\u00f3n, el Cabildo de Gran Canaria contin\u00faa adaptando la oferta de transporte p\u00fablico a las necesidades reales de la ciudadan\u00eda y, en este caso, de la comunidad educativa, mejorando la coordinaci\u00f3n entre servicios y favoreciendo una movilidad m\u00e1s eficiente para el alumnado del municipio de Mog\u00e1n.<\/p>\n<p>Buenos d\u00edas compa\u00f1eros\/as.<\/p>\n<p>El Cabildo mejora la conexi\u00f3n en transporte p\u00fablico del alumnado de Mog\u00e1n con el IES de Arguinegu\u00edn\u00a0La Autoridad \u00danica del Transporte de Gran Canaria adapta a partir de septiembre dos servicios de la l\u00ednea 84 entre Mog\u00e1n y Puerto de Mog\u00e1n para adecuarlos al nuevo horario lectivoGran Canaria, 11 de agosto de 2026.- El Cabildo de Gran Canaria, a trav\u00e9s de la Autoridad \u00danica del Transporte de Gran Canaria (AUTGC), ajustar\u00e1 a partir del pr\u00f3ximo mes de septiembre los horarios de dos de los servicios de la l\u00ednea 84, que conectan Mog\u00e1n con Puerto de Mog\u00e1n, con el objetivo de mejorar los desplazamientos del alumnado del municipio que acude al IES de Arguinegu\u00edn y adaptar el servicio de transporte p\u00fablico a la nueva organizaci\u00f3n horaria del centro educativo para el curso 2026-2027.La medida ha sido adoptada por la AUTGC, organismo dependiente de la Consejer\u00eda de Presidencia y Movilidad del Cabildo de Gran Canaria, dirigida por Teodoro Sosa, a ra\u00edz de una solicitud planteada por el IES de Arguinegu\u00edn para adecuar las conexiones de transporte a las necesidades de su alumnado.En concreto, el trayecto de la l\u00ednea 84 que actualmente parte de Mog\u00e1n a las 7:10 horas en direcci\u00f3n a Puerto de Mog\u00e1n adelantar\u00e1 su salida a las 6:55 horas. Este cambio permitir\u00e1 al alumnado enlazar con la expedici\u00f3n de las 7:15 horas de la l\u00ednea 91, que conecta Puerto de Mog\u00e1n con Las Palmas de Gran Canaria, y continuar su desplazamiento hasta el centro educativo.Asimismo, la salida de regreso de la l\u00ednea 84 que sale de Puerto de Mog\u00e1n hacia Mog\u00e1n a las 15:20 horas adelantar\u00e1 su horario diez minutos, hasta las 15:10 horas, facilitando as\u00ed el retorno del alumnado una vez finalizada la jornada lectiva.La adaptaci\u00f3n responde a la reorganizaci\u00f3n del horario planteada por el IES de Arguinegu\u00edn y permitir\u00e1 que el alumnado procedente de Mog\u00e1n pueda llegar al centro con la antelaci\u00f3n necesaria para hacer compatible el transporte p\u00fablico con el adelanto de la jornada escolar.Al mismo tiempo, la mejora de la coordinaci\u00f3n entre las l\u00edneas 84 y 91 permitir\u00e1 reducir los tiempos de espera y, con ello, el tiempo total que los estudiantes permanecen fuera de sus domicilios como consecuencia de los desplazamientos diarios al centro educativo.Con esta actuaci\u00f3n, el Cabildo de Gran Canaria contin\u00faa adaptando la oferta de transporte p\u00fablico a las necesidades reales de la ciudadan\u00eda y, en este caso, de la comunidad educativa, mejorando la coordinaci\u00f3n entre servicios y favoreciendo una movilidad m\u00e1s eficiente para el alumnado del municipio de Mog\u00e1n.<\/p>\n<p>El Cabildo mejora la conexi\u00f3n en transporte p\u00fablico del alumnado de Mog\u00e1n con el IES de Arguinegu\u00edn\u00a0<\/p>\n<p>La Autoridad \u00danica del Transporte de Gran Canaria adapta a partir de septiembre dos servicios de la l\u00ednea 84 entre Mog\u00e1n y Puerto de Mog\u00e1n para adecuarlos al nuevo horario lectivo<\/p>\n<p>Gran Canaria, 11 de agosto de 2026.- El Cabildo de Gran Canaria, a trav\u00e9s de la Autoridad \u00danica del Transporte de Gran Canaria (AUTGC), ajustar\u00e1 a partir del pr\u00f3ximo mes de septiembre los horarios de dos de los servicios de la l\u00ednea 84, que conectan Mog\u00e1n con Puerto de Mog\u00e1n, con el objetivo de mejorar los desplazamientos del alumnado del municipio que acude al IES de Arguinegu\u00edn y adaptar el servicio de transporte p\u00fablico a la nueva organizaci\u00f3n horaria del centro educativo para el curso 2026-2027.<\/p>\n<p>La medida ha sido adoptada por la AUTGC, organismo dependiente de la Consejer\u00eda de Presidencia y Movilidad del Cabildo de Gran Canaria, dirigida por Teodoro Sosa, a ra\u00edz de una solicitud planteada por el IES de Arguinegu\u00edn para adecuar las conexiones de transporte a las necesidades de su alumnado.<\/p>\n<p>En concreto, el trayecto de la l\u00ednea 84 que actualmente parte de Mog\u00e1n a las 7:10 horas en direcci\u00f3n a Puerto de Mog\u00e1n adelantar\u00e1 su salida a las 6:55 horas. Este cambio permitir\u00e1 al alumnado enlazar con la expedici\u00f3n de las 7:15 horas de la l\u00ednea 91, que conecta Puerto de Mog\u00e1n con Las Palmas de Gran Canaria, y continuar su desplazamiento hasta el centro educativo.<\/p>\n<p>Asimismo, la salida de regreso de la l\u00ednea 84 que sale de Puerto de Mog\u00e1n hacia Mog\u00e1n a las 15:20 horas adelantar\u00e1 su horario diez minutos, hasta las 15:10 horas, facilitando as\u00ed el retorno del alumnado una vez finalizada la jornada lectiva.<\/p>\n<p>La adaptaci\u00f3n responde a la reorganizaci\u00f3n del horario planteada por el IES de Arguinegu\u00edn y permitir\u00e1 que el alumnado procedente de Mog\u00e1n pueda llegar al centro con la antelaci\u00f3n necesaria para hacer compatible el transporte p\u00fablico con el adelanto de la jornada escolar.<\/p>\n<p>Al mismo tiempo, la mejora de la coordinaci\u00f3n entre las l\u00edneas 84 y 91 permitir\u00e1 reducir los tiempos de espera y, con ello, el tiempo total que los estudiantes permanecen fuera de sus domicilios como consecuencia de los desplazamientos diarios al centro educativo.<\/p>\n<p>Con esta actuaci\u00f3n, el Cabildo de Gran Canaria contin\u00faa adaptando la oferta de transporte p\u00fablico a las necesidades reales de la ciudadan\u00eda y, en este caso, de la comunidad educativa, mejorando la coordinaci\u00f3n entre servicios y favoreciendo una movilidad m\u00e1s eficiente para el alumnado del municipio de Mog\u00e1n.<\/p>\n","protected":false},"excerpt":{"rendered":"<p>Buenos d\u00edas compa\u00f1eros\/as.El Cabildo mejora la conexi\u00f3n en transporte p\u00fablico del alumnado de Mog\u00e1n con el IES de Arguinegu\u00edn\u00a0La Autoridad \u00danica del Transporte de Gran Canaria adapta a partir de&hellip;<\/p>\n","protected":false},"author":1,"featured_media":2966,"comment_status":"open","ping_status":"open","sticky":false,"template":"","format":"standard","meta":{"wpai_generated_summary":"","wpai_meta_description":"","footnotes":""},"categories":[148],"tags":[],"class_list":["post-3119","post","type-post","status-publish","format-standard","has-post-thumbnail","hentry","category-cabildo-de-gran-canaria"],"_links":{"self":[{"href":"https:\/\/nublo.tv\/index.php\/wp-json\/wp\/v2\/posts\/3119","targetHints":{"allow":["GET"]}}],"collection":[{"href":"https:\/\/nublo.tv\/index.php\/wp-json\/wp\/v2\/posts"}],"about":[{"href":"https:\/\/nublo.tv\/index.php\/wp-json\/wp\/v2\/types\/post"}],"author":[{"embeddable":true,"href":"https:\/\/nublo.tv\/index.php\/wp-json\/wp\/v2\/users\/1"}],"replies":[{"embeddable":true,"href":"https:\/\/nublo.tv\/index.php\/wp-json\/wp\/v2\/comments?post=3119"}],"version-history":[{"count":1,"href":"https:\/\/nublo.tv\/index.php\/wp-json\/wp\/v2\/posts\/3119\/revisions"}],"predecessor-version":[{"id":3120,"href":"https:\/\/nublo.tv\/index.php\/wp-json\/wp\/v2\/posts\/3119\/revisions\/3120"}],"wp:featuredmedia":[{"embeddable":true,"href":"https:\/\/nublo.tv\/index.php\/wp-json\/wp\/v2\/media\/2966"}],"wp:attachment":[{"href":"https:\/\/nublo.tv\/index.php\/wp-json\/wp\/v2\/media?parent=3119"}],"wp:term":[{"taxonomy":"category","embeddable":true,"href":"https:\/\/nublo.tv\/index.php\/wp-json\/wp\/v2\/categories?post=3119"},{"taxonomy":"post_tag","embeddable":true,"href":"https:\/\/nublo.tv\/index.php\/wp-json\/wp\/v2\/tags?post=3119"}],"curies":[{"name":"wp","href":"https:\/\/api.w.org\/{rel}","templated":true}]}}