{"id":312,"date":"2026-08-04T17:19:27","date_gmt":"2026-08-04T16:19:27","guid":{"rendered":"https:\/\/nublo.tv\/?p=312"},"modified":"2026-08-04T17:19:27","modified_gmt":"2026-08-04T16:19:27","slug":"el-ayuntamiento-recuerda-extremar-las-precauciones-ante-la-alerta-maxima-por-riesgo-de-incendios-forestales","status":"publish","type":"post","link":"https:\/\/nublo.tv\/index.php\/2026\/08\/04\/el-ayuntamiento-recuerda-extremar-las-precauciones-ante-la-alerta-maxima-por-riesgo-de-incendios-forestales\/","title":{"rendered":"El Ayuntamiento recuerda extremar las precauciones ante la alerta m\u00e1xima por riesgo de incendios forestales"},"content":{"rendered":"<p><strong>La situaci\u00f3n meteorol\u00f3gica fue declarada desde las 11:00 horas de este lunes 3 de agosto y afecta a Teror al encontrarse por encima de la cota de 400 metros sobre el nivel del mar.\u00a0<\/strong><\/p>\n<p>El Ayuntamiento de Teror recuerda a la poblaci\u00f3n que estamos en alerta m\u00e1xima por incendios forestales en Gran Canaria, por encima de la cota de 400 metros sobre el nivel del mar, por lo que afecta al municipio de Teror, y se solicita extremar las precauciones. El resto de la isla permanece en situaci\u00f3n de prealerta.<\/p>\n<p>Atendiendo a las indicaciones de la \u00a0Direcci\u00f3n del Plan de Prevenci\u00f3n y Extinci\u00f3n de Incendios Forestales de Gran Canaria-INFOGRAN, sobre la base de la predicci\u00f3n de la AEMET y en aplicaci\u00f3n de la actualizaci\u00f3n de la situaci\u00f3n por riesgo de incendios forestales (INFOCA), SE PROHIBEN LAS SIGUIENTES ACTIVIDADES:<br \/>\n1.- <strong>Fuego en espacios abiertos.<\/strong> \u2013 Encender fuego en todo tipo de espacios abiertos.<br \/>\n2.- <strong>\u00c1reas Recreativas, Zonas de Acampada, Albergues y zonas de descanso de la red de carreteras \u2013<\/strong> Se cierran todas las \u00e1reas recreativas, zonas de acampada, albergues y zonas de descanso de la red de carreteras.<br \/>\n3.- <strong>Zona de Acampada de Llanos de la Mimbre y \u00c1rea Recreativa de Tamadaba.<\/strong> \u2013<br \/>\nSe proh\u00edbe el acceso rodado y a pie por la GC-216, excepto vecinos y servicios p\u00fablicos, as\u00ed como el uso de la Zona de Acampada de Llanos de la Mimbre y Area Recreativa de Tamadaba.<br \/>\n4.- <strong>Quemas agr\u00edcolas o forestales.<\/strong> \u2013 La suspensi\u00f3n temporal, en tanto se mantenga el referido riesgo, de todas las autorizaciones concedidas de quema de rastrojos, de pastos permanentes, de restos de poda, y de restos selv\u00edcolas.<br \/>\n5.- <strong>Fuegos artificiales.<\/strong> \u2013 La introducci\u00f3n y uso de material pirot\u00e9cnico.<br \/>\n6.- <strong>Maquinaria.<\/strong> \u2013 La utilizaci\u00f3n de maquinaria y equipos en los montes y en las \u00e1reas rurales situadas en una franja de 400 metros alrededor de aquellos, cuyo funcionamiento genere deflagraci\u00f3n, chispas o descargas el\u00e9ctricas, seg\u00fan aclaraci\u00f3n del apartado cuarto.<br \/>\n7.- <strong>Carboneo y apicultura.<\/strong> Se proh\u00edbe la actividad de carboneo, y el uso de fuego en la apicultura.<br \/>\n8.- <strong>Acceso y tr\u00e1nsito.<\/strong> Se proh\u00edbe el acceso y tr\u00e1nsito por montes y terrenos forestales, incluyendo pistas y senderos, por razones meteorol\u00f3gicas y de riesgo de incendio, salvo residentes, servicios p\u00fablicos y personal de vigilancia, prevenci\u00f3n y extinci\u00f3n de incendios, as\u00ed como la actividad de pastoreo.<br \/>\n9.- <strong>Objetos de combusti\u00f3n.<\/strong> \u2013 Arrojar o abandonar objetos en combusti\u00f3n o cualquier clase de material susceptible de originar un incendio.<br \/>\n10.- <strong>Actividad cineg\u00e9tica<\/strong>. \u2013 La suspensi\u00f3n temporal del ejercicio de la caza en toda la isla.<\/p>\n<p class=\"placeholder\">\n                                [ Placeholder content for popup link ]<br \/>\n                                <a href=\"https:\/\/www.wpdownloadmanager.com\/\">WordPress Download Manager &#8211; Best Download Management Plugin<\/a>\n                            <\/p>\n","protected":false},"excerpt":{"rendered":"<p>La situaci\u00f3n meteorol\u00f3gica fue declarada desde las 11:00 horas de este lunes 3 de agosto y afecta a Teror al encontrarse por encima de la cota de 400 metros sobre&hellip;<\/p>\n","protected":false},"author":21,"featured_media":314,"comment_status":"open","ping_status":"open","sticky":false,"template":"","format":"standard","meta":{"wpai_generated_summary":"","wpai_meta_description":"","footnotes":""},"categories":[141],"tags":[],"class_list":["post-312","post","type-post","status-publish","format-standard","has-post-thumbnail","hentry","category-ayuntamiento-de-teror"],"_links":{"self":[{"href":"https:\/\/nublo.tv\/index.php\/wp-json\/wp\/v2\/posts\/312","targetHints":{"allow":["GET"]}}],"collection":[{"href":"https:\/\/nublo.tv\/index.php\/wp-json\/wp\/v2\/posts"}],"about":[{"href":"https:\/\/nublo.tv\/index.php\/wp-json\/wp\/v2\/types\/post"}],"author":[{"embeddable":true,"href":"https:\/\/nublo.tv\/index.php\/wp-json\/wp\/v2\/users\/21"}],"replies":[{"embeddable":true,"href":"https:\/\/nublo.tv\/index.php\/wp-json\/wp\/v2\/comments?post=312"}],"version-history":[{"count":1,"href":"https:\/\/nublo.tv\/index.php\/wp-json\/wp\/v2\/posts\/312\/revisions"}],"predecessor-version":[{"id":417,"href":"https:\/\/nublo.tv\/index.php\/wp-json\/wp\/v2\/posts\/312\/revisions\/417"}],"wp:featuredmedia":[{"embeddable":true,"href":"https:\/\/nublo.tv\/index.php\/wp-json\/wp\/v2\/media\/314"}],"wp:attachment":[{"href":"https:\/\/nublo.tv\/index.php\/wp-json\/wp\/v2\/media?parent=312"}],"wp:term":[{"taxonomy":"category","embeddable":true,"href":"https:\/\/nublo.tv\/index.php\/wp-json\/wp\/v2\/categories?post=312"},{"taxonomy":"post_tag","embeddable":true,"href":"https:\/\/nublo.tv\/index.php\/wp-json\/wp\/v2\/tags?post=312"}],"curies":[{"name":"wp","href":"https:\/\/api.w.org\/{rel}","templated":true}]}}