{"id":3124,"date":"2026-08-11T14:37:14","date_gmt":"2026-08-11T13:37:14","guid":{"rendered":"https:\/\/nublo.tv\/?p=3124"},"modified":"2026-08-27T12:35:27","modified_gmt":"2026-08-27T11:35:27","slug":"el-ayuntamiento-de-guia-publicara-este-miercoles-la-resolucion-de-las-ayudas-concedidas-para-la-rehabilitacion-de-viviendas-que-ascienden-a-mas-de-800-000-euros","status":"publish","type":"post","link":"https:\/\/nublo.tv\/index.php\/2026\/08\/11\/el-ayuntamiento-de-guia-publicara-este-miercoles-la-resolucion-de-las-ayudas-concedidas-para-la-rehabilitacion-de-viviendas-que-ascienden-a-mas-de-800-000-euros\/","title":{"rendered":"El Ayuntamiento de Gu\u00eda publicar\u00e1 este mi\u00e9rcoles la resoluci\u00f3n de las ayudas concedidas para la rehabilitaci\u00f3n de viviendas que ascienden a m\u00e1s de 800.000 euros"},"content":{"rendered":"<p>\u25cf <strong>La Concejal\u00eda de Urbanismo y Vivienda ofrecer\u00e1 atenci\u00f3n y asesoramiento personalizado para la correcta cumplimentaci\u00f3n del formulario de aceptaci\u00f3n de la subvenci\u00f3n cuyo plazo finaliza el 25 de agosto<\/strong><\/p>\n<p>El Ayuntamiento de Gu\u00eda publicar\u00e1 ma\u00f1ana, mi\u00e9rcoles 12 de agosto, la resoluci\u00f3n del expediente de concesi\u00f3n de las ayudas para la rehabilitaci\u00f3n de viviendas enmarcadas en el \u2018Programa regional para combatir la despoblaci\u00f3n en el medio rural del Plan de Vivienda de Canarias 2020-2025\u2019. En total, se han beneficiado de esta convocatoria un total de 172 vecinos del municipio. La cuant\u00eda total de las ayudas asciende a 822.799, 97 euros.<\/p>\n<p>La resoluci\u00f3n se podr\u00e1 consultar en el tabl\u00f3n de anuncios de la Sede Electr\u00f3nica en el siguiente enlace<br \/>\nhttps:\/\/santamariadeguia.sedelectronica.es\/preview-document\/e732a797-812b-497e-9cac-38aa0753cfbd\/ y de forma presencial en la Casa Consistorial, calle Eusebia de Armas 4, y en la Oficina de Atenci\u00f3n Ciudadana, frente al cuartel de la Guardia Civil. A partir de su publicaci\u00f3n, se abre un plazo de 10 d\u00edas h\u00e1biles, que finalizar\u00e1 el pr\u00f3ximo 25 de agosto, para que las personas beneficiarias presenten el documento de aceptaci\u00f3n de la subvenci\u00f3n.<\/p>\n<p>El concejal de Urbanismo y Vivienda, Jos\u00e9 Manuel Santana, explica que \u00absomos conscientes de que este expediente se ha alargado en el tiempo m\u00e1s de lo que todos hubi\u00e9ramos deseado. Las carencias de personal, unidas al elevado n\u00famero de solicitudes y a la propia complejidad del expediente, que ha requerido la participaci\u00f3n y valoraci\u00f3n de distintos informes t\u00e9cnicos, han hecho que la tramitaci\u00f3n haya sido m\u00e1s larga de lo previsto\u00bb, se\u00f1al\u00f3.<\/p>\n<p>\u00abLo importante en estos momentos, y en ello estamos trabajando, es que las personas beneficiarias puedan formalizar correctamente la aceptaci\u00f3n de las ayudas y que no tengamos que devolver ninguna parte de la subvenci\u00f3n concedida. Estamos hablando de 172 vecinos y de una cuant\u00eda cercana a los 823.000 euros, por lo que nuestro objetivo es facilitarles al m\u00e1ximo este \u00faltimo tr\u00e1mite y que la totalidad de estas ayudas pueda llegar finalmente a las familias beneficiarias\u00bb, subray\u00f3 Santana.<\/p>\n<p><strong>Atenci\u00f3n presencial y asesoramiento personalizado<\/strong><\/p>\n<p>Con el objetivo de facilitar este tr\u00e1mite y resolver cualquier duda, la Concejal\u00eda de Urbanismo y Vivienda ofrecer\u00e1 atenci\u00f3n personalizada a todos los adjudicatarios para la correcta cumplimentaci\u00f3n del formulario, dada la especificidad t\u00e9cnica que requiere detallar las actuaciones ejecutadas y objeto de la subvenci\u00f3n.<\/p>\n<p>Para ello, se ha dispuesto un horario especial de atenci\u00f3n al p\u00fablico en la planta alta de la Casa Consistorial durante los d\u00edas 12, 14 y 17 de agosto, en horario continuado de 10:00 a 18:00 horas.<\/p>\n<p>Aquellas personas que no puedan acudir en esas fechas podr\u00e1n solicitar cita previa a partir del martes 18 de agosto llamando al tel\u00e9fono 609 576 964. Desde la Concejal\u00eda de Urbanismo y Vivienda se recuerda la importancia de formalizar el tr\u00e1mite antes del 25 de agosto para no perder el derecho a la ayuda concedida.<\/p>\n","protected":false},"excerpt":{"rendered":"<p>\u25cf La Concejal\u00eda de Urbanismo y Vivienda ofrecer\u00e1 atenci\u00f3n y asesoramiento personalizado para la correcta cumplimentaci\u00f3n del formulario de aceptaci\u00f3n de la subvenci\u00f3n cuyo plazo finaliza el 25 de agosto&hellip;<\/p>\n","protected":false},"author":1,"featured_media":3125,"comment_status":"open","ping_status":"open","sticky":false,"template":"","format":"standard","meta":{"wpai_generated_summary":"","wpai_meta_description":"","footnotes":""},"categories":[138],"tags":[],"class_list":["post-3124","post","type-post","status-publish","format-standard","has-post-thumbnail","hentry","category-ayuntamiento-de-santa-maria-de-guia"],"_links":{"self":[{"href":"https:\/\/nublo.tv\/index.php\/wp-json\/wp\/v2\/posts\/3124","targetHints":{"allow":["GET"]}}],"collection":[{"href":"https:\/\/nublo.tv\/index.php\/wp-json\/wp\/v2\/posts"}],"about":[{"href":"https:\/\/nublo.tv\/index.php\/wp-json\/wp\/v2\/types\/post"}],"author":[{"embeddable":true,"href":"https:\/\/nublo.tv\/index.php\/wp-json\/wp\/v2\/users\/1"}],"replies":[{"embeddable":true,"href":"https:\/\/nublo.tv\/index.php\/wp-json\/wp\/v2\/comments?post=3124"}],"version-history":[{"count":1,"href":"https:\/\/nublo.tv\/index.php\/wp-json\/wp\/v2\/posts\/3124\/revisions"}],"predecessor-version":[{"id":3166,"href":"https:\/\/nublo.tv\/index.php\/wp-json\/wp\/v2\/posts\/3124\/revisions\/3166"}],"wp:featuredmedia":[{"embeddable":true,"href":"https:\/\/nublo.tv\/index.php\/wp-json\/wp\/v2\/media\/3125"}],"wp:attachment":[{"href":"https:\/\/nublo.tv\/index.php\/wp-json\/wp\/v2\/media?parent=3124"}],"wp:term":[{"taxonomy":"category","embeddable":true,"href":"https:\/\/nublo.tv\/index.php\/wp-json\/wp\/v2\/categories?post=3124"},{"taxonomy":"post_tag","embeddable":true,"href":"https:\/\/nublo.tv\/index.php\/wp-json\/wp\/v2\/tags?post=3124"}],"curies":[{"name":"wp","href":"https:\/\/api.w.org\/{rel}","templated":true}]}}