{"id":3128,"date":"2026-08-11T14:36:47","date_gmt":"2026-08-11T13:36:47","guid":{"rendered":"https:\/\/nublo.tv\/?p=3128"},"modified":"2026-08-27T12:35:27","modified_gmt":"2026-08-27T11:35:27","slug":"aqui-nuestra-gente-emociona-y-pone-rostro-a-historias-que-mantienen-vivo-el-legado-de-ingenio-y-el-carrizal","status":"publish","type":"post","link":"https:\/\/nublo.tv\/index.php\/2026\/08\/11\/aqui-nuestra-gente-emociona-y-pone-rostro-a-historias-que-mantienen-vivo-el-legado-de-ingenio-y-el-carrizal\/","title":{"rendered":"\u2018Aqu\u00ed nuestra gente\u2019 emociona y pone rostro a historias que mantienen vivo el legado de Ingenio y El Carrizal"},"content":{"rendered":"<p>El programa homenaje\u00f3 durante las Fiestas del Buen Suceso a nueve personas que son ejemplo de valores como el compromiso, la solidaridad y la participaci\u00f3n<br \/>\nRisas, l\u00e1grimas, orgullo y, sobre todo, mucha emoci\u00f3n. As\u00ed se vivi\u00f3 el pasado domingo, 9 de agosto, la proyecci\u00f3n especial del programa \u2018Aqu\u00ed nuestra gente\u2019, un acto celebrado bajo la carpa instalada en el Parque del Buen Suceso, en el marco de las Fiestas de Nuestra Se\u00f1ora del Buen Suceso, San Roque y San Harag\u00e1n. El acto se convirti\u00f3 en un emotivo homenaje a nueve personas de la Villa de Ingenio que, con su dedicaci\u00f3n, compromiso y participaci\u00f3n activa en la vida del municipio, han contribuido a mantener vivas sus tradiciones, su cultura y sus valores, as\u00ed como a transmitir de generaci\u00f3n en generaci\u00f3n principios como la solidaridad, la entrega y el compromiso con la comunidad.<\/p>\n<p>El acto arranc\u00f3 con los sonidos del timple de David D\u00edaz y unas d\u00e9cimas del verseador Yeray Rodr\u00edguez, recitadas por una de las homenajeadas de la noche, Gina Morales. A continuaci\u00f3n, la responsable de \u2018Aqu\u00ed nuestra gente\u2019, Wendy Fuentes, dio la bienvenida al p\u00fablico y present\u00f3 el primer bloque de historias, protagonizado por Siso Olivares Ram\u00edrez, Marina Martel L\u00f3pez, Isabel S\u00e1nchez Cabrera y Josefa \u2018Pepita\u2019 Bravo de Laguna Santana. Tras la proyecci\u00f3n de sus entrevistas, lleg\u00f3 el momento del reconocimiento presencial, con la entrega de presentes por parte de la alcaldesa de Ingenio, Vanesa Mart\u00edn; el concejal de Festejos, Rayco Padilla, y la presidenta del Patronato Bicentenario de la Virgen, Pimpina Herrera.<\/p>\n<p>La emoci\u00f3n continu\u00f3 con el segundo bloque de entrevistas, que permiti\u00f3 al p\u00fablico conocer las vivencias y recuerdos de Isabel Hern\u00e1ndez Acosta, Juan Ram\u00f3n Landeira Medina y Paco Afonso Cabrera. Tras la proyecci\u00f3n, se realiz\u00f3 una nueva entrega de presentes a las personas homenajeadas. El tercer y \u00faltimo bloque estuvo dedicado a Alberto Viera Salgado y Georgina \u2018Gina\u2019 Morales S\u00e1nchez, completando as\u00ed un recorrido por nueve historias personales que, en conjunto, forman parte de la memoria colectiva de Ingenio.<\/p>\n<p>La m\u00fasica tambi\u00e9n estuvo presente durante la velada. Adonay Santana, quien adem\u00e1s particip\u00f3 en la realizaci\u00f3n de algunas de las entrevistas del programa, present\u00f3 \u2018Lo Nuestro\u2019, un tema compuesto como cabecera de \u2018Aqu\u00ed nuestra gente\u2019. La noche cont\u00f3 adem\u00e1s con un gesto especialmente emotivo por parte de Alberto Viera, quien quiso tener un detalle con motivo de este homenaje y realiz\u00f3 la entrega al Ayuntamiento de Ingenio y a Wendy Fuentes de unas placas elaboradas por \u00e9l mismo. El gesto fue recibido con mucha emoci\u00f3n y cari\u00f1o.<\/p>\n<p>La alcaldesa de Ingenio, Vanesa Mart\u00edn, quiso destacar durante la velada el valor de la iniciativa se\u00f1alando que \u00ab\u2018Aqu\u00ed nuestra gente\u2019 es uno de los programas m\u00e1s emotivos y, creo que, m\u00e1s acertados que hemos realizado desde que llegamos hace tres a\u00f1os. Gracias a todas estas personas que hoy nos han dejado ponerles cara y voz y disfrutar de su historia y, con ella, de la historia de nuestro pueblo\u00bb.<\/p>\n<p>Por su parte el concejal de Festejos, Rayco Padilla, expres\u00f3 que \u00abel hilo conductor de todos nuestros protagonistas en \u2018Aqu\u00ed nuestra gente\u2019 ha sido una vida en familia, devoci\u00f3n por lo que hacen, entrega a la comunidad e identidad; en ello parece estar la felicidad y el \u00e9xito. Enhorabuena a todos y a todas\u00bb.<\/p>\n<p>Con este emotivo encuentro, \u2018Aqu\u00ed nuestra gente\u2019 volvi\u00f3 a reivindicar el valor de escuchar y reconocer a quienes han participado en la construcci\u00f3n de la sociedad ingeniense, recordando que la identidad de un municipio se construye desde la solidaridad, la participaci\u00f3n, el compromiso y las peque\u00f1as y grandes aportaciones de quienes forman parte de \u00e9l.<\/p>\n","protected":false},"excerpt":{"rendered":"<p>La entrada &#8216;Aqu\u00ed nuestra gente&#8217; emociona y pone rostro a historias que mantienen vivo el legado de Ingenio y El Carrizal se public\u00f3 primero en Ayuntamiento de Ingenio.<\/p>\n","protected":false},"author":1,"featured_media":3129,"comment_status":"open","ping_status":"open","sticky":false,"template":"","format":"standard","meta":{"wpai_generated_summary":"","wpai_meta_description":"","footnotes":""},"categories":[130],"tags":[],"class_list":["post-3128","post","type-post","status-publish","format-standard","has-post-thumbnail","hentry","category-ayuntamiento-de-ingenio"],"_links":{"self":[{"href":"https:\/\/nublo.tv\/index.php\/wp-json\/wp\/v2\/posts\/3128","targetHints":{"allow":["GET"]}}],"collection":[{"href":"https:\/\/nublo.tv\/index.php\/wp-json\/wp\/v2\/posts"}],"about":[{"href":"https:\/\/nublo.tv\/index.php\/wp-json\/wp\/v2\/types\/post"}],"author":[{"embeddable":true,"href":"https:\/\/nublo.tv\/index.php\/wp-json\/wp\/v2\/users\/1"}],"replies":[{"embeddable":true,"href":"https:\/\/nublo.tv\/index.php\/wp-json\/wp\/v2\/comments?post=3128"}],"version-history":[{"count":1,"href":"https:\/\/nublo.tv\/index.php\/wp-json\/wp\/v2\/posts\/3128\/revisions"}],"predecessor-version":[{"id":3158,"href":"https:\/\/nublo.tv\/index.php\/wp-json\/wp\/v2\/posts\/3128\/revisions\/3158"}],"wp:featuredmedia":[{"embeddable":true,"href":"https:\/\/nublo.tv\/index.php\/wp-json\/wp\/v2\/media\/3129"}],"wp:attachment":[{"href":"https:\/\/nublo.tv\/index.php\/wp-json\/wp\/v2\/media?parent=3128"}],"wp:term":[{"taxonomy":"category","embeddable":true,"href":"https:\/\/nublo.tv\/index.php\/wp-json\/wp\/v2\/categories?post=3128"},{"taxonomy":"post_tag","embeddable":true,"href":"https:\/\/nublo.tv\/index.php\/wp-json\/wp\/v2\/tags?post=3128"}],"curies":[{"name":"wp","href":"https:\/\/api.w.org\/{rel}","templated":true}]}}