{"id":3132,"date":"2026-08-11T14:36:44","date_gmt":"2026-08-11T13:36:44","guid":{"rendered":"https:\/\/nublo.tv\/?p=3132"},"modified":"2026-08-27T12:35:27","modified_gmt":"2026-08-27T11:35:27","slug":"lomo-juan-celebra-con-fe-y-tradicion-los-actos-religiosos-en-honor-a-nuestra-senora-de-las-nieves","status":"publish","type":"post","link":"https:\/\/nublo.tv\/index.php\/2026\/08\/11\/lomo-juan-celebra-con-fe-y-tradicion-los-actos-religiosos-en-honor-a-nuestra-senora-de-las-nieves\/","title":{"rendered":"Lomo Juan celebra con fe y tradici\u00f3n los actos religiosos en honor a Nuestra Se\u00f1ora de las Nieves"},"content":{"rendered":"<p>La jornada incluy\u00f3 la celebraci\u00f3n de la Eucarist\u00eda y la procesi\u00f3n de la imagen de la Virgen por los alrededores del local social<br \/>\nEl barrio ingeniense de Lomo Juan celebr\u00f3 el pasado domingo, 9 de agosto, con sencillez y devoci\u00f3n los actos religiosos enmarcados en las Fiestas en honor a Nuestra Se\u00f1ora de las Nieves 2026.<\/p>\n<p>Por un lado, el local social acogi\u00f3 la celebraci\u00f3n de la Eucarist\u00eda, un encuentro marcado por la fe que incluy\u00f3 la donaci\u00f3n de panes por parte de la Panader\u00eda Amaro como muestra de colaboraci\u00f3n con esta celebraci\u00f3n y una ofrenda a la Virgen de las Nieves, expresando as\u00ed la devoci\u00f3n a la patrona del barrio. Tras la celebraci\u00f3n, las personas asistentes acompa\u00f1aron a la imagen de Nuestra Se\u00f1ora de las Nieves en una procesi\u00f3n por los alrededores del local social, recorriendo las calles pr\u00f3ximas en un ambiente de recogimiento.<\/p>\n<p>La jornada vivida en Lomo Juan podr\u00e1 volver a disfrutarse a trav\u00e9s de la televisi\u00f3n municipal. Este Canal TV \u2013 Ingenio emitir\u00e1 este martes, 11 de agosto, a las 19:15 horas, un reportaje sobre los actos religiosos celebrados con motivo de las Fiestas en honor a Nuestra Se\u00f1ora de las Nieves para acercar a la ciudadan\u00eda los momentos m\u00e1s destacados de la celebraci\u00f3n.<\/p>\n","protected":false},"excerpt":{"rendered":"<p>La entrada Lomo Juan celebra con fe y tradici\u00f3n los actos religiosos en honor a Nuestra Se\u00f1ora de las Nieves se public\u00f3 primero en Ayuntamiento de Ingenio.<\/p>\n","protected":false},"author":1,"featured_media":3133,"comment_status":"open","ping_status":"open","sticky":false,"template":"","format":"standard","meta":{"wpai_generated_summary":"","wpai_meta_description":"","footnotes":""},"categories":[130],"tags":[],"class_list":["post-3132","post","type-post","status-publish","format-standard","has-post-thumbnail","hentry","category-ayuntamiento-de-ingenio"],"_links":{"self":[{"href":"https:\/\/nublo.tv\/index.php\/wp-json\/wp\/v2\/posts\/3132","targetHints":{"allow":["GET"]}}],"collection":[{"href":"https:\/\/nublo.tv\/index.php\/wp-json\/wp\/v2\/posts"}],"about":[{"href":"https:\/\/nublo.tv\/index.php\/wp-json\/wp\/v2\/types\/post"}],"author":[{"embeddable":true,"href":"https:\/\/nublo.tv\/index.php\/wp-json\/wp\/v2\/users\/1"}],"replies":[{"embeddable":true,"href":"https:\/\/nublo.tv\/index.php\/wp-json\/wp\/v2\/comments?post=3132"}],"version-history":[{"count":1,"href":"https:\/\/nublo.tv\/index.php\/wp-json\/wp\/v2\/posts\/3132\/revisions"}],"predecessor-version":[{"id":3157,"href":"https:\/\/nublo.tv\/index.php\/wp-json\/wp\/v2\/posts\/3132\/revisions\/3157"}],"wp:featuredmedia":[{"embeddable":true,"href":"https:\/\/nublo.tv\/index.php\/wp-json\/wp\/v2\/media\/3133"}],"wp:attachment":[{"href":"https:\/\/nublo.tv\/index.php\/wp-json\/wp\/v2\/media?parent=3132"}],"wp:term":[{"taxonomy":"category","embeddable":true,"href":"https:\/\/nublo.tv\/index.php\/wp-json\/wp\/v2\/categories?post=3132"},{"taxonomy":"post_tag","embeddable":true,"href":"https:\/\/nublo.tv\/index.php\/wp-json\/wp\/v2\/tags?post=3132"}],"curies":[{"name":"wp","href":"https:\/\/api.w.org\/{rel}","templated":true}]}}