{"id":3134,"date":"2026-08-11T14:37:21","date_gmt":"2026-08-11T13:37:21","guid":{"rendered":"https:\/\/nublo.tv\/?p=3134"},"modified":"2026-08-27T12:35:27","modified_gmt":"2026-08-27T11:35:27","slug":"teatro-y-musica-para-clausurar-las-noches-de-ocio-este-viernes-en-el-museo-de-la-zafra","status":"publish","type":"post","link":"https:\/\/nublo.tv\/index.php\/2026\/08\/11\/teatro-y-musica-para-clausurar-las-noches-de-ocio-este-viernes-en-el-museo-de-la-zafra\/","title":{"rendered":"Teatro y m\u00fasica para clausurar las Noches de Ocio este viernes en el Museo de la Zafra"},"content":{"rendered":"<p><img loading=\"lazy\" decoding=\"async\" width=\"1080\" height=\"1350\" src=\"https:\/\/www.santaluciagc.com\/wp-content\/uploads\/2026\/08\/carteldeNOA.jpeg\" class=\"attachment-full size-full wp-post-image\" alt=\"\" \/><\/p>\n<div class=\"wpb-content-wrapper\">\n<div data-parent=\"true\" class=\"vc_row row-container\" id=\"row-unique-0\">\n<div class=\"row limit-width row-parent\">\n<div class=\"wpb_row row-inner\">\n<div class=\"wpb_column pos-top pos-center align_left column_parent col-lg-12 single-internal-gutter\">\n<div class=\"uncol style-light\">\n<div class=\"uncoltable\">\n<div class=\"uncell no-block-padding\">\n<div class=\"uncont\">\n<div class=\"uncode_text_column\">\n<p><strong>Santa Luc\u00eda de Tirajana, martes 12 de agosto.- <\/strong>&#8220;El \u00daltimo Acorde&#8221; reunir\u00e1 a j\u00f3venes de Ag\u00fcimes, Santa Luc\u00eda de Tirajana, Moya y Teror en una experiencia que combina teatro, m\u00fasica en directo e investigaci\u00f3n como broche final al programa de ocio nocturno alternativo.<\/p>\n<p>El proyecto NOA \u2013 Noches de Ocio Alternativo, impulsado por la Consejer\u00eda de Juventud del Cabildo de Gran Canaria, pondr\u00e1 el broche final a esta edici\u00f3n con &#8220;El \u00daltimo Acorde&#8221;, un original cluedo musical inmersivo que se celebrar\u00e1 en el Museo de La Zafra en Vecindario.<\/p>\n<p>La actividad, dirigida a j\u00f3venes de entre 12 y 30 a\u00f1os, se desarrollar\u00e1 de 20:00 a 23:00 horas y propone una experiencia inmersiva en la que el p\u00fablico se convierte en protagonista de una investigaci\u00f3n llena de misterio, m\u00fasica y teatro.<\/p>\n<p>La historia comienza con un crimen inesperado: el director de una prestigiosa orquesta aparece asesinado momentos antes de un importante concierto. A partir de ese instante, las personas participantes deber\u00e1n observar atentamente cada escena, analizar las pistas ocultas en las interpretaciones musicales e interrogar a los personajes para descubrir qui\u00e9n es el responsable del asesinato.<\/p>\n<p>Adem\u00e1s del espect\u00e1culo, la velada incluir\u00e1 c\u00f3cteles sin alcohol y un peque\u00f1o picoteo, favoreciendo un espacio de convivencia entre los j\u00f3venes asistentes. Para facilitar la participaci\u00f3n, la organizaci\u00f3n habilitar\u00e1 un servicio gratuito de guaguas desde los distintos municipios.<\/p>\n<p>Con este evento concluye una nueva edici\u00f3n de NOA, un programa que desde su inicio el pasado mes de marzo ha desarrollado una amplia programaci\u00f3n de actividades culturales, deportivas, formativas y de ocio saludable para fomentar la participaci\u00f3n juvenil y ofrecer alternativas de ocio creativo y saludable en Gran Canaria.<\/p>\n<p>El concejal de juventud Julio Ojeda destac\u00f3 que \u00abes un honor acoger en nuestro municipio este proyecto enfocado en promover una alternativa de ocio nocturno diferente, que adem\u00e1s nos permite recibir y contar con la participaci\u00f3n de j\u00f3venes procedentes de distintos municipios de Gran Canaria\u00bb.<\/p>\n<p>Precisamente por ese esp\u00edritu de encuentro, la clausura del programa no pod\u00eda ser de otra forma: reuniendo a todas las personas participantes en una experiencia compartida que celebra el camino recorrido y pone el broche final a esta edici\u00f3n, consolidando el proyecto NOA como una referencia en la promoci\u00f3n de alternativas de ocio juvenil en la isla.<\/p>\n<p>Gabinete de Comunicaci\u00f3n de Santa Luc\u00eda de Tirajana martes 11 de agosto de 2026.<\/p>\n<\/div>\n<\/div>\n<\/div>\n<\/div>\n<\/div>\n<\/div>\n<p>UNCODE.initRow(document.getElementById(\u00abrow-unique-0\u00bb));<\/p><\/div>\n<\/div>\n<\/div>\n<div data-parent=\"true\" class=\"vc_row row-container\" id=\"row-unique-1\">\n<div class=\"row limit-width row-parent\">\n<div class=\"wpb_row row-inner\">\n<div class=\"wpb_column pos-top pos-center align_left column_parent col-lg-12 single-internal-gutter\">\n<div class=\"uncol style-light\">\n<div class=\"uncoltable\">\n<div class=\"uncell no-block-padding\">\n<div class=\"uncont\">\n<div id=\"gallery-138225\" class=\"isotope-system isotope-general-light grid-general-light\">\n<div class=\"isotope-wrapper grid-wrapper single-gutter\">\n<div class=\"isotope-container isotope-layout style-masonry\" data-type=\"masonry\" data-layout=\"masonry\" data-lg=\"1000\" data-md=\"600\" data-sm=\"480\">\n<div class=\"tmb tmb-iso-w4 tmb-iso-h4 tmb-light tmb-overlay-text-anim tmb-overlay-anim tmb-overlay-middle tmb-overlay-text-left tmb-image-anim tmb-bordered tmb-id-25474  tmb-media-first tmb-media-last tmb-content-overlay tmb-no-bg tmb-lightbox\">\n<div class=\"t-inside no-anim\">\n<div class=\"t-entry-visual\">\n<div class=\"t-entry-visual-tc\">\n<div class=\"t-entry-visual-cont\">\n<div class=\"dummy\" style=\"padding-top: 61%\"><\/div>\n<p><a href=\"https:\/\/www.santaluciagc.com\/wp-content\/uploads\/2026\/08\/espectaculoanteriordeNOA.jpeg\" class=\"pushed\" data-active=\"1\" data-lbox=\"ilightbox_gallery-138225\" data-external-thumb-image=\"https:\/\/www.santaluciagc.com\/wp-content\/uploads\/2026\/08\/espectaculoanteriordeNOA-150x150.jpeg\" data-lg-size=\"1280-781\" data-lb-index=\"0\"><\/p>\n<div class=\"t-entry-visual-overlay\">\n<div class=\"t-entry-visual-overlay-in style-dark-bg\" style=\"opacity: 0.5\"><\/div>\n<\/div>\n<p><img loading=\"lazy\" decoding=\"async\" class=\"wp-image-25474\" src=\"https:\/\/www.santaluciagc.com\/wp-content\/uploads\/2026\/08\/espectaculoanteriordeNOA.jpeg\" width=\"1280\" height=\"781\" alt=\"\" \/><\/a><\/div>\n<\/p><\/div>\n<\/p><\/div>\n<\/div>\n<\/div>\n<div class=\"tmb tmb-iso-w4 tmb-iso-h4 tmb-light tmb-overlay-text-anim tmb-overlay-anim tmb-overlay-middle tmb-overlay-text-left tmb-image-anim tmb-bordered tmb-id-25475  tmb-media-first tmb-media-last tmb-content-overlay tmb-no-bg tmb-lightbox\">\n<div class=\"t-inside no-anim\">\n<div class=\"t-entry-visual\">\n<div class=\"t-entry-visual-tc\">\n<div class=\"t-entry-visual-cont\">\n<div class=\"dummy\" style=\"padding-top: 125%\"><\/div>\n<p><a href=\"https:\/\/www.santaluciagc.com\/wp-content\/uploads\/2026\/08\/carteldeNOA.jpeg\" class=\"pushed\" data-active=\"1\" data-lbox=\"ilightbox_gallery-138225\" data-external-thumb-image=\"https:\/\/www.santaluciagc.com\/wp-content\/uploads\/2026\/08\/carteldeNOA-150x150.jpeg\" data-lg-size=\"1080-1350\" data-lb-index=\"1\"><\/p>\n<div class=\"t-entry-visual-overlay\">\n<div class=\"t-entry-visual-overlay-in style-dark-bg\" style=\"opacity: 0.5\"><\/div>\n<\/div>\n<p><img loading=\"lazy\" decoding=\"async\" class=\"wp-image-25475\" src=\"https:\/\/www.santaluciagc.com\/wp-content\/uploads\/2026\/08\/carteldeNOA.jpeg\" width=\"1080\" height=\"1350\" alt=\"\" \/><\/a><\/div>\n<\/p><\/div>\n<\/p><\/div>\n<\/div>\n<\/div><\/div>\n<\/p><\/div>\n<\/div>\n<\/div>\n<\/div>\n<\/div>\n<\/div>\n<\/div>\n<p>UNCODE.initRow(document.getElementById(\u00abrow-unique-1\u00bb));<\/p><\/div>\n<\/div>\n<\/div>\n<\/div>\n","protected":false},"excerpt":{"rendered":"<p>Santa Luc\u00eda de Tirajana, martes 12 de agosto.- &#8220;El \u00daltimo Acorde&#8221; reunir\u00e1 a j\u00f3venes de Ag\u00fcimes, Santa Luc\u00eda de Tirajana, Moya y Teror en una experiencia que combina teatro, m\u00fasica&hellip;<\/p>\n","protected":false},"author":1,"featured_media":3135,"comment_status":"open","ping_status":"open","sticky":false,"template":"","format":"standard","meta":{"wpai_generated_summary":"","wpai_meta_description":"","footnotes":""},"categories":[137],"tags":[],"class_list":["post-3134","post","type-post","status-publish","format-standard","has-post-thumbnail","hentry","category-ayuntamiento-de-santa-lucia-de-tirajana"],"_links":{"self":[{"href":"https:\/\/nublo.tv\/index.php\/wp-json\/wp\/v2\/posts\/3134","targetHints":{"allow":["GET"]}}],"collection":[{"href":"https:\/\/nublo.tv\/index.php\/wp-json\/wp\/v2\/posts"}],"about":[{"href":"https:\/\/nublo.tv\/index.php\/wp-json\/wp\/v2\/types\/post"}],"author":[{"embeddable":true,"href":"https:\/\/nublo.tv\/index.php\/wp-json\/wp\/v2\/users\/1"}],"replies":[{"embeddable":true,"href":"https:\/\/nublo.tv\/index.php\/wp-json\/wp\/v2\/comments?post=3134"}],"version-history":[{"count":1,"href":"https:\/\/nublo.tv\/index.php\/wp-json\/wp\/v2\/posts\/3134\/revisions"}],"predecessor-version":[{"id":3168,"href":"https:\/\/nublo.tv\/index.php\/wp-json\/wp\/v2\/posts\/3134\/revisions\/3168"}],"wp:featuredmedia":[{"embeddable":true,"href":"https:\/\/nublo.tv\/index.php\/wp-json\/wp\/v2\/media\/3135"}],"wp:attachment":[{"href":"https:\/\/nublo.tv\/index.php\/wp-json\/wp\/v2\/media?parent=3134"}],"wp:term":[{"taxonomy":"category","embeddable":true,"href":"https:\/\/nublo.tv\/index.php\/wp-json\/wp\/v2\/categories?post=3134"},{"taxonomy":"post_tag","embeddable":true,"href":"https:\/\/nublo.tv\/index.php\/wp-json\/wp\/v2\/tags?post=3134"}],"curies":[{"name":"wp","href":"https:\/\/api.w.org\/{rel}","templated":true}]}}