{"id":3136,"date":"2026-08-11T14:37:18","date_gmt":"2026-08-11T13:37:18","guid":{"rendered":"https:\/\/nublo.tv\/?p=3136"},"modified":"2026-08-27T12:35:27","modified_gmt":"2026-08-27T11:35:27","slug":"los-ninos-as-saharauis-de-vacaciones-en-paz-recibieron-un-ano-mas-el-material-de-aguas-de-teror-educa","status":"publish","type":"post","link":"https:\/\/nublo.tv\/index.php\/2026\/08\/11\/los-ninos-as-saharauis-de-vacaciones-en-paz-recibieron-un-ano-mas-el-material-de-aguas-de-teror-educa\/","title":{"rendered":"Los ni\u00f1os\/as saharauis de \u2018Vacaciones en Paz\u2019 recibieron un a\u00f1o m\u00e1s el material de Aguas de Teror Educa"},"content":{"rendered":"<p><strong>El Ayuntamiento de Teror y Aguas de Teror entregaron el lote escolar y de medicinas a los 19 peque\u00f1os\/as acogidos\/as por familias de la comarca norte durante este verano.<\/strong><\/p>\n<p>Los 19 ni\u00f1os\/as saharauis del programa solidario \u2018Vacaciones en Paz\u2019, que desde el pasado mes de julio permanecen en Teror y en la zona Norte de Gran Canaria, junto a sus familias de acogida, fueron recibidos este martes 11 de agosto por el Ayuntamiento de Teror, entreg\u00e1ndoles\u00a0un lote de material escolar de Aguas de Teror Educa y algunos medicamentos, que podr\u00e1n llevarse a Tinduf en su regreso el pr\u00f3ximo 2 de septiembre.<\/p>\n<p>El alcalde de Teror, Jos\u00e9 Agust\u00edn Arencibia, junto a la edil de Solidaridad, Irene Ortega, y representantes municipales, entregaron a los ni\u00f1os\/as el obsequio cedido por la empresa municipal Aguas de Teror y transmitieron a los peque\u00f1os\/as y sus familias de acogida un mensaje de apoyo y solidariadad. El acto de entrega cont\u00f3 con la asistencia del delegado saharaui para Canarias, Alisalem Sidi, y la coordinadora del proyecto \u2018Vacaciones en Paz\u2019 de la comarca Norte, la terorense Luc\u00eda Oliva, acompa\u00f1ados\/as de las familias acogientes.<\/p>\n<p>Luc\u00eda Oliva y Alisalem Sidi manifestaron su agradecimiento al Consistorio por su colaboraci\u00f3n desde hace tres d\u00e9cadas facilitando el traslado de los ni\u00f1os\/as hasta Gran Canaria. Por su parte, el primer edil\u00a0expres\u00f3 el agradecimiento a las familias de acogida, y en especial a Ana Rosa, la madre de acogida m\u00e1s veterana que desde hace tres d\u00e9cadas acoge cada verano ni\u00f1os\/as del programa \u2018Vacaciones en Paz\u2019. Jos\u00e9 Agust\u00edn Arencibia agradeci\u00f3 y anim\u00f3 a las familias a continuar con esta actuaci\u00f3n tan solidaria, donde Teror se posiciona como uno de los municipios de mayor acogida en la isla, con 9 familias de acogida.<\/p>\n<p>A la comarca norte (Gu\u00eda, Firgas, Arucas y Teror) llegaron el pasado 18 de julio 19 ni\u00f1os\/as y a Gran Canaria un total de 59. Los 119 menores que han llegado a Canarias con este proyecto pasan dos meses compartiendo un verano en paz con familias de Canarias que les proporcionan un hogar y les realizar\u00e1n revisiones m\u00e9dicas.<\/p>\n<p>Teror participa en este programa solidario desde hace m\u00e1s de 30 a\u00f1os. El Ayuntamiento sigue apoyando esta iniciativa solidaria a trav\u00e9s de la aportaci\u00f3n que el municipio destina al Plan de Ayuda al Desarrollo de los pa\u00edses empobrecidos, mediante un convenio de colaboraci\u00f3n con la Asociaci\u00f3n \u201cAmigos Canarios de Solidaridad con el Pueblo Saharaui\u201d.<\/p>\n<div class=\"envira-gallery-feed-output\"><img decoding=\"async\" class=\"envira-gallery-feed-image\" src=\"https:\/\/teror.es\/wp-content\/uploads\/2026\/08\/vacaciones-paz-aguas-teror-educa12-777x437.jpeg\" title=\"vacaciones-paz-aguas-teror-educa12\" alt=\"\" \/><\/div>\n","protected":false},"excerpt":{"rendered":"<p>El Ayuntamiento de Teror y Aguas de Teror entregaron el lote escolar y de medicinas a los 19 peque\u00f1os\/as acogidos\/as por familias de la comarca norte durante este verano. Los&hellip;<\/p>\n","protected":false},"author":1,"featured_media":3137,"comment_status":"open","ping_status":"open","sticky":false,"template":"","format":"standard","meta":{"wpai_generated_summary":"","wpai_meta_description":"","footnotes":""},"categories":[141],"tags":[],"class_list":["post-3136","post","type-post","status-publish","format-standard","has-post-thumbnail","hentry","category-ayuntamiento-de-teror"],"_links":{"self":[{"href":"https:\/\/nublo.tv\/index.php\/wp-json\/wp\/v2\/posts\/3136","targetHints":{"allow":["GET"]}}],"collection":[{"href":"https:\/\/nublo.tv\/index.php\/wp-json\/wp\/v2\/posts"}],"about":[{"href":"https:\/\/nublo.tv\/index.php\/wp-json\/wp\/v2\/types\/post"}],"author":[{"embeddable":true,"href":"https:\/\/nublo.tv\/index.php\/wp-json\/wp\/v2\/users\/1"}],"replies":[{"embeddable":true,"href":"https:\/\/nublo.tv\/index.php\/wp-json\/wp\/v2\/comments?post=3136"}],"version-history":[{"count":1,"href":"https:\/\/nublo.tv\/index.php\/wp-json\/wp\/v2\/posts\/3136\/revisions"}],"predecessor-version":[{"id":3167,"href":"https:\/\/nublo.tv\/index.php\/wp-json\/wp\/v2\/posts\/3136\/revisions\/3167"}],"wp:featuredmedia":[{"embeddable":true,"href":"https:\/\/nublo.tv\/index.php\/wp-json\/wp\/v2\/media\/3137"}],"wp:attachment":[{"href":"https:\/\/nublo.tv\/index.php\/wp-json\/wp\/v2\/media?parent=3136"}],"wp:term":[{"taxonomy":"category","embeddable":true,"href":"https:\/\/nublo.tv\/index.php\/wp-json\/wp\/v2\/categories?post=3136"},{"taxonomy":"post_tag","embeddable":true,"href":"https:\/\/nublo.tv\/index.php\/wp-json\/wp\/v2\/tags?post=3136"}],"curies":[{"name":"wp","href":"https:\/\/api.w.org\/{rel}","templated":true}]}}