{"id":3140,"date":"2026-08-11T14:37:25","date_gmt":"2026-08-11T13:37:25","guid":{"rendered":"https:\/\/nublo.tv\/?p=3140"},"modified":"2026-08-27T12:35:27","modified_gmt":"2026-08-27T11:35:27","slug":"la-rfef-adjudica-al-cf-union-viera-la-vacante-en-segunda-federacion-femenina-tras-la-renuncia-del-granada-cf","status":"publish","type":"post","link":"https:\/\/nublo.tv\/index.php\/2026\/08\/11\/la-rfef-adjudica-al-cf-union-viera-la-vacante-en-segunda-federacion-femenina-tras-la-renuncia-del-granada-cf\/","title":{"rendered":"La RFEF adjudica al CF Uni\u00f3n Viera la vacante en Segunda Federaci\u00f3n Femenina tras la renuncia del Granada CF"},"content":{"rendered":"<p>La RFEF adjudica al CF Uni\u00f3n Viera la vacante en Segunda Federaci\u00f3n Femenina tras la renuncia del Granada CF \u00abB\u00bb<br \/>\nEl Juez \u00danico de Competiciones No Profesionales ha resuelto este s\u00e1bado otorgar el derecho de cobertura de la plaza al conjunto grancanario, por mejor m\u00e9rito deportivo entre los equipos descendidos<br \/>\nExcelentes noticias para el f\u00fatbol femenino canario. El CF Uni\u00f3n Viera tiene la oportunidad de regresar a la Segunda Federaci\u00f3n Femenina para la temporada 2026\/2027. As\u00ed lo ha determinado el Juez \u00danico de Competiciones No Profesionales de la Real Federaci\u00f3n Espa\u00f1ola de F\u00fatbol (RFEF) en una resoluci\u00f3n publicada hoy, mediante la cual se adjudica al club rojinegro la vacante generada en dicha categor\u00eda.<\/p>\n<p>Esta situaci\u00f3n se produce tras la renuncia formal del Granada Club de F\u00fatbol a la participaci\u00f3n de su equipo dependiente, el Granada CF \u00abB\u00bb, en Segunda Federaci\u00f3n, divisi\u00f3n en la que ten\u00eda derecho a permanecer tras finalizar en cuarta posici\u00f3n del grupo 3 la temporada pasada. El club nazar\u00ed ha decidido adscribir a su filial a la Tercera Federaci\u00f3n, lo que autom\u00e1ticamente ha activado el mecanismo reglamentario para cubrir su plaza.<\/p>\n<p>Prioridad por m\u00e9rito deportivo<\/p>\n<p>En aplicaci\u00f3n del art\u00edculo 15 del Reglamento de Competiciones de la RFEF, la cobertura de vacantes generadas por renuncias debe atender a la situaci\u00f3n competicional preexistente. Al encontrarse el equipo causante (Granada CF \u00abB\u00bb) en el grupo 3 de Segunda Federaci\u00f3n, la prioridad para ocupar la plaza corresponde a los equipos descendidos de ese mismo grupo, ordenados por su mejor puesto clasificatorio.<\/p>\n<p>En la temporada 2025\/2026, los equipos que ocuparon plaza de descenso en el grupo 3 fueron:<\/p>\n<p>CF Uni\u00f3n Viera (12\u00ba clasificado)<\/p>\n<p>Secci\u00f3n Deportiva Fundaci\u00f3n Real Betis Balompi\u00e9 \u201cB\u201d (13\u00ba clasificado)<\/p>\n<p>CD Juan Grande (14\u00ba clasificado)<\/p>\n<p>La resoluci\u00f3n judicial hace constar que el filial del Real Betis no puede optar a esta vacante, dado que su equipo superior competir\u00e1 en Segunda Federaci\u00f3n esta temporada tras descender desde Primera Federaci\u00f3n, impidiendo la coincidencia de ambos en la misma categor\u00eda.<\/p>\n<p>Por tanto, el Juez \u00danico ha resuelto declarar que corresponde al CF Uni\u00f3n Viera el derecho, por mejor m\u00e9rito deportivo, a cubrir la vacante en Segunda Federaci\u00f3n Femenina.<\/p>\n<p>Plazo de dos d\u00edas para la inscripci\u00f3n<\/p>\n<p>La RFEF ya ha informado oficialmente al CF Uni\u00f3n Viera de esta decisi\u00f3n. El club grancanario dispone ahora de un plazo m\u00e1ximo de dos d\u00edas h\u00e1biles (a contar desde la publicaci\u00f3n de la resoluci\u00f3n) para cumplimentar su inscripci\u00f3n en Segunda Federaci\u00f3n y acreditar el cumplimiento de todos los requisitos exigidos para competir en dicha categor\u00eda.<\/p>\n<p>La resoluci\u00f3n advierte de que, en caso de que el Uni\u00f3n Viera no solicite la inscripci\u00f3n dentro del plazo establecido, se considerar\u00e1 que renuncia a la cobertura de la vacante. En ese supuesto, el derecho pasar\u00eda al siguiente equipo descendido con mejor m\u00e9rito, el CD Juan Grande, tambi\u00e9n de Gran Canaria.<\/p>\n<p>El f\u00fatbol canario permanece expectante ante la decisi\u00f3n final del CF Uni\u00f3n Viera, que podr\u00eda certificar su retorno a la categor\u00eda de bronce del f\u00fatbol femenino nacional en los pr\u00f3ximos d\u00edas.<\/p>\n","protected":false},"excerpt":{"rendered":"<p>El Juez \u00danico de Competiciones No Profesionales ha resuelto este s\u00e1bado otorgar el derecho de cobertura de la plaza al conjunto grancanario, por mejor m\u00e9rito deportivo entre los equipos descendidos&hellip;<\/p>\n","protected":false},"author":1,"featured_media":2566,"comment_status":"open","ping_status":"open","sticky":false,"template":"","format":"standard","meta":{"wpai_generated_summary":"","wpai_meta_description":"","footnotes":""},"categories":[122],"tags":[],"class_list":["post-3140","post","type-post","status-publish","format-standard","has-post-thumbnail","hentry","category-deportes"],"_links":{"self":[{"href":"https:\/\/nublo.tv\/index.php\/wp-json\/wp\/v2\/posts\/3140","targetHints":{"allow":["GET"]}}],"collection":[{"href":"https:\/\/nublo.tv\/index.php\/wp-json\/wp\/v2\/posts"}],"about":[{"href":"https:\/\/nublo.tv\/index.php\/wp-json\/wp\/v2\/types\/post"}],"author":[{"embeddable":true,"href":"https:\/\/nublo.tv\/index.php\/wp-json\/wp\/v2\/users\/1"}],"replies":[{"embeddable":true,"href":"https:\/\/nublo.tv\/index.php\/wp-json\/wp\/v2\/comments?post=3140"}],"version-history":[{"count":1,"href":"https:\/\/nublo.tv\/index.php\/wp-json\/wp\/v2\/posts\/3140\/revisions"}],"predecessor-version":[{"id":3169,"href":"https:\/\/nublo.tv\/index.php\/wp-json\/wp\/v2\/posts\/3140\/revisions\/3169"}],"wp:featuredmedia":[{"embeddable":true,"href":"https:\/\/nublo.tv\/index.php\/wp-json\/wp\/v2\/media\/2566"}],"wp:attachment":[{"href":"https:\/\/nublo.tv\/index.php\/wp-json\/wp\/v2\/media?parent=3140"}],"wp:term":[{"taxonomy":"category","embeddable":true,"href":"https:\/\/nublo.tv\/index.php\/wp-json\/wp\/v2\/categories?post=3140"},{"taxonomy":"post_tag","embeddable":true,"href":"https:\/\/nublo.tv\/index.php\/wp-json\/wp\/v2\/tags?post=3140"}],"curies":[{"name":"wp","href":"https:\/\/api.w.org\/{rel}","templated":true}]}}