{"id":3142,"date":"2026-08-11T14:36:39","date_gmt":"2026-08-11T13:36:39","guid":{"rendered":"https:\/\/nublo.tv\/?p=3142"},"modified":"2026-08-27T12:35:27","modified_gmt":"2026-08-27T11:35:27","slug":"galdar-planea-liquidar-los-312-millones-de-euros-de-su-deuda-historica-en-abril-de-2027","status":"publish","type":"post","link":"https:\/\/nublo.tv\/index.php\/2026\/08\/11\/galdar-planea-liquidar-los-312-millones-de-euros-de-su-deuda-historica-en-abril-de-2027\/","title":{"rendered":"G\u00e1ldar planea liquidar los 31,2 millones de euros de su deuda hist\u00f3rica en abril de 2027"},"content":{"rendered":"<p>El Ayuntamiento de G\u00e1ldar aprob\u00f3 en una sesi\u00f3n plenaria extraordinaria celebrada este martes la cuenta general correspondiente al ejercicio 2025. Dichas cuentas confirman la buena salud financiera del Ayuntamiento de G\u00e1ldar y la concejala de Hacienda, Valeria Guerra, confirm\u00f3 que el 30 de abril de 2027 el Ayuntamiento liquidar\u00e1 su deuda hist\u00f3rica de 31,2 millones de euros heredada en 2007.<\/p>\n<p>Teodoro Sosa, alcalde de la ciudad, dio las gracias por el trabajo de la concejala y los t\u00e9cnicos municipales y destac\u00f3 que \u00abeste Ayuntamiento lleva una ardua labor de 19 a\u00f1os con la que ha mejorado la solvencia econ\u00f3mica, la credibilidad y el rigor y nadie duda de que hay una tranquilidad econ\u00f3mica\u00bb. \u00abLiquidar la deuda hist\u00f3rica es uno de los compromisos centrales de este grupo de gobierno y lo cumpliremos en abril de 2027\u00bb, a\u00f1adi\u00f3.<\/p>\n<p>En la sesi\u00f3n plenaria Valeria Guerra detall\u00f3 que en diciembre de 2026 la deuda quedar\u00e1 en 1,9 millones de euros despu\u00e9s de que el pasado mes de julio se terminaran de pagar la \u00faltima p\u00f3liza de los cr\u00e9ditos a corto plazo de unos 600.000 euros, y en los pr\u00f3ximos se pagar\u00e1n m\u00e1s de 2 millones de euros.<\/p>\n<p>Asimismo, la concejala explic\u00f3 que se cerr\u00f3 el curso econ\u00f3mico con unos ingresos de 43,6 millones de euros y unos gastos de 42,4 millones de euros. De esta manera el Ayuntamiento registr\u00f3 en 2025 un ahorro neto de cerca de un mill\u00f3n de euros, unas cifras que demuestran su buena salud financiera. <\/p>\n<p>De los 42,4 millones de euros de gasto en 2025 hasta un 77% tuvieron un efecto directo en la ciudadan\u00eda (32,7 millones de euros). De ellos 15 millones de euros fueron destinados a servicios p\u00fablicos b\u00e1sicos, 6,9 a actuaciones de protecci\u00f3n y promoci\u00f3n social y 10,8 en producci\u00f3n de bienes de car\u00e1cter preferente.<\/p>\n","protected":false},"excerpt":{"rendered":"<p>El Ayuntamiento de G\u00e1ldar aprob\u00f3 en una sesi\u00f3n plenaria extraordinaria celebrada este martes la cuenta general correspondiente al ejercicio 2025. Dichas cuentas confirman la buena salud financiera del Ayuntamiento de&hellip;<\/p>\n","protected":false},"author":1,"featured_media":3143,"comment_status":"open","ping_status":"open","sticky":false,"template":"","format":"standard","meta":{"wpai_generated_summary":"","wpai_meta_description":"","footnotes":""},"categories":[129],"tags":[],"class_list":["post-3142","post","type-post","status-publish","format-standard","has-post-thumbnail","hentry","category-ayuntamiento-de-galdar"],"_links":{"self":[{"href":"https:\/\/nublo.tv\/index.php\/wp-json\/wp\/v2\/posts\/3142","targetHints":{"allow":["GET"]}}],"collection":[{"href":"https:\/\/nublo.tv\/index.php\/wp-json\/wp\/v2\/posts"}],"about":[{"href":"https:\/\/nublo.tv\/index.php\/wp-json\/wp\/v2\/types\/post"}],"author":[{"embeddable":true,"href":"https:\/\/nublo.tv\/index.php\/wp-json\/wp\/v2\/users\/1"}],"replies":[{"embeddable":true,"href":"https:\/\/nublo.tv\/index.php\/wp-json\/wp\/v2\/comments?post=3142"}],"version-history":[{"count":1,"href":"https:\/\/nublo.tv\/index.php\/wp-json\/wp\/v2\/posts\/3142\/revisions"}],"predecessor-version":[{"id":3156,"href":"https:\/\/nublo.tv\/index.php\/wp-json\/wp\/v2\/posts\/3142\/revisions\/3156"}],"wp:featuredmedia":[{"embeddable":true,"href":"https:\/\/nublo.tv\/index.php\/wp-json\/wp\/v2\/media\/3143"}],"wp:attachment":[{"href":"https:\/\/nublo.tv\/index.php\/wp-json\/wp\/v2\/media?parent=3142"}],"wp:term":[{"taxonomy":"category","embeddable":true,"href":"https:\/\/nublo.tv\/index.php\/wp-json\/wp\/v2\/categories?post=3142"},{"taxonomy":"post_tag","embeddable":true,"href":"https:\/\/nublo.tv\/index.php\/wp-json\/wp\/v2\/tags?post=3142"}],"curies":[{"name":"wp","href":"https:\/\/api.w.org\/{rel}","templated":true}]}}