{"id":3144,"date":"2026-08-11T14:37:07","date_gmt":"2026-08-11T13:37:07","guid":{"rendered":"https:\/\/nublo.tv\/?p=3144"},"modified":"2026-08-27T12:35:27","modified_gmt":"2026-08-27T11:35:27","slug":"la-plaza-grande-de-guia-acoge-este-miercoles-el-espectaculo-el-viaje-de-keev-carballo-dentro-de-las-fiestas-de-la-virgen-2026","status":"publish","type":"post","link":"https:\/\/nublo.tv\/index.php\/2026\/08\/11\/la-plaza-grande-de-guia-acoge-este-miercoles-el-espectaculo-el-viaje-de-keev-carballo-dentro-de-las-fiestas-de-la-virgen-2026\/","title":{"rendered":"La Plaza Grande de Gu\u00eda acoge este mi\u00e9rcoles el espect\u00e1culo \u2018El Viaje\u2019 de Keev Carballo dentro de las Fiestas de La Virgen 2026"},"content":{"rendered":"<ul>\n<li><strong> Un recorrido musical por m\u00e1s de dos d\u00e9cadas de grandes \u00e9xitos con un repertorio que combina pop, rock, baladas, bachata, cumbia, salsa y reguet\u00f3n<\/strong><\/li>\n<\/ul>\n<p><strong>Gu\u00eda, 11 de agosto de 2026.-<\/strong> La Plaza Grande de Gu\u00eda se llenar\u00e1 de m\u00fasica nuevamente este mi\u00e9rcoles 12 de agosto con la llegada de &#8216;El Viaje&#8217;, el espect\u00e1culo del artista canario Keev Carballo. La cita, a partir de las 21:00 horas, dentro del programa de las Fiestas Patronales de La Virgen 2026, promete ofrecer al p\u00fablico asistente una velada inolvidable cargada de ritmo, emoci\u00f3n y recuerdos.<\/p>\n<p>El concierto est\u00e1 concebido como un recorrido musical a trav\u00e9s de m\u00e1s de dos d\u00e9cadas de grandes \u00e9xitos de la m\u00fasica en espa\u00f1ol e internacional. A lo largo de la noche, el artista trazar\u00e1 un itinerario sonoro que transita desde la calidez de momentos \u00edntimos y pasajes llenos de nostalgia hasta una aut\u00e9ntica fiesta de contagiosa energ\u00eda.<\/p>\n<p>El repertorio destaca por su versatilidad y variedad estil\u00edstica, integrando g\u00e9neros tan diversos como el pop, el rock espa\u00f1ol, las baladas rom\u00e1nticas as\u00ed como los ritmos latinos y urbanos m\u00e1s populares, entre los que no faltar\u00e1n la bachata, la cumbia, la salsa y el reguet\u00f3n. Esta combinaci\u00f3n de estilos garantiza una propuesta accesible y festiva pensada para el disfrute de todas las edades.<\/p>\n<p>Como atractivo central de la velada, el artista interpretar\u00e1 tres temas originales de su propia autor\u00eda. Estas composiciones no solo reflejan la identidad art\u00edstica y la madurez creativa de Keev Carballo, sino que aportan una impronta personal y diferenciadora a la propuesta esc\u00e9nica de la noche.<\/p>\n","protected":false},"excerpt":{"rendered":"<p>Un recorrido musical por m\u00e1s de dos d\u00e9cadas de grandes \u00e9xitos con un repertorio que combina pop, rock, baladas, bachata, cumbia, salsa y reguet\u00f3n Gu\u00eda, 11 de agosto de 2026.-&hellip;<\/p>\n","protected":false},"author":1,"featured_media":3145,"comment_status":"open","ping_status":"open","sticky":false,"template":"","format":"standard","meta":{"wpai_generated_summary":"","wpai_meta_description":"","footnotes":""},"categories":[138],"tags":[],"class_list":["post-3144","post","type-post","status-publish","format-standard","has-post-thumbnail","hentry","category-ayuntamiento-de-santa-maria-de-guia"],"_links":{"self":[{"href":"https:\/\/nublo.tv\/index.php\/wp-json\/wp\/v2\/posts\/3144","targetHints":{"allow":["GET"]}}],"collection":[{"href":"https:\/\/nublo.tv\/index.php\/wp-json\/wp\/v2\/posts"}],"about":[{"href":"https:\/\/nublo.tv\/index.php\/wp-json\/wp\/v2\/types\/post"}],"author":[{"embeddable":true,"href":"https:\/\/nublo.tv\/index.php\/wp-json\/wp\/v2\/users\/1"}],"replies":[{"embeddable":true,"href":"https:\/\/nublo.tv\/index.php\/wp-json\/wp\/v2\/comments?post=3144"}],"version-history":[{"count":1,"href":"https:\/\/nublo.tv\/index.php\/wp-json\/wp\/v2\/posts\/3144\/revisions"}],"predecessor-version":[{"id":3164,"href":"https:\/\/nublo.tv\/index.php\/wp-json\/wp\/v2\/posts\/3144\/revisions\/3164"}],"wp:featuredmedia":[{"embeddable":true,"href":"https:\/\/nublo.tv\/index.php\/wp-json\/wp\/v2\/media\/3145"}],"wp:attachment":[{"href":"https:\/\/nublo.tv\/index.php\/wp-json\/wp\/v2\/media?parent=3144"}],"wp:term":[{"taxonomy":"category","embeddable":true,"href":"https:\/\/nublo.tv\/index.php\/wp-json\/wp\/v2\/categories?post=3144"},{"taxonomy":"post_tag","embeddable":true,"href":"https:\/\/nublo.tv\/index.php\/wp-json\/wp\/v2\/tags?post=3144"}],"curies":[{"name":"wp","href":"https:\/\/api.w.org\/{rel}","templated":true}]}}