{"id":3146,"date":"2026-08-11T14:37:04","date_gmt":"2026-08-11T13:37:04","guid":{"rendered":"https:\/\/nublo.tv\/?p=3146"},"modified":"2026-08-27T12:35:27","modified_gmt":"2026-08-27T11:35:27","slug":"el-ayuntamiento-adjudica-los-trabajos-para-la-finalizacion-de-74-viviendas-protegidas-en-tamaraceite-sur","status":"publish","type":"post","link":"https:\/\/nublo.tv\/index.php\/2026\/08\/11\/el-ayuntamiento-adjudica-los-trabajos-para-la-finalizacion-de-74-viviendas-protegidas-en-tamaraceite-sur\/","title":{"rendered":"El Ayuntamiento adjudica los trabajos para la finalizaci\u00f3n de 74 viviendas protegidas en Tamaraceite Sur"},"content":{"rendered":"<p>La promoci\u00f3n, destinada al alquiler accesible, contribuir\u00e1 a ampliar el parque p\u00fablico de vivienda de la ciudad<br \/>\nLa actuaci\u00f3n permitir\u00e1 completar el edificio y realizar la totalidad de sus instalaciones y servicios<br \/>\nEl edificio incorporar\u00e1 viviendas adaptadas, espacios comunitarios y sistemas de eficiencia energ\u00e9tica<br \/>\nLas Palmas de Gran Canaria, 11 de agosto de 2026. El Ayuntamiento de Las Palmas de Gran Canaria, a trav\u00e9s de la Sociedad Municipal de Gesti\u00f3n Urban\u00edstica de Las Palmas de Gran Canaria (GEURSA), ha adjudicado las obras para culminar una promoci\u00f3n de 74 viviendas de protecci\u00f3n p\u00fablica (VPP) en Tamaraceite Sur, por un importe de 9.896.612,18 euros.<br \/>\nLos trabajos, a cuyo procedimiento se presentaron un total de cuatro ofertas, ser\u00e1n realizados por la compa\u00f1\u00eda Construplan, Construcciones y Planificaci\u00f3n, S.L.U.. As\u00ed, esta iniciativa permitir\u00e1 completar una promoci\u00f3n de viviendas protegidas destinada al alquiler accesible, ampliando el parque p\u00fablico de vivienda y facilitando el acceso a un hogar asequible a la ciudadan\u00eda.<br \/>\nEl concejal de Planificaci\u00f3n, Desarrollo Urbano y Vivienda, Mauricio Roque, ha se\u00f1alado que la adjudicaci\u00f3n \u201csupone un nuevo avance en el compromiso municipal por ampliar el parque p\u00fablico de vivienda y dar respuesta a una de las principales demandas de la ciudadan\u00eda\u201d. Asimismo, ha destacado que \u201cla finalizaci\u00f3n de esta promoci\u00f3n permitir\u00e1 aprovechar una infraestructura ya muy avanzada desde el punto de vista constructivo, optimizando los recursos p\u00fablicos y acelerando la puesta a disposici\u00f3n de 74 nuevas viviendas protegidas\u201d.<br \/>\nLa promoci\u00f3n fue concebida para su destino al alquiler accesible y contar\u00e1 con viviendas de distintas tipolog\u00edas para dar respuesta a las necesidades de diferentes unidades familiares. El edificio incluir\u00e1, adem\u00e1s, viviendas adaptadas para personas con movilidad reducida, un local comunitario y espacios comunes plenamente accesibles.<br \/>\nLa actuaci\u00f3n se desarrolla en un edificio de seis plantas sobre rasante y una planta s\u00f3tano ubicado en Tamaraceite Sur, una de las principales \u00e1reas de crecimiento residencial de la ciudad. El inmueble albergar\u00e1 74 viviendas protegidas distribuidas entre la planta baja y la quinta planta, adem\u00e1s de 20 trasteros, dos portales de acceso, cuatro ascensores, un local comunitario y diversas dependencias t\u00e9cnicas destinadas al funcionamiento del edificio.<br \/>\nLas obras incluir\u00e1n todas las actuaciones necesarias para completar la edificaci\u00f3n, desde los trabajos de refuerzo estructural y cerramientos hasta la ejecuci\u00f3n de fachadas, carpinter\u00edas, acabados interiores y exteriores e instalaciones de electricidad, fontaner\u00eda, saneamiento, ventilaci\u00f3n, telecomunicaciones, protecci\u00f3n contra incendios y energ\u00edas renovables.<br \/>\nEn materia de sostenibilidad, el proyecto incorporar\u00e1 sistemas de producci\u00f3n de agua caliente sanitaria mediante aerotermia y una instalaci\u00f3n fotovoltaica para autoconsumo, medidas que contribuir\u00e1n a mejorar la eficiencia energ\u00e9tica del edificio y a reducir su impacto ambiental.<br \/>\nLa actuaci\u00f3n se financia mediante el Plan de Recuperaci\u00f3n, Transformaci\u00f3n y Resiliencia del Gobierno de Espa\u00f1a, con fondos Next Generation de la Uni\u00f3n Europea canalizados a trav\u00e9s del Instituto Canario de la Vivienda (ICAVI), as\u00ed como con aportaci\u00f3n municipal a trav\u00e9s de GEURSA.<\/p>\n","protected":false},"excerpt":{"rendered":"<p>El Ayuntamiento de Las Palmas de Gran Canaria, a trav\u00e9s de la Sociedad Municipal de Gesti\u00f3n Urban\u00edstica de Las Palmas de Gran Canaria (GEURSA), ha adjudicado las obras para culminar&hellip;<\/p>\n","protected":false},"author":1,"featured_media":3147,"comment_status":"open","ping_status":"open","sticky":false,"template":"","format":"standard","meta":{"wpai_generated_summary":"","wpai_meta_description":"","footnotes":""},"categories":[132],"tags":[],"class_list":["post-3146","post","type-post","status-publish","format-standard","has-post-thumbnail","hentry","category-ayuntamiento-de-las-palmas-de-gran-canaria"],"_links":{"self":[{"href":"https:\/\/nublo.tv\/index.php\/wp-json\/wp\/v2\/posts\/3146","targetHints":{"allow":["GET"]}}],"collection":[{"href":"https:\/\/nublo.tv\/index.php\/wp-json\/wp\/v2\/posts"}],"about":[{"href":"https:\/\/nublo.tv\/index.php\/wp-json\/wp\/v2\/types\/post"}],"author":[{"embeddable":true,"href":"https:\/\/nublo.tv\/index.php\/wp-json\/wp\/v2\/users\/1"}],"replies":[{"embeddable":true,"href":"https:\/\/nublo.tv\/index.php\/wp-json\/wp\/v2\/comments?post=3146"}],"version-history":[{"count":1,"href":"https:\/\/nublo.tv\/index.php\/wp-json\/wp\/v2\/posts\/3146\/revisions"}],"predecessor-version":[{"id":3163,"href":"https:\/\/nublo.tv\/index.php\/wp-json\/wp\/v2\/posts\/3146\/revisions\/3163"}],"wp:featuredmedia":[{"embeddable":true,"href":"https:\/\/nublo.tv\/index.php\/wp-json\/wp\/v2\/media\/3147"}],"wp:attachment":[{"href":"https:\/\/nublo.tv\/index.php\/wp-json\/wp\/v2\/media?parent=3146"}],"wp:term":[{"taxonomy":"category","embeddable":true,"href":"https:\/\/nublo.tv\/index.php\/wp-json\/wp\/v2\/categories?post=3146"},{"taxonomy":"post_tag","embeddable":true,"href":"https:\/\/nublo.tv\/index.php\/wp-json\/wp\/v2\/tags?post=3146"}],"curies":[{"name":"wp","href":"https:\/\/api.w.org\/{rel}","templated":true}]}}