{"id":3148,"date":"2026-08-11T14:37:00","date_gmt":"2026-08-11T13:37:00","guid":{"rendered":"https:\/\/nublo.tv\/?p=3148"},"modified":"2026-08-27T12:35:27","modified_gmt":"2026-08-27T11:35:27","slug":"el-pueblo-de-san-lorenzo-reconoce-a-rufina-naranjo-manuel-suarez-y-juan-jose-laforet-en-su-gran-gala","status":"publish","type":"post","link":"https:\/\/nublo.tv\/index.php\/2026\/08\/11\/el-pueblo-de-san-lorenzo-reconoce-a-rufina-naranjo-manuel-suarez-y-juan-jose-laforet-en-su-gran-gala\/","title":{"rendered":"El pueblo de San Lorenzo reconoce a Rufina Naranjo, Manuel Su\u00e1rez y Juan Jos\u00e9 Laforet en su Gran Gala"},"content":{"rendered":"<p>Las Palmas de Gran Canaria, 11 de agosto de 2026. El pueblo de San Lorenzo celebr\u00f3 este lunes, 10 de agosto, su Gran Gala con motivo de las fiestas en honor a su patr\u00f3n, San Lorenzo, en un acto que sirvi\u00f3 para reconocer la trayectoria y la vinculaci\u00f3n con el pueblo de tres personas destacadas: Rufina Naranjo Su\u00e1rez, distinguida como Madre Mayor; Manuel Su\u00e1rez Jim\u00e9nez, nombrado Hijo Predilecto; y Juan Jos\u00e9 Laforet Hern\u00e1ndez, Cronista Oficial de Las Palmas de Gran Canaria y de Gran Canaria, que recibi\u00f3 el t\u00edtulo de Hijo Adoptivo.<br \/>\nLa gala cont\u00f3 con la presencia de la concejala de Fiestas, Betsaida Gonz\u00e1lez, y de la concejala del Distrito Tamaraceite-San Lorenzo-Tenoya, Esther Mart\u00edn, el presidente de la Comisi\u00f3n de Fiestas, Jos\u00e9 Garc\u00eda, as\u00ed como otros miembros de la corporaci\u00f3n municipal.<br \/>\nDurante el acto tambi\u00e9n se rindi\u00f3 homenaje a las v\u00edctimas de los terremotos de Venezuela mediante el tradicional encendido de velas, antes de dar paso al espect\u00e1culo \u2018Inmensos. Tributo a Raphael y Roc\u00edo Jurado\u2019, protagonizado por las voces andaluzas de Jos\u00e9 Ortiz y Ver\u00f3nica Lozano.<br \/>\nLa Gran Gala puso el broche a una jornada central de las fiestas de San Lorenzo que comenz\u00f3 de madrugada, a la 01:00 horas, con los tradicionales fuegos artificiales y el volc\u00e1n de voladores, y que continu\u00f3 durante el d\u00eda con la celebraci\u00f3n de la procesi\u00f3n del santo y la feria de exposici\u00f3n de ganado, uno de los actos m\u00e1s vinculados a la tradici\u00f3n y a la identidad del pueblo.<\/p>\n","protected":false},"excerpt":{"rendered":"<p>El pueblo de San Lorenzo celebr\u00f3 este lunes, 10 de agosto, su Gran Gala con motivo de las fiestas en honor a su patr\u00f3n, San Lorenzo, en un acto que&hellip;<\/p>\n","protected":false},"author":1,"featured_media":3149,"comment_status":"open","ping_status":"open","sticky":false,"template":"","format":"standard","meta":{"wpai_generated_summary":"","wpai_meta_description":"","footnotes":""},"categories":[132],"tags":[],"class_list":["post-3148","post","type-post","status-publish","format-standard","has-post-thumbnail","hentry","category-ayuntamiento-de-las-palmas-de-gran-canaria"],"_links":{"self":[{"href":"https:\/\/nublo.tv\/index.php\/wp-json\/wp\/v2\/posts\/3148","targetHints":{"allow":["GET"]}}],"collection":[{"href":"https:\/\/nublo.tv\/index.php\/wp-json\/wp\/v2\/posts"}],"about":[{"href":"https:\/\/nublo.tv\/index.php\/wp-json\/wp\/v2\/types\/post"}],"author":[{"embeddable":true,"href":"https:\/\/nublo.tv\/index.php\/wp-json\/wp\/v2\/users\/1"}],"replies":[{"embeddable":true,"href":"https:\/\/nublo.tv\/index.php\/wp-json\/wp\/v2\/comments?post=3148"}],"version-history":[{"count":1,"href":"https:\/\/nublo.tv\/index.php\/wp-json\/wp\/v2\/posts\/3148\/revisions"}],"predecessor-version":[{"id":3162,"href":"https:\/\/nublo.tv\/index.php\/wp-json\/wp\/v2\/posts\/3148\/revisions\/3162"}],"wp:featuredmedia":[{"embeddable":true,"href":"https:\/\/nublo.tv\/index.php\/wp-json\/wp\/v2\/media\/3149"}],"wp:attachment":[{"href":"https:\/\/nublo.tv\/index.php\/wp-json\/wp\/v2\/media?parent=3148"}],"wp:term":[{"taxonomy":"category","embeddable":true,"href":"https:\/\/nublo.tv\/index.php\/wp-json\/wp\/v2\/categories?post=3148"},{"taxonomy":"post_tag","embeddable":true,"href":"https:\/\/nublo.tv\/index.php\/wp-json\/wp\/v2\/tags?post=3148"}],"curies":[{"name":"wp","href":"https:\/\/api.w.org\/{rel}","templated":true}]}}