{"id":3154,"date":"2026-08-11T14:36:53","date_gmt":"2026-08-11T13:36:53","guid":{"rendered":"https:\/\/nublo.tv\/?p=3154"},"modified":"2026-08-29T08:57:49","modified_gmt":"2026-08-29T07:57:49","slug":"la-aldea-de-san-nicolas-convoca-un-concurso-de-fotografia-para-poner-en-valor-la-palmera-canaria","status":"publish","type":"post","link":"https:\/\/nublo.tv\/index.php\/2026\/08\/11\/la-aldea-de-san-nicolas-convoca-un-concurso-de-fotografia-para-poner-en-valor-la-palmera-canaria\/","title":{"rendered":"La Aldea de San Nicol\u00e1s convoca un concurso de fotograf\u00eda para poner en valor la Palmera Canaria"},"content":{"rendered":"<div>La iniciativa de la Concejal\u00eda de Medio Ambiente se enmarca en la celebraci\u00f3n del &#8216;III Festival Palmeras&#8217; y mantendr\u00e1 el plazo de presentaci\u00f3n de obras abierto hasta el 31 de agosto<\/div>\n<div><\/div>\n<div>El Ayuntamiento de La Aldea de San Nicol\u00e1s, a trav\u00e9s de la Concejal\u00eda de Medio Ambiente, ha lanzado el concurso de fotograf\u00eda \u00abLa Palmera Canaria\u00bb (<i>Phoenix canariensis<\/i>). Esta bonita iniciativa coincide con la esperada celebraci\u00f3n de la tercera edici\u00f3n del \u00abFestival Palmeras\u00bb, que tendr\u00e1 lugar este pr\u00f3ximo s\u00e1bado 15 de agosto. El objetivo principal es poner en valor este endemismo tan nuestro, as\u00ed como destacar los rincones y espacios de La Aldea, Reserva de la Biosfera, donde se concentra.<\/div>\n<div><\/div>\n<div>A este certamen podr\u00e1 concurrir todo el que tenga buena mano con la c\u00e1mara, ya sean profesionales o simples aficionados a la fotograf\u00eda. Las instant\u00e1neas deber\u00e1n inspirarse obligatoriamente en la presencia de la palmera canaria, tanto en nuestro medio rural como en las zonas urbanas del municipio. Desde la organizaci\u00f3n recuerdan que se descartar\u00e1n aquellas obras que sean fruto de fotomontajes o manipulaciones digitales, as\u00ed como las que muestren aspectos que pongan en peligro el estado de conservaci\u00f3n de especies amenazadas.<\/div>\n<div><\/div>\n<div>Para participar en el certamen, las personas interesadas podr\u00e1n presentar un m\u00e1ximo de tres fotograf\u00edas, ya sean a todo color o en blanco y negro. A la hora de entregar las obras, se pueden presentar de forma presencial impresas sobre un soporte semirr\u00edgido, acompa\u00f1adas siempre de un <i>pendrive<\/i> (USB) que contenga el archivo en formato JPG. Dicho archivo digital deber\u00e1 tener un peso de entre 3 y 5 MB que permita realizar ampliaciones a 70&#215;40 cent\u00edmetros sin que la imagen se pixele. En esta modalidad f\u00edsica, y para garantizar el total anonimato, las obras llevar\u00e1n un t\u00edtulo y se firmar\u00e1n bajo un seud\u00f3nimo al dorso, adjuntando adem\u00e1s un sobre cerrado (plica) que guarde en su interior la fotocopia del DNI y los datos personales del fot\u00f3grafo o fot\u00f3grafa. Por otro lado, la organizaci\u00f3n tambi\u00e9n da la facilidad de enviar las propuestas directamente por correo electr\u00f3nico a la direcci\u00f3n cultura@aytolaaldea.com, siempre y cuando se respeten y cumplan todas las caracter\u00edsticas t\u00e9cnicas exigidas.<\/div>\n<div><\/div>\n<div>Hay tiempo para buscar la mejor luz y el mejor encuadre, ya que el plazo de presentaci\u00f3n de fotograf\u00edas se mantendr\u00e1 abierto hasta el pr\u00f3ximo 31 de agosto de 2026.<\/div>\n<div><\/div>\n<div>En cuanto a los premios para las mejores capturas, el jurado, que estar\u00e1 compuesto por profesionales y entendidos del mundo de la fotograf\u00eda y el dise\u00f1o gr\u00e1fico, ser\u00e1 el encargado de seleccionar las im\u00e1genes ganadoras. Para esta edici\u00f3n se repartir\u00e1 un total de 475 euros, que quedar\u00e1n divididos en un primer premio dotado con un cheque en met\u00e1lico por valor de 250 euros, un segundo galard\u00f3n de 150 euros y, finalmente, un tercer premio de 75 euros.<\/div>\n<div><\/div>\n<div>La entrega de galardones se realizar\u00e1 en un acto p\u00fablico que se anunciar\u00e1 con antelaci\u00f3n. Las personas interesadas en participar pueden consultar todos los detalles y las bases completas en la p\u00e1gina web municipal: <a id=\"OWA08717cd3-ff5a-6ea4-7484-663c3c95e48d\" class=\"OWAAutoLink\" href=\"https:\/\/laaldeasanicolas.es\/\"><u>laaldeasanicolas.es.<\/u><\/a><\/div>\n<p>es\u00bb>La Aldea<\/a>.<\/p>\n","protected":false},"excerpt":{"rendered":"<p>La iniciativa de la Concejal\u00eda de Medio Ambiente se enmarca en la celebraci\u00f3n del &#8216;III Festival Palmeras&#8217; y mantendr\u00e1 el plazo de presentaci\u00f3n de obras abierto hasta el 31 de&hellip;<\/p>\n","protected":false},"author":1,"featured_media":3155,"comment_status":"open","ping_status":"open","sticky":false,"template":"","format":"standard","meta":{"wpai_generated_summary":"","wpai_meta_description":"","footnotes":""},"categories":[131],"tags":[],"class_list":["post-3154","post","type-post","status-publish","format-standard","has-post-thumbnail","hentry","category-ayuntamiento-de-la-aldea-de-san-nicolas"],"_links":{"self":[{"href":"https:\/\/nublo.tv\/index.php\/wp-json\/wp\/v2\/posts\/3154","targetHints":{"allow":["GET"]}}],"collection":[{"href":"https:\/\/nublo.tv\/index.php\/wp-json\/wp\/v2\/posts"}],"about":[{"href":"https:\/\/nublo.tv\/index.php\/wp-json\/wp\/v2\/types\/post"}],"author":[{"embeddable":true,"href":"https:\/\/nublo.tv\/index.php\/wp-json\/wp\/v2\/users\/1"}],"replies":[{"embeddable":true,"href":"https:\/\/nublo.tv\/index.php\/wp-json\/wp\/v2\/comments?post=3154"}],"version-history":[{"count":2,"href":"https:\/\/nublo.tv\/index.php\/wp-json\/wp\/v2\/posts\/3154\/revisions"}],"predecessor-version":[{"id":18115,"href":"https:\/\/nublo.tv\/index.php\/wp-json\/wp\/v2\/posts\/3154\/revisions\/18115"}],"wp:featuredmedia":[{"embeddable":true,"href":"https:\/\/nublo.tv\/index.php\/wp-json\/wp\/v2\/media\/3155"}],"wp:attachment":[{"href":"https:\/\/nublo.tv\/index.php\/wp-json\/wp\/v2\/media?parent=3154"}],"wp:term":[{"taxonomy":"category","embeddable":true,"href":"https:\/\/nublo.tv\/index.php\/wp-json\/wp\/v2\/categories?post=3154"},{"taxonomy":"post_tag","embeddable":true,"href":"https:\/\/nublo.tv\/index.php\/wp-json\/wp\/v2\/tags?post=3154"}],"curies":[{"name":"wp","href":"https:\/\/api.w.org\/{rel}","templated":true}]}}