{"id":316,"date":"2026-08-04T17:19:27","date_gmt":"2026-08-04T16:19:27","guid":{"rendered":"https:\/\/nublo.tv\/?p=316"},"modified":"2026-08-04T17:19:27","modified_gmt":"2026-08-04T16:19:27","slug":"el-proyecto-noa-convoca-a-jovenes-de-teror-a-participar-en-un-cluedo-musical-el-14-de-agosto","status":"publish","type":"post","link":"https:\/\/nublo.tv\/index.php\/2026\/08\/04\/el-proyecto-noa-convoca-a-jovenes-de-teror-a-participar-en-un-cluedo-musical-el-14-de-agosto\/","title":{"rendered":"El \u2018Proyecto NOA convoca a j\u00f3venes de Teror a participar en un cluedo musical el 14 de agosto"},"content":{"rendered":"<p><strong>La inscripci\u00f3n para participar en el juego es gratuita. Se desarrollar\u00e1 en el Museo de la Zafra, a las 20:00 horas.\u00a0<\/strong><\/p>\n<p>El Proyecto de Noches de Ocio Alternativas NOA ofrece el pr\u00f3ximo 14 de agosto el cluedo musical \u2018El \u00faltimo acorde\u2019, una experiencia \u00fanica que re\u00fane a j\u00f3venes de Ag\u00fcimes, Santa Luc\u00eda de Tirajana, Moya y Teror. La actividad gratuita tiene lugar a las 20:00 horas en el Museo de la Zafra, e incluye c\u00f3cteles sin alcohol y picoteo. La <a href=\"https:\/\/docs.google.com\/forms\/d\/1rfQzwEMxME_DOpMjnkwG0B5pzr2q78W-ThDHpoceEvw\/edit?usp=drivesdk\"><span style=\"color: #0000ff;\">inscripci\u00f3n<\/span><\/a> con plazas limitadas est\u00e1 abierta en el siguiente enlace <a href=\"https:\/\/docs.google.com\/forms\/d\/1rfQzwEMxME_DOpMjnkwG0B5pzr2q78W-ThDHpoceEvw\/edit?usp=drivesdk\"><span style=\"color: #0000ff;\">AQU\u00cd<\/span><\/a><\/p>\n<p>El \u00daltimo Acorde es una propuesta de juego inmersiva que fusiona m\u00fasica en directo, teatro e investigaci\u00f3n. Todo comienza con un crimen: el director de una orquesta ha sido asesinado. A partir de ese momento, cada escena, cada personaje y cada interpretaci\u00f3n musical esconder\u00e1n pistas que tendr\u00e1s que descubrir para resolver el caso.<\/p>\n<p>Por otra parte, el \u2018Proyecto NOA\u2019 ofrece tambi\u00e9n el <strong>6 de agosto<\/strong> a la juventud de Teror una <strong>Salida al cine<\/strong> para ver una pel\u00edcula que se anunciar\u00e1 pr\u00f3ximamente. La actividad es gratuita con transporte incluido, y la inscripci\u00f3n ya est\u00e1 abierta en el portal <strong><a href=\"https:\/\/eventos.teror.es\/\">juventud.teror.es<\/a>.\u00a0<\/strong><\/p>\n<p><a href=\"https:\/\/teror.es\/wp-content\/uploads\/2026\/07\/29_NOA-6agosto.png\"><img loading=\"lazy\" decoding=\"async\" class=\"alignright size-vp_sm wp-image-98554\" src=\"https:\/\/teror.es\/wp-content\/uploads\/2026\/07\/29_NOA-6agosto-500x617.png\" alt=\"\" width=\"500\" height=\"617\" srcset=\"https:\/\/teror.es\/wp-content\/uploads\/2026\/07\/29_NOA-6agosto-500x617.png 500w, https:\/\/teror.es\/wp-content\/uploads\/2026\/07\/29_NOA-6agosto-243x300.png 243w, https:\/\/teror.es\/wp-content\/uploads\/2026\/07\/29_NOA-6agosto-830x1024.png 830w, https:\/\/teror.es\/wp-content\/uploads\/2026\/07\/29_NOA-6agosto-768x948.png 768w, https:\/\/teror.es\/wp-content\/uploads\/2026\/07\/29_NOA-6agosto-800x988.png 800w, https:\/\/teror.es\/wp-content\/uploads\/2026\/07\/29_NOA-6agosto-100x123.png 100w, https:\/\/teror.es\/wp-content\/uploads\/2026\/07\/29_NOA-6agosto-777x959.png 777w, https:\/\/teror.es\/wp-content\/uploads\/2026\/07\/29_NOA-6agosto.png 1045w\" sizes=\"auto, (max-width: 500px) 100vw, 500px\"><\/a> La actividad del programa de ocio nocturno saludable \u2018Proyecto NOA\u2019, subvencionado por la Consejer\u00eda de Educaci\u00f3n y Juventud del Cabildo de Gran Canaria, cuenta con la colaboraci\u00f3n del la Concejal\u00eda de Juventud del Ayuntamiento de Teror. Su objetivo es ofrecer a la juventud de la isla alternativas reales, accesibles y saludables de ocio en horario de tarde-noche. Esta iniciativa lleva varios a\u00f1os realiz\u00e1ndose en la isla y este a\u00f1o ampl\u00eda su red de municipios, incorporando a Teror.<\/p>\n<p class=\"placeholder\">\n                                [ Placeholder content for popup link ]<br \/>\n                                <a href=\"https:\/\/www.wpdownloadmanager.com\/\">WordPress Download Manager &#8211; Best Download Management Plugin<\/a>\n                            <\/p>\n","protected":false},"excerpt":{"rendered":"<p>La inscripci\u00f3n para participar en el juego es gratuita. Se desarrollar\u00e1 en el Museo de la Zafra, a las 20:00 horas.\u00a0El Proyecto de Noches de Ocio Alternativas NOA ofrece el&hellip;<\/p>\n","protected":false},"author":21,"featured_media":318,"comment_status":"open","ping_status":"open","sticky":false,"template":"","format":"standard","meta":{"wpai_generated_summary":"","wpai_meta_description":"","footnotes":""},"categories":[141],"tags":[],"class_list":["post-316","post","type-post","status-publish","format-standard","has-post-thumbnail","hentry","category-ayuntamiento-de-teror"],"_links":{"self":[{"href":"https:\/\/nublo.tv\/index.php\/wp-json\/wp\/v2\/posts\/316","targetHints":{"allow":["GET"]}}],"collection":[{"href":"https:\/\/nublo.tv\/index.php\/wp-json\/wp\/v2\/posts"}],"about":[{"href":"https:\/\/nublo.tv\/index.php\/wp-json\/wp\/v2\/types\/post"}],"author":[{"embeddable":true,"href":"https:\/\/nublo.tv\/index.php\/wp-json\/wp\/v2\/users\/21"}],"replies":[{"embeddable":true,"href":"https:\/\/nublo.tv\/index.php\/wp-json\/wp\/v2\/comments?post=316"}],"version-history":[{"count":1,"href":"https:\/\/nublo.tv\/index.php\/wp-json\/wp\/v2\/posts\/316\/revisions"}],"predecessor-version":[{"id":421,"href":"https:\/\/nublo.tv\/index.php\/wp-json\/wp\/v2\/posts\/316\/revisions\/421"}],"wp:featuredmedia":[{"embeddable":true,"href":"https:\/\/nublo.tv\/index.php\/wp-json\/wp\/v2\/media\/318"}],"wp:attachment":[{"href":"https:\/\/nublo.tv\/index.php\/wp-json\/wp\/v2\/media?parent=316"}],"wp:term":[{"taxonomy":"category","embeddable":true,"href":"https:\/\/nublo.tv\/index.php\/wp-json\/wp\/v2\/categories?post=316"},{"taxonomy":"post_tag","embeddable":true,"href":"https:\/\/nublo.tv\/index.php\/wp-json\/wp\/v2\/tags?post=316"}],"curies":[{"name":"wp","href":"https:\/\/api.w.org\/{rel}","templated":true}]}}