{"id":3177,"date":"2026-08-11T15:40:46","date_gmt":"2026-08-11T14:40:46","guid":{"rendered":"https:\/\/nublo.tv\/?p=3177"},"modified":"2026-08-27T12:35:27","modified_gmt":"2026-08-27T11:35:27","slug":"talento-gran-canaria-64-nuevas-oportunidades-para-volver-a-casa-y-relanzar-tu-carrera-profesional","status":"publish","type":"post","link":"https:\/\/nublo.tv\/index.php\/2026\/08\/11\/talento-gran-canaria-64-nuevas-oportunidades-para-volver-a-casa-y-relanzar-tu-carrera-profesional\/","title":{"rendered":"Talento Gran Canaria: 64 nuevas oportunidades para volver a casa y relanzar tu carrera profesional"},"content":{"rendered":"<p class=\"wp-block-paragraph\">La Sociedad de Promoci\u00f3n Econ\u00f3mica de Gran Canaria (SPEGC), a trav\u00e9s de su iniciativa Talento Gran Canaria, ha compartido su \u00faltima newsletter informativa dirigida a los m\u00e1s de 1.600 profesionales canarios que actualmente forman parte de la red. En esta \u00faltima edici\u00f3n se han compartido 64 nuevas oportunidades laborales de 24 empresas ubicadas en Gran Canaria, conectando a nuestros profesionales en el exterior con el tejido empresarial de la isla.&nbsp;<\/p>\n<p class=\"wp-block-paragraph\">Entre las empresas con ofertas de empleo incluidas en la \u00faltima edici\u00f3n de la newsletter se encuentran <a href=\"https:\/\/adquiver.com\/\">AdQuiver<\/a>, <a href=\"https:\/\/www.algaehealthsciences.com\/\">AHS Canarias<\/a>, <a href=\"https:\/\/alientt.com\/\">Alien Technology Transfer<\/a>, <a href=\"https:\/\/www.amuseanimation.com\/\">Amuse Animation<\/a>, <a href=\"https:\/\/www.astican.es\/es\/\">ASTICAN<\/a>, <a href=\"https:\/\/binterjobs.bintercanarias.com\/?_gl=1*1e37p8s*_up*MQ..*_ga*MjAyMzcxMzA3LjE3ODY0NTUwNTI.*_ga_HS2H63Z2S6*czE3ODY0NTUwNTIkbzEkZzAkdDE3ODY0NTUwNTIkajYwJGwwJGgw*_gs*MQ..&amp;gclid=Cj0KCQjwkOvTBhDgARIsAKUNyRtsJoqp7_JSMUOY-E3LtmB52vIC4OZRZanhG29qTX45pUDsWSp_GeQaAgcFEALw_wcB&amp;gclsrc=aw.ds&amp;gbraid=0AAAAA9n71Jm6eb8rgFure0OTaPDNK4WdT\">Binter Canarias<\/a>, <a href=\"https:\/\/www.cib.de\/\">CIB<\/a>, <a href=\"https:\/\/cocosolution.com\/\">Coco Solution<\/a>, <a href=\"https:\/\/www.domingoalonsogroup.com\/\">Domingo Alonso Group<\/a>, <a href=\"https:\/\/www.dream-team.es\/\">Dream Team Executive Research<\/a>, <a href=\"https:\/\/evolved-ideas.com\/es\/\">Evolved Ideas Spain<\/a>, <a href=\"https:\/\/grupo-ari.com\/\">Grupo ARI<\/a>, <a href=\"https:\/\/www.gruposatocan.es\/\">Grupo Satocan<\/a>, <a href=\"http:\/\/hiperdino.es\/c9499\/empleo\">Hiperdino<\/a>, <a href=\"https:\/\/www.inerza.com\/\">Inerza<\/a>, <a href=\"https:\/\/empleo.lidl.es\/\">Lidl<\/a>, <a href=\"https:\/\/www.lopesan.com\/es\/corporativa\/empleo?_gl=1*19fnbn9*_up*MQ..*_gs*MQ..&amp;gclid=Cj0KCQjwkOvTBhDgARIsAKUNyRsly-7ltIdhoL8XBGBa9MwWkPIk95kKahGbx-nfTB3YNEJ0m6lIMSMaAtmXEALw_wcB&amp;gbraid=0AAAAADsWDw3dgGJJysWKVORVgASxH4h-I\">LOPESAN<\/a>, <a href=\"https:\/\/www.nexoconsult.com\/\">Nexo Consult<\/a>,<a href=\"https:\/\/es.nttdata.com\/about-us?utm_source=google&amp;utm_campaign=brand&amp;utm_medium=paid_search&amp;utm_term=&amp;utm_content=&amp;utm_country=es&amp;utm_source=Google&amp;utm_campaign=OverarchingAI.Ignite&amp;utm_medium=paid_search&amp;utm_term=AIforgood&amp;utm_content=ppc&amp;utm_country=ES&amp;gad_source=1&amp;gad_campaignid=23097967564&amp;gbraid=0AAAAA_WvaCQ0pg8stazqRGHogZv5Tvev2&amp;gclid=Cj0KCQjwkOvTBhDgARIsAKUNyRtOcPe_F_4dUKvDQAKXyKdNVDdAYXs5H0GDgKh_7D0CiJLmQWxmxLIaAtbAEALw_wcB\"> NTT Data<\/a>, <a href=\"https:\/\/plocan.eu\/ofertas-de-empleo\">PLOCAN<\/a>, <a href=\"https:\/\/www.seaside-collection.com\/es\/carrera\/\">Seaside Collection<\/a>, <a href=\"https:\/\/talemtia.com\/\">Talemtia Consultores<\/a>, <a href=\"https:\/\/jobs.veolia.com\/es\">Veolia <\/a>y <a href=\"https:\/\/wapmediagroup.com\/\">WAP<\/a>.<\/p>\n<p class=\"wp-block-paragraph\">Este canal de comunicaci\u00f3n naci\u00f3 con el objetivo de acercar el ecosistema econ\u00f3mico y empresarial de la isla a los profesionales que desarrollan su carrera en el exterior. Talento Gran Canaria refuerza su compromiso con la vinculaci\u00f3n continua y activa de su comunidad, facilitando el acceso a oportunidades profesionales y promoviendo el retorno del conocimiento y la experiencia adquiridos fuera de las islas.<\/p>\n<p class=\"wp-block-paragraph\">Los interesados en inscribirse <a href=\"https:\/\/talentograncanaria.com\/darse-de-alta\/#tabcandidato\">a la red pueden realizarlo a trav\u00e9s de la web de Talento Gran Canaria<\/a>.<\/p>\n","protected":false},"excerpt":{"rendered":"<p>La Sociedad de Promoci\u00f3n Econ\u00f3mica de Gran Canaria (SPEGC), a trav\u00e9s de su iniciativa Talento Gran Canaria, ha compartido su \u00faltima newsletter informativa dirigida a los m\u00e1s de 1.600 profesionales&hellip;<\/p>\n","protected":false},"author":1,"featured_media":3178,"comment_status":"open","ping_status":"open","sticky":false,"template":"","format":"standard","meta":{"wpai_generated_summary":"","wpai_meta_description":"","footnotes":""},"categories":[121],"tags":[],"class_list":["post-3177","post","type-post","status-publish","format-standard","has-post-thumbnail","hentry","category-noticias"],"_links":{"self":[{"href":"https:\/\/nublo.tv\/index.php\/wp-json\/wp\/v2\/posts\/3177","targetHints":{"allow":["GET"]}}],"collection":[{"href":"https:\/\/nublo.tv\/index.php\/wp-json\/wp\/v2\/posts"}],"about":[{"href":"https:\/\/nublo.tv\/index.php\/wp-json\/wp\/v2\/types\/post"}],"author":[{"embeddable":true,"href":"https:\/\/nublo.tv\/index.php\/wp-json\/wp\/v2\/users\/1"}],"replies":[{"embeddable":true,"href":"https:\/\/nublo.tv\/index.php\/wp-json\/wp\/v2\/comments?post=3177"}],"version-history":[{"count":1,"href":"https:\/\/nublo.tv\/index.php\/wp-json\/wp\/v2\/posts\/3177\/revisions"}],"predecessor-version":[{"id":3179,"href":"https:\/\/nublo.tv\/index.php\/wp-json\/wp\/v2\/posts\/3177\/revisions\/3179"}],"wp:featuredmedia":[{"embeddable":true,"href":"https:\/\/nublo.tv\/index.php\/wp-json\/wp\/v2\/media\/3178"}],"wp:attachment":[{"href":"https:\/\/nublo.tv\/index.php\/wp-json\/wp\/v2\/media?parent=3177"}],"wp:term":[{"taxonomy":"category","embeddable":true,"href":"https:\/\/nublo.tv\/index.php\/wp-json\/wp\/v2\/categories?post=3177"},{"taxonomy":"post_tag","embeddable":true,"href":"https:\/\/nublo.tv\/index.php\/wp-json\/wp\/v2\/tags?post=3177"}],"curies":[{"name":"wp","href":"https:\/\/api.w.org\/{rel}","templated":true}]}}