{"id":3198,"date":"2026-08-11T21:27:35","date_gmt":"2026-08-11T20:27:35","guid":{"rendered":"https:\/\/nublo.tv\/?p=3198"},"modified":"2026-08-27T12:35:27","modified_gmt":"2026-08-27T11:35:27","slug":"el-infantil-fundacion-afronta-una-nueva-temporada-marcada-por-el-salto-al-futbol-11","status":"publish","type":"post","link":"https:\/\/nublo.tv\/index.php\/2026\/08\/11\/el-infantil-fundacion-afronta-una-nueva-temporada-marcada-por-el-salto-al-futbol-11\/","title":{"rendered":"El Infantil Fundaci\u00f3n afronta una nueva temporada marcada por el salto al F\u00fatbol 11"},"content":{"rendered":"<p>El conjunto amarillo afronta este curso con una plantilla formada en un *80 % por jugadores procedentes del Alev\u00edn*, dando continuidad al trabajo realizado durante las \u00faltimas temporadas y reforzando el proceso de crecimiento de una generaci\u00f3n que afronta ahora un importante cambio en su formaci\u00f3n.<\/p>\n<p>La principal novedad para el grupo ser\u00e1 el *paso del F\u00fatbol 7 al F\u00fatbol 11*, un nuevo escenario competitivo que supondr\u00e1 un importante reto para los jugadores y que les permitir\u00e1 continuar desarrollando sus capacidades dentro de la estructura de formaci\u00f3n de la UD Las Palmas.<\/p>\n<p>Al frente del equipo estar\u00e1 *Miguel Ben\u00edtez*, que asumir\u00e1 el cargo de primer entrenador, acompa\u00f1ado por un cuerpo t\u00e9cnico que trabajar\u00e1 junto a los jugadores durante esta nueva etapa.<\/p>\n<p>Cuerpo t\u00e9cnico<\/p>\n<p>Miguel Ben\u00edtez \u2013 Primer entrenador<br \/>\nN\u00e9stor Alem\u00e1n \u2013 Segundo entrenador<br \/>\nJos\u00e9 Gonz\u00e1lez \u2013 Preparador de porteros<br \/>\nSanti Alem\u00e1n \u2013 Readaptador<br \/>\nV\u00edctor Pons \u2013 M\u00e9dico<br \/>\nPachi Naranjo \u2013 Psic\u00f3logo<br \/>\nJuan Ferrer \u2013 Coach mental<br \/>\nDarian M\u00e9ndez \u2013 Fisioterapeuta<br \/>\nDaniel Su\u00e1rez \u2013 Nutricionista<br \/>\nSamuel Rodr\u00edguez \u2013 Encargado de material<br \/>\nLeonardo Gil \u2013 Encargado de material<br \/>\nJosu\u00e9 Castellano \u2013 Encargado de material<br \/>\nCarlos Cabrera \u2013 Delegado de equipo<br \/>\nArturo P\u00e9rez \u2013 Coordinador de etapa<br \/>\nEl Infantil Fundaci\u00f3n inicia as\u00ed una temporada ilusionante, en la que el aprendizaje y la adaptaci\u00f3n al F\u00fatbol 11 ser\u00e1n protagonistas, con el objetivo de seguir formando futbolistas y personas y avanzar en el camino de crecimiento dentro de la cantera amarilla.<\/p>\n","protected":false},"excerpt":{"rendered":"<p>El Infantil Fundaci\u00f3n de la UD Las Palmas ha celebrado la presentaci\u00f3n oficial de la plantilla y del cuerpo t\u00e9cnico para la temporada 2026\/27, dando comienzo a una nueva etapa&hellip;<\/p>\n","protected":false},"author":1,"featured_media":3199,"comment_status":"open","ping_status":"open","sticky":false,"template":"","format":"standard","meta":{"wpai_generated_summary":"","wpai_meta_description":"","footnotes":""},"categories":[122],"tags":[],"class_list":["post-3198","post","type-post","status-publish","format-standard","has-post-thumbnail","hentry","category-deportes"],"_links":{"self":[{"href":"https:\/\/nublo.tv\/index.php\/wp-json\/wp\/v2\/posts\/3198","targetHints":{"allow":["GET"]}}],"collection":[{"href":"https:\/\/nublo.tv\/index.php\/wp-json\/wp\/v2\/posts"}],"about":[{"href":"https:\/\/nublo.tv\/index.php\/wp-json\/wp\/v2\/types\/post"}],"author":[{"embeddable":true,"href":"https:\/\/nublo.tv\/index.php\/wp-json\/wp\/v2\/users\/1"}],"replies":[{"embeddable":true,"href":"https:\/\/nublo.tv\/index.php\/wp-json\/wp\/v2\/comments?post=3198"}],"version-history":[{"count":1,"href":"https:\/\/nublo.tv\/index.php\/wp-json\/wp\/v2\/posts\/3198\/revisions"}],"predecessor-version":[{"id":3202,"href":"https:\/\/nublo.tv\/index.php\/wp-json\/wp\/v2\/posts\/3198\/revisions\/3202"}],"wp:featuredmedia":[{"embeddable":true,"href":"https:\/\/nublo.tv\/index.php\/wp-json\/wp\/v2\/media\/3199"}],"wp:attachment":[{"href":"https:\/\/nublo.tv\/index.php\/wp-json\/wp\/v2\/media?parent=3198"}],"wp:term":[{"taxonomy":"category","embeddable":true,"href":"https:\/\/nublo.tv\/index.php\/wp-json\/wp\/v2\/categories?post=3198"},{"taxonomy":"post_tag","embeddable":true,"href":"https:\/\/nublo.tv\/index.php\/wp-json\/wp\/v2\/tags?post=3198"}],"curies":[{"name":"wp","href":"https:\/\/api.w.org\/{rel}","templated":true}]}}