{"id":32,"date":"2026-08-04T17:37:41","date_gmt":"2026-08-04T16:37:41","guid":{"rendered":"https:\/\/nublo.tv\/?p=32"},"modified":"2026-08-04T17:37:41","modified_gmt":"2026-08-04T16:37:41","slug":"arinaga-se-llena-de-musica-y-diversion-para-toda-la-familia-con-un-verano-al-aire-libre","status":"publish","type":"post","link":"https:\/\/nublo.tv\/index.php\/2026\/08\/04\/arinaga-se-llena-de-musica-y-diversion-para-toda-la-familia-con-un-verano-al-aire-libre\/","title":{"rendered":"Arinaga se llena de m\u00fasica y diversi\u00f3n para toda la familia con \u2018Un verano al aire libre\u2019."},"content":{"rendered":"<p class=\"p-meta\"><span>Marcos Hern\u00e1ndez Bola\u00f1os<\/span><span><time class=\"entry-date\" datetime=\"2026-07-21T15:54:45+00:00\">21\/07\/2026<\/time><\/span><span><a href=\"https:\/\/aguimes.es\/category\/noticias\/\" title=\"View all posts in: \u201cNoticias\u201d\">Noticias<\/a>, <a href=\"https:\/\/aguimes.es\/category\/noticias\/playas\/\" title=\"View all posts in: \u201cPlayas\u201d\">Playas<\/a><\/span><\/p>\n<p class=\"wp-block-paragraph\"><strong>Espect\u00e1culos infantiles, conciertos, actividades acu\u00e1ticas y mucho ambiente familiar protagonizar\u00e1n la programaci\u00f3n gratuita organizada para el mes de agosto.\u00a0\u00a0\u00a0<\/strong><\/p>\n<p class=\"wp-block-paragraph\">\u2018Un verano al aire libre\u2019, el programa organizado por el Ayuntamiento de Ag\u00fcimes para animar los fines de semana de agosto, vuelve a Arinaga con propuestas para todas las edades en diferentes espacios de la costa del municipio. Espect\u00e1culos infantiles, conciertos, actividades acu\u00e1ticas y mucho ambiente familiar protagonizar\u00e1n esta nueva edici\u00f3n para todos los p\u00fablicos.\u00a0<\/p>\n<p class=\"wp-block-paragraph\">La programaci\u00f3n seguir\u00e1 la misma din\u00e1mica en diferentes localizaciones del litoral. Los s\u00e1bados arrancar\u00e1n con actuaciones infantiles a las 12:00, sesiones de Bailarinaga a las 16:00 y actuaciones musicales a las 19:00. As\u00ed, el primer s\u00e1bado, 1 de agosto, el espect\u00e1culo infantil de Tot\u00f3 el Payaso y la m\u00fasica de Yet Garbey llegar\u00e1n al Soco Negro.\u00a0<\/p>\n<p class=\"wp-block-paragraph\">Los domingos, la m\u00fasica ser\u00e1 la gran protagonista, con actuaciones a las 16:00 y las 17:00. El domingo 2 de agosto los primeros en actuar ser\u00e1n Fran Su\u00e1rez y Rodian, respectivamente, en el Soco Negro. Adem\u00e1s, esta localizaci\u00f3n acoger\u00e1 una de las grandes protagonistas del programa: las actividades infantiles acu\u00e1ticas, que se celebrar\u00e1n todos los domingos a partir de las 10:00, ofreciendo a los m\u00e1s peque\u00f1os una divertida alternativa para disfrutar del litoral.<\/p>\n<p class=\"wp-block-paragraph\">El siguiente fin de semana, la actividad se trasladar\u00e1 a la zona de Los Barquillos, en la avenida de Los Pescadores, junto al ficus, donde tendr\u00e1 lugar el espect\u00e1culo de magia y humor de Chispita Clown. M\u00e1s tarde, ser\u00e1 el turno de la m\u00fasica en directo con las actuaciones del violinista Jos\u00e9 Luis Montesdeoca, el grupo Pick Up y una nueva sesi\u00f3n de Bailarinaga a cargo de Paco Guedes.<\/p>\n<p class=\"wp-block-paragraph\">La diversi\u00f3n continuar\u00e1 los d\u00edas 15 y 16 de agosto con el espect\u00e1culo infantil Circ\u00f3patas, la actuaci\u00f3n de Reina de Sal y los conciertos de Fran Su\u00e1rez y Se\u00f1or Natilla, en dos jornadas pensadas para disfrutar del verano junto al mar. El puesto de socorro tomar\u00e1 el relevo los d\u00edas 22 y 23 de agosto con las actuaciones del Payaso Zapitto, Kalima Lim\u00f3n, Jos\u00e9 Luis Montesdeoca y Hach\u00e9 Tamarindos, mientras que el cierre del programa llegar\u00e1 el \u00faltimo fin de semana de agosto en la Caseta del Muelle con An\u00edbal el Mago, Kilian Viera, Jos\u00e9 Luis Montesdeoca y el grupo Maldita EGB.<\/p>\n","protected":false},"excerpt":{"rendered":"<p>Marcos Hern\u00e1ndez Bola\u00f1os21\/07\/2026Noticias, PlayasEspect\u00e1culos infantiles, conciertos, actividades acu\u00e1ticas y mucho ambiente familiar protagonizar\u00e1n la programaci\u00f3n gratuita organizada para el mes de agosto.\u00a0\u00a0\u00a0\u2018Un verano al aire libre\u2019, el programa organizado por&hellip;<\/p>\n","protected":false},"author":4,"featured_media":33,"comment_status":"open","ping_status":"open","sticky":false,"template":"","format":"standard","meta":{"wpai_generated_summary":"","wpai_meta_description":"","footnotes":""},"categories":[125],"tags":[],"class_list":["post-32","post","type-post","status-publish","format-standard","has-post-thumbnail","hentry","category-ayuntamiento-de-aguimes"],"_links":{"self":[{"href":"https:\/\/nublo.tv\/index.php\/wp-json\/wp\/v2\/posts\/32","targetHints":{"allow":["GET"]}}],"collection":[{"href":"https:\/\/nublo.tv\/index.php\/wp-json\/wp\/v2\/posts"}],"about":[{"href":"https:\/\/nublo.tv\/index.php\/wp-json\/wp\/v2\/types\/post"}],"author":[{"embeddable":true,"href":"https:\/\/nublo.tv\/index.php\/wp-json\/wp\/v2\/users\/4"}],"replies":[{"embeddable":true,"href":"https:\/\/nublo.tv\/index.php\/wp-json\/wp\/v2\/comments?post=32"}],"version-history":[{"count":1,"href":"https:\/\/nublo.tv\/index.php\/wp-json\/wp\/v2\/posts\/32\/revisions"}],"predecessor-version":[{"id":603,"href":"https:\/\/nublo.tv\/index.php\/wp-json\/wp\/v2\/posts\/32\/revisions\/603"}],"wp:featuredmedia":[{"embeddable":true,"href":"https:\/\/nublo.tv\/index.php\/wp-json\/wp\/v2\/media\/33"}],"wp:attachment":[{"href":"https:\/\/nublo.tv\/index.php\/wp-json\/wp\/v2\/media?parent=32"}],"wp:term":[{"taxonomy":"category","embeddable":true,"href":"https:\/\/nublo.tv\/index.php\/wp-json\/wp\/v2\/categories?post=32"},{"taxonomy":"post_tag","embeddable":true,"href":"https:\/\/nublo.tv\/index.php\/wp-json\/wp\/v2\/tags?post=32"}],"curies":[{"name":"wp","href":"https:\/\/api.w.org\/{rel}","templated":true}]}}