{"id":320,"date":"2026-08-04T17:32:54","date_gmt":"2026-08-04T16:32:54","guid":{"rendered":"https:\/\/nublo.tv\/?p=320"},"modified":"2026-08-04T17:32:54","modified_gmt":"2026-08-04T16:32:54","slug":"la-universidad-popular-de-teror-abre-este-lunes-el-plazo-de-inscripcion-para-el-proximo-curso","status":"publish","type":"post","link":"https:\/\/nublo.tv\/index.php\/2026\/08\/04\/la-universidad-popular-de-teror-abre-este-lunes-el-plazo-de-inscripcion-para-el-proximo-curso\/","title":{"rendered":"La Universidad Popular de Teror abre este lunes el plazo de inscripci\u00f3n para el pr\u00f3ximo curso"},"content":{"rendered":"<p class=\"p-meta\">\n<p>        <span><a href=\"https:\/\/teror.es\/category\/noticias\/universidad-popular\/\" title=\"View all posts in: \u201cUniversidad Popular\u201d\">Universidad Popular<\/a><\/span><br \/>\n        <span><time class=\"entry-date\" datetime=\"2026-08-03T05:00:59+00:00\">3 agosto 2026<\/time><\/span>\n        <\/p>\n<p><strong>La oferta de talleres incluye Pintura al \u00f3leo, Patchwork, Corte y Confecci\u00f3n, Restauraci\u00f3n de muebles, Yoga y Crochet. El alumnado podr\u00e1 este curso domiciliar la cuota trimestral de las clases a trav\u00e9s de VALORA,\u00a0 facilitando as\u00ed la tramitaci\u00f3n del pago.\u00a0<\/strong><\/p>\n<p>La Universidad Popular de Teror abre este lunes 3 de agosto el plazo de inscripci\u00f3n para el pr\u00f3ximo curso 2026-2027, manteniendo el programa formativo de talleres de los \u00faltimos a\u00f1os, que incluye \u2018Pintura al \u00f3leo\u2019, \u2018Patchwork\u2019, \u2018Corte y Confecci\u00f3n\u2019, \u2018Restauraci\u00f3n de muebles\u2019, \u2018Yoga\u2019 y \u2018Crochet\u2019. El plazo de matriculaci\u00f3n permanece abierto hasta el viernes 14 de agosto de 2026 a trav\u00e9s del <a href=\"https:\/\/forms.cloud.microsoft\/pages\/responsepage.aspx?id=pyivKF8s706uJZvkpA5RN0fw7S7L0nFMh6jXfDLGQ_NUMkhWMk4xTFkzN0NUNVNOOUU4MktTQTY5Ri4u&amp;route=shorturl\"><span style=\"color: #0000ff;\">formulario de inscripci\u00f3n que se activar\u00e1 el 3 de agosto<\/span> <span style=\"color: #0000ff;\">a las 9:00 horas<\/span>.<\/a> Est\u00e1 previsto que el curso se inicie en octubre.<\/p>\n<p>Como novedad, una vez realizada la matr\u00edcula, el alumnado podr\u00e1 este curso domiciliar la cuota trimestral de las clases a trav\u00e9s de VALORA,\u00a0 facilitando as\u00ed la tramitaci\u00f3n del pago.<\/p>\n<p><span data-olk-copy-source=\"MessageBody\">Desde el \u00e1rea de la Universidad Popular de Teror, que dirige la edil Angharad Quintana, se informa de que adem\u00e1s de la oferta anual de talleres, durante el curso se convocar\u00e1n actividades puntuales teniendo en cuenta la demanda del alumnado.<\/span><\/p>\n<p>En esta ocasi\u00f3n, al igual que el pasado a\u00f1o, para la solicitud de inscripci\u00f3n no es necesario disponer de certificado digital, ni realizar un tr\u00e1mite por registro de entrada a trav\u00e9s de la sede electr\u00f3nica, ni acudir presencialmente a las oficinas municipales. Solamente debe rellenarse el formulario con los datos personales del alumno\/a interesado y seleccionar el\/ los cursos al que se quiere inscribir. Al enlace se puede acceder por ordenador, y tambi\u00e9n desde cualquier m\u00f3vil, por lo que el procedimiento es mucho m\u00e1s r\u00e1pido y sencillo.<\/p>\n<p>El coste de la actividad se mantiene igual que en cursos, con una cuota de 3 \u20ac en concepto de matr\u00edcula y 27 \u20ac por trimestre. Por tanto, el importe del primer pago ser\u00e1 de 30 \u20ac (3 \u20ac de matr\u00edcula + 27 \u20ac del primer trimestre), mientras que los pagos posteriores ser\u00e1n de 27 \u20ac trimestrales. Los pagos domiciliados a trav\u00e9s de Valora se realizar\u00e1n con car\u00e1cter trimestral, conforme a los siguientes periodos y fechas aproximadas de cobro:<br \/>\nOctubre \u2013 Diciembre: alrededor del 31\/12\/2026.<br \/>\nEnero \u2013 Marzo: alrededor del 01\/04\/2027.<br \/>\nAbril \u2013 Junio: alrededor del 01\/07\/2027.<\/p>\n<p>En el caso del alumnado que no tenga domiciliado el recibo, este se deber\u00e1 remitir en formato papel con el periodo de pago correspondiente, pudiendo abonarse en las entidades bancarias, consultando previamente el calendario de pagos de Valora.<\/p>\n<p><strong>Yoga<\/strong><br \/>\n* Lunes y mi\u00e9rcoles 9:30\u201311:00<br \/>\n* Lunes y mi\u00e9rcoles 16:00\u201317:30<br \/>\n* Lunes y mi\u00e9rcoles 17:30\u201319:00<br \/>\n* Lunes y mi\u00e9rcoles 19:00\u201320:30<br \/>\n* Martes y jueves 9:30\u201311:00<br \/>\n* Martes y jueves 11:00\u201312:30<br \/>\n* Martes y jueves 16:00\u201317:30<br \/>\n* Martes y jueves 17:30\u201319:00<\/p>\n<p><strong>Corte y Confecci\u00f3n<\/strong><br \/>\n* Lunes 10:00\u201313:00<br \/>\n* Lunes 15:00\u201318:00<br \/>\n* Lunes 18:00\u201321:00<br \/>\n* Martes 15:00\u201318:00<br \/>\n* Martes 18:00\u201321:00<br \/>\n* Mi\u00e9rcoles 10:00\u201313:00<br \/>\n* Mi\u00e9rcoles 16:00\u201319:00<br \/>\n* Jueves 10:00\u201313:00<br \/>\n* Jueves 16:00\u201319:00<\/p>\n<p><strong>Pintura al \u00d3leo<\/strong><br \/>\n* Lunes 10:00h-13:00h<br \/>\n* Lunes 16:00\u201319:00<br \/>\n* Jueves 16:00\u201319:00<\/p>\n<p>Crochet<br \/>\n* Martes 16:00\u201319:00<br \/>\n* Mi\u00e9rcoles 15:00\u201318:00<br \/>\n* Mi\u00e9rcoles 18:00\u201321:00<br \/>\n* Viernes 15:00\u201318:00<br \/>\n* Viernes 18:00\u201321:00<\/p>\n<p><strong>Patchwork<\/strong><br \/>\n* Lunes 16:00\u201319:00<br \/>\n* Mi\u00e9rcoles 9:00\u201312:00<br \/>\n* Jueves 16:00\u201319:00<\/p>\n<p><strong>Restauraci\u00f3n de Muebles<\/strong><br \/>\n* Lunes 10:00\u201313:00<br \/>\n* Lunes 15:00\u201318:00<br \/>\n* Lunes 18:00\u201321:00<br \/>\n* Martes 15:00\u201318:00<br \/>\n* Martes 18:00\u201321:00<br \/>\n* Mi\u00e9rcoles 10:00\u201313:00<br \/>\n* Mi\u00e9rcoles 16:00\u201319:00<br \/>\n* Jueves 10:00\u201313:00<br \/>\n* Jueves 16:00\u201319:00<\/p>\n<p><strong>CONSIDERACIONES EN LA SOLICITUD<\/strong><br \/>\nEs importante tener en cuenta las siguientes consideraciones con respecto a la realizaci\u00f3n de la solicitud:<br \/>\nLas clases comenzar\u00e1n en el mes de octubre. Las personas admitidas ser\u00e1n contactadas mediante el correo electr\u00f3nico facilitado en este cuestionario a mediados del mes de septiembre para confirmar la adjudicaci\u00f3n de la plaza. En caso de no haber plazas disponibles ni en el taller seleccionado ni en la segunda opci\u00f3n de horario indicada, la persona solicitante ser\u00e1 incluida autom\u00e1ticamente en la lista de espera. Si durante el curso se produjeran vacantes o fuera posible ampliar el n\u00famero de plazas o crear nuevos grupos, se contactar\u00e1 con las personas incluidas en la lista de espera para ofrecerles la posibilidad de incorporarse al taller en el trimestre siguiente.<\/p>\n<p>La confirmaci\u00f3n de plaza a los talleres se comunicar\u00e1 telef\u00f3nicamente a mediados del mes de septiembre.<br \/>\nEs obligado que el contacto telef\u00f3nico y el correo electr\u00f3nico, as\u00ed como el resto de datos personales, que figura en la matr\u00edcula corresponda al alumno\/a para garantizar la comunicaci\u00f3n con el mismo.<\/p>\n<p>En un mismo formulario, puede inscribirse a todos los talleres que se desee.<br \/>\nEn el formulario se solicita seleccionar el horario principal deseado para cada taller, y, adicionalmente, se ofrece la posibilidad de indicar una segunda opci\u00f3n de horario, que se tendr\u00e1 en cuenta \u00fanicamente en caso de que no queden plazas disponibles en la opci\u00f3n principal. Esto da mayores oportunidades de conseguir plaza.<\/p>\n<p class=\"placeholder\">\n                                [ Placeholder content for popup link ]<br \/>\n                                <a href=\"https:\/\/www.wpdownloadmanager.com\/\">WordPress Download Manager &#8211; Best Download Management Plugin<\/a>\n                            <\/p>\n","protected":false},"excerpt":{"rendered":"<p>Universidad Popular 3 agosto 2026 La oferta de talleres incluye Pintura al \u00f3leo, Patchwork, Corte y Confecci\u00f3n, Restauraci\u00f3n de muebles, Yoga y Crochet. El alumnado podr\u00e1 este curso domiciliar la&hellip;<\/p>\n","protected":false},"author":21,"featured_media":322,"comment_status":"open","ping_status":"open","sticky":false,"template":"","format":"standard","meta":{"wpai_generated_summary":"","wpai_meta_description":"","footnotes":""},"categories":[141],"tags":[],"class_list":["post-320","post","type-post","status-publish","format-standard","has-post-thumbnail","hentry","category-ayuntamiento-de-teror"],"_links":{"self":[{"href":"https:\/\/nublo.tv\/index.php\/wp-json\/wp\/v2\/posts\/320","targetHints":{"allow":["GET"]}}],"collection":[{"href":"https:\/\/nublo.tv\/index.php\/wp-json\/wp\/v2\/posts"}],"about":[{"href":"https:\/\/nublo.tv\/index.php\/wp-json\/wp\/v2\/types\/post"}],"author":[{"embeddable":true,"href":"https:\/\/nublo.tv\/index.php\/wp-json\/wp\/v2\/users\/21"}],"replies":[{"embeddable":true,"href":"https:\/\/nublo.tv\/index.php\/wp-json\/wp\/v2\/comments?post=320"}],"version-history":[{"count":1,"href":"https:\/\/nublo.tv\/index.php\/wp-json\/wp\/v2\/posts\/320\/revisions"}],"predecessor-version":[{"id":465,"href":"https:\/\/nublo.tv\/index.php\/wp-json\/wp\/v2\/posts\/320\/revisions\/465"}],"wp:featuredmedia":[{"embeddable":true,"href":"https:\/\/nublo.tv\/index.php\/wp-json\/wp\/v2\/media\/322"}],"wp:attachment":[{"href":"https:\/\/nublo.tv\/index.php\/wp-json\/wp\/v2\/media?parent=320"}],"wp:term":[{"taxonomy":"category","embeddable":true,"href":"https:\/\/nublo.tv\/index.php\/wp-json\/wp\/v2\/categories?post=320"},{"taxonomy":"post_tag","embeddable":true,"href":"https:\/\/nublo.tv\/index.php\/wp-json\/wp\/v2\/tags?post=320"}],"curies":[{"name":"wp","href":"https:\/\/api.w.org\/{rel}","templated":true}]}}